{"id":8689,"date":"2025-07-23T01:56:41","date_gmt":"2025-07-23T01:56:41","guid":{"rendered":"https:\/\/prensa.sma.gob.ar\/?p=8689"},"modified":"2025-07-23T01:56:41","modified_gmt":"2025-07-23T01:56:41","slug":"la-ministra-corroza-y-el-intendente-saloniti-inauguraron-el-nuevo-sistema-de-iluminacion-publica-en-los-radales","status":"publish","type":"post","link":"https:\/\/prensa.sma.gob.ar\/?p=8689","title":{"rendered":"La ministra Corroza y el intendente Saloniti inauguraron el nuevo sistema de iluminaci\u00f3n p\u00fablica en Los Radales"},"content":{"rendered":"\n<p>El barrio Los Radales-Covisal se convirti\u00f3 en el primero de San Mart\u00edn de los Andes en recibir las nuevas luces LED del alumbrado p\u00fablico, cuya primera etapa qued\u00f3 inaugurada durante un acto que se coron\u00f3 con aplausos y la alegr\u00eda de vecinas y vecinos.<\/p>\n\n\n\n<p>El encendido oficial del nuevo sistema LED se realiz\u00f3 este s\u00e1bado en el play\u00f3n del barrio, encabezado por la ministra de Desarrollo Humano, Gobiernos Locales y Mujeres de la provincia de Neuqu\u00e9n, Julieta Corroza; el intendente Carlos Saloniti y el presidente del Ente Provincial de Energ\u00eda del Neuqu\u00e9n, EPEN, Mario Moya; funcionarios municipales y concejales.<\/p>\n\n\n\n<p>San Mart\u00edn de los Andes y otros municipios suscribieron en marzo pasado con el gobernador Rolando Figueroa el Plan Provincial de Alumbrado Eficiente, que sustituir\u00e1 las luminarias actuales por sistemas LED en calles y accesos de todas las localidades neuquinas, para alcanzar mayor eficiencia y menor consumo.<\/p>\n\n\n\n<p>Acompa\u00f1aron el acto en Los Radales-Covisal la delegada provincial para la regi\u00f3n Lagos del Sur, Eliana Rivera; la concejal Mar\u00eda Laura Da Pieve, los secretarios de Hacienda, Mat\u00edas Consoli, y de Obras y servicios P\u00fablicos, H\u00e9ctor Dur\u00e1n; la subsecretaria de Juntas Vecinales, Lorena Gonz\u00e1lez; y el director de Seguridad Ciudadana, Mauricio Troncoso, personal del EPEN, y vecinas y vecinos del barrio.<\/p>\n\n\n\n<figure class=\"wp-block-gallery has-nested-images columns-default is-cropped wp-block-gallery-1 is-layout-flex wp-block-gallery-is-layout-flex\">\n<figure class=\"wp-block-image size-large\"><img loading=\"lazy\" decoding=\"async\" width=\"1024\" height=\"594\" data-id=\"8690\" src=\"https:\/\/prensa.sma.gob.ar\/wp-content\/uploads\/2025\/07\/11-1024x594.jpg\" alt=\"\" class=\"wp-image-8690\" srcset=\"https:\/\/prensa.sma.gob.ar\/wp-content\/uploads\/2025\/07\/11-1024x594.jpg 1024w, https:\/\/prensa.sma.gob.ar\/wp-content\/uploads\/2025\/07\/11-300x174.jpg 300w, https:\/\/prensa.sma.gob.ar\/wp-content\/uploads\/2025\/07\/11-768x445.jpg 768w, https:\/\/prensa.sma.gob.ar\/wp-content\/uploads\/2025\/07\/11-1536x891.jpg 1536w, https:\/\/prensa.sma.gob.ar\/wp-content\/uploads\/2025\/07\/11-724x420.jpg 724w, https:\/\/prensa.sma.gob.ar\/wp-content\/uploads\/2025\/07\/11-696x404.jpg 696w, https:\/\/prensa.sma.gob.ar\/wp-content\/uploads\/2025\/07\/11-1068x619.jpg 1068w, https:\/\/prensa.sma.gob.ar\/wp-content\/uploads\/2025\/07\/11.jpg 1600w\" sizes=\"auto, (max-width: 1024px) 100vw, 1024px\" \/><\/figure>\n\n\n\n<figure class=\"wp-block-image size-large\"><img loading=\"lazy\" decoding=\"async\" width=\"1024\" height=\"576\" data-id=\"8692\" src=\"https:\/\/prensa.sma.gob.ar\/wp-content\/uploads\/2025\/07\/13-1024x576.jpg\" alt=\"\" class=\"wp-image-8692\" srcset=\"https:\/\/prensa.sma.gob.ar\/wp-content\/uploads\/2025\/07\/13-1024x576.jpg 1024w, https:\/\/prensa.sma.gob.ar\/wp-content\/uploads\/2025\/07\/13-300x169.jpg 300w, https:\/\/prensa.sma.gob.ar\/wp-content\/uploads\/2025\/07\/13-768x432.jpg 768w, https:\/\/prensa.sma.gob.ar\/wp-content\/uploads\/2025\/07\/13-1536x864.jpg 1536w, https:\/\/prensa.sma.gob.ar\/wp-content\/uploads\/2025\/07\/13-747x420.jpg 747w, https:\/\/prensa.sma.gob.ar\/wp-content\/uploads\/2025\/07\/13-696x392.jpg 696w, https:\/\/prensa.sma.gob.ar\/wp-content\/uploads\/2025\/07\/13-1068x601.jpg 1068w, https:\/\/prensa.sma.gob.ar\/wp-content\/uploads\/2025\/07\/13.jpg 1600w\" sizes=\"auto, (max-width: 1024px) 100vw, 1024px\" \/><\/figure>\n\n\n\n<figure class=\"wp-block-image size-large\"><img loading=\"lazy\" decoding=\"async\" width=\"1024\" height=\"576\" data-id=\"8693\" src=\"https:\/\/prensa.sma.gob.ar\/wp-content\/uploads\/2025\/07\/14-1024x576.jpg\" alt=\"\" class=\"wp-image-8693\" srcset=\"https:\/\/prensa.sma.gob.ar\/wp-content\/uploads\/2025\/07\/14-1024x576.jpg 1024w, https:\/\/prensa.sma.gob.ar\/wp-content\/uploads\/2025\/07\/14-300x169.jpg 300w, https:\/\/prensa.sma.gob.ar\/wp-content\/uploads\/2025\/07\/14-768x432.jpg 768w, https:\/\/prensa.sma.gob.ar\/wp-content\/uploads\/2025\/07\/14-1536x864.jpg 1536w, https:\/\/prensa.sma.gob.ar\/wp-content\/uploads\/2025\/07\/14-747x420.jpg 747w, https:\/\/prensa.sma.gob.ar\/wp-content\/uploads\/2025\/07\/14-696x392.jpg 696w, https:\/\/prensa.sma.gob.ar\/wp-content\/uploads\/2025\/07\/14-1068x601.jpg 1068w, https:\/\/prensa.sma.gob.ar\/wp-content\/uploads\/2025\/07\/14.jpg 1600w\" sizes=\"auto, (max-width: 1024px) 100vw, 1024px\" \/><\/figure>\n\n\n\n<figure class=\"wp-block-image size-large\"><img loading=\"lazy\" decoding=\"async\" width=\"1024\" height=\"576\" data-id=\"8707\" src=\"https:\/\/prensa.sma.gob.ar\/wp-content\/uploads\/2025\/07\/18-1-1024x576.jpg\" alt=\"\" class=\"wp-image-8707\" srcset=\"https:\/\/prensa.sma.gob.ar\/wp-content\/uploads\/2025\/07\/18-1-1024x576.jpg 1024w, https:\/\/prensa.sma.gob.ar\/wp-content\/uploads\/2025\/07\/18-1-300x169.jpg 300w, https:\/\/prensa.sma.gob.ar\/wp-content\/uploads\/2025\/07\/18-1-768x432.jpg 768w, https:\/\/prensa.sma.gob.ar\/wp-content\/uploads\/2025\/07\/18-1-1536x864.jpg 1536w, https:\/\/prensa.sma.gob.ar\/wp-content\/uploads\/2025\/07\/18-1-747x420.jpg 747w, https:\/\/prensa.sma.gob.ar\/wp-content\/uploads\/2025\/07\/18-1-696x392.jpg 696w, https:\/\/prensa.sma.gob.ar\/wp-content\/uploads\/2025\/07\/18-1-1068x601.jpg 1068w, https:\/\/prensa.sma.gob.ar\/wp-content\/uploads\/2025\/07\/18-1.jpg 1600w\" sizes=\"auto, (max-width: 1024px) 100vw, 1024px\" \/><\/figure>\n\n\n\n<figure class=\"wp-block-image size-large\"><img loading=\"lazy\" decoding=\"async\" width=\"1024\" height=\"576\" data-id=\"8696\" src=\"https:\/\/prensa.sma.gob.ar\/wp-content\/uploads\/2025\/07\/17-1024x576.jpg\" alt=\"\" class=\"wp-image-8696\" srcset=\"https:\/\/prensa.sma.gob.ar\/wp-content\/uploads\/2025\/07\/17-1024x576.jpg 1024w, https:\/\/prensa.sma.gob.ar\/wp-content\/uploads\/2025\/07\/17-300x169.jpg 300w, https:\/\/prensa.sma.gob.ar\/wp-content\/uploads\/2025\/07\/17-768x432.jpg 768w, https:\/\/prensa.sma.gob.ar\/wp-content\/uploads\/2025\/07\/17-1536x864.jpg 1536w, https:\/\/prensa.sma.gob.ar\/wp-content\/uploads\/2025\/07\/17-747x420.jpg 747w, https:\/\/prensa.sma.gob.ar\/wp-content\/uploads\/2025\/07\/17-696x392.jpg 696w, https:\/\/prensa.sma.gob.ar\/wp-content\/uploads\/2025\/07\/17-1068x601.jpg 1068w, https:\/\/prensa.sma.gob.ar\/wp-content\/uploads\/2025\/07\/17.jpg 1600w\" sizes=\"auto, (max-width: 1024px) 100vw, 1024px\" \/><\/figure>\n\n\n\n<figure class=\"wp-block-image size-large\"><img loading=\"lazy\" decoding=\"async\" width=\"1024\" height=\"593\" data-id=\"8694\" src=\"https:\/\/prensa.sma.gob.ar\/wp-content\/uploads\/2025\/07\/15-1024x593.jpg\" alt=\"\" class=\"wp-image-8694\" srcset=\"https:\/\/prensa.sma.gob.ar\/wp-content\/uploads\/2025\/07\/15-1024x593.jpg 1024w, https:\/\/prensa.sma.gob.ar\/wp-content\/uploads\/2025\/07\/15-300x174.jpg 300w, https:\/\/prensa.sma.gob.ar\/wp-content\/uploads\/2025\/07\/15-768x444.jpg 768w, https:\/\/prensa.sma.gob.ar\/wp-content\/uploads\/2025\/07\/15-1536x889.jpg 1536w, https:\/\/prensa.sma.gob.ar\/wp-content\/uploads\/2025\/07\/15-726x420.jpg 726w, https:\/\/prensa.sma.gob.ar\/wp-content\/uploads\/2025\/07\/15-696x403.jpg 696w, https:\/\/prensa.sma.gob.ar\/wp-content\/uploads\/2025\/07\/15-1068x618.jpg 1068w, https:\/\/prensa.sma.gob.ar\/wp-content\/uploads\/2025\/07\/15.jpg 1600w\" sizes=\"auto, (max-width: 1024px) 100vw, 1024px\" \/><\/figure>\n<\/figure>\n\n\n\n<p>Durante el acto, el intendente Saloniti agradeci\u00f3 a las vecinas y vecinos, a la Junta Vecinal del barrio y al Gobierno provincial por haber tomado esta iniciativa que mejora la vida de la comunidad.<\/p>\n\n\n\n<p>Record\u00f3 que \u201ceste fue el primer barrio en el que se decidi\u00f3 comenzar a recambiar las luces LED. Covisal es un barrio muy querido por todos, sab\u00edamos que necesitaba este recambio\u201d. Anunci\u00f3 que \u201cdespu\u00e9s, vamos a seguir por Alihuen Alto, Alihuen bajo, El Arenal y luego el resto de los barrios\u201d y record\u00f3 que se trata de \u201cun programa de la Provincia que en San Mart\u00edn de los Andes significar\u00e1 el recambio de 3.500 luminarias\u201d.<\/p>\n\n\n\n<p>La presidenta de la Junta Vecinal, Mariela Calder\u00f3n, acompa\u00f1ada Roxi, Gretel, Graciela y otras vecinas y vecinos, agradeci\u00f3 el trabajo y destac\u00f3 la importancia de esta nueva iluminaci\u00f3n. \u201cDesde la Junta Vecinal, estamos muy agradecidos por haber sido elegidos como el primer barrio en recambiar las luminarias. Luego de 35 a\u00f1os que tiene este barrio, se merec\u00eda un cambio de cara y la luz ayuda mucho a esto\u201d, afirm\u00f3.<\/p>\n\n\n\n<p>Mariela destac\u00f3 que las luces LED \u201ccambian mucho, hay mejor visibilidad, esta luz ayuda a la seguridad, ahora nos vemos todos\u201d. Agreg\u00f3 que la iluminaci\u00f3n del play\u00f3n tambi\u00e9n es importante para el barrio. \u201cLos chicos tambi\u00e9n est\u00e1n muy agradecidos porque pueden usar el play\u00f3n\u201d, afirm\u00f3.<\/p>\n\n\n\n<p>Mario Moya, presidente del EPEN, inform\u00f3 que \u201cestamos dando inicio formal de este plan que lanz\u00f3 el gobierno provincial, que prev\u00e9 el recambio de m\u00e1s de 50.000 luminarias\u201d y destac\u00f3 que \u201cen San Mart\u00edn de los Andes implica una inversi\u00f3n de 1.500 millones de pesos, que se hace con recupero\u201d.<\/p>\n\n\n\n<p>Se\u00f1al\u00f3 que \u201cen la primera etapa de Covisal recambiamos 88 luminarias, nos quedan 180 luminarias para una segunda etapa en las pr\u00f3ximas semanas y la idea es hacer el recambio en toda la localidad en menos de un a\u00f1o.<\/p>\n\n\n\n<p>Moya agradeci\u00f3 \u201cal Municipio y a los concejales por apoyar esta iniciativa\u201d y record\u00f3 que \u201cjunto con otros municipios de la Provincia, fueron los primeros en aprobar este proyecto\u201d. Tambi\u00e9n agradeci\u00f3 al Gobierno provincial por confiar en el EPEN, en los trabajadores provinciales, muchos de ellos son vecinos, que trabajaron a\u00fan en d\u00edas de lluvia para avanzar cuanto antes\u201d.<\/p>\n\n\n\n<p>La ministra Corroza destac\u00f3 agradeci\u00f3 \u201ca los trabajadores en nombre del gobernador, Rolando Figueroa, y del equipo provincial y al EPEN porque es una empresa p\u00fablica, del Estado, que queremos cuidarla, que la queremos defender porque nadie mejor que las empresas del Estado para saber lo que se necesita en Neuqu\u00e9n\u201d.<\/p>\n\n\n\n<p>Corroza felicit\u00f3 al intendente Saloniti y a los concejales y destac\u00f3 que este \u201ces el claro ejemplo de que, cuando trabajos en equipo, Municipios, Provincia, las empresas p\u00fablicas, podemos mejorarle la calidad de vida a toda la gente, ese es nuestro gran objetivo: que todos los neuquinos y todas las neuquinas podamos vivir mejor. La ministra complet\u00f3: \u201ccomo bien lo dijo la presidenta de la Comisi\u00f3n Vecinal, las nuevas luces nos dan seguridad, nos da un lugar con m\u00e1s luz\u201d y destac\u00f3 que \u201cdonde hay oscuridad, ponemos luz\u201d.<\/p>\n\n\n\n<figure class=\"wp-block-gallery has-nested-images columns-default is-cropped wp-block-gallery-2 is-layout-flex wp-block-gallery-is-layout-flex\">\n<figure class=\"wp-block-image size-large\"><img loading=\"lazy\" decoding=\"async\" width=\"1024\" height=\"591\" data-id=\"8706\" src=\"https:\/\/prensa.sma.gob.ar\/wp-content\/uploads\/2025\/07\/29-1024x591.jpg\" alt=\"\" class=\"wp-image-8706\" srcset=\"https:\/\/prensa.sma.gob.ar\/wp-content\/uploads\/2025\/07\/29-1024x591.jpg 1024w, https:\/\/prensa.sma.gob.ar\/wp-content\/uploads\/2025\/07\/29-300x173.jpg 300w, https:\/\/prensa.sma.gob.ar\/wp-content\/uploads\/2025\/07\/29-768x444.jpg 768w, https:\/\/prensa.sma.gob.ar\/wp-content\/uploads\/2025\/07\/29-1536x887.jpg 1536w, https:\/\/prensa.sma.gob.ar\/wp-content\/uploads\/2025\/07\/29-727x420.jpg 727w, https:\/\/prensa.sma.gob.ar\/wp-content\/uploads\/2025\/07\/29-696x402.jpg 696w, https:\/\/prensa.sma.gob.ar\/wp-content\/uploads\/2025\/07\/29-1068x617.jpg 1068w, https:\/\/prensa.sma.gob.ar\/wp-content\/uploads\/2025\/07\/29.jpg 1600w\" sizes=\"auto, (max-width: 1024px) 100vw, 1024px\" \/><\/figure>\n\n\n\n<figure class=\"wp-block-image size-large\"><img loading=\"lazy\" decoding=\"async\" width=\"1024\" height=\"584\" data-id=\"8705\" src=\"https:\/\/prensa.sma.gob.ar\/wp-content\/uploads\/2025\/07\/28-1024x584.jpg\" alt=\"\" class=\"wp-image-8705\" srcset=\"https:\/\/prensa.sma.gob.ar\/wp-content\/uploads\/2025\/07\/28-1024x584.jpg 1024w, https:\/\/prensa.sma.gob.ar\/wp-content\/uploads\/2025\/07\/28-300x171.jpg 300w, https:\/\/prensa.sma.gob.ar\/wp-content\/uploads\/2025\/07\/28-768x438.jpg 768w, https:\/\/prensa.sma.gob.ar\/wp-content\/uploads\/2025\/07\/28-1536x876.jpg 1536w, https:\/\/prensa.sma.gob.ar\/wp-content\/uploads\/2025\/07\/28-737x420.jpg 737w, https:\/\/prensa.sma.gob.ar\/wp-content\/uploads\/2025\/07\/28-696x397.jpg 696w, https:\/\/prensa.sma.gob.ar\/wp-content\/uploads\/2025\/07\/28-1068x609.jpg 1068w, https:\/\/prensa.sma.gob.ar\/wp-content\/uploads\/2025\/07\/28.jpg 1600w\" sizes=\"auto, (max-width: 1024px) 100vw, 1024px\" \/><\/figure>\n\n\n\n<figure class=\"wp-block-image size-large\"><img loading=\"lazy\" decoding=\"async\" width=\"1024\" height=\"622\" data-id=\"8704\" src=\"https:\/\/prensa.sma.gob.ar\/wp-content\/uploads\/2025\/07\/26-1024x622.jpg\" alt=\"\" class=\"wp-image-8704\" srcset=\"https:\/\/prensa.sma.gob.ar\/wp-content\/uploads\/2025\/07\/26-1024x622.jpg 1024w, https:\/\/prensa.sma.gob.ar\/wp-content\/uploads\/2025\/07\/26-300x182.jpg 300w, https:\/\/prensa.sma.gob.ar\/wp-content\/uploads\/2025\/07\/26-768x467.jpg 768w, https:\/\/prensa.sma.gob.ar\/wp-content\/uploads\/2025\/07\/26-1536x933.jpg 1536w, https:\/\/prensa.sma.gob.ar\/wp-content\/uploads\/2025\/07\/26-691x420.jpg 691w, https:\/\/prensa.sma.gob.ar\/wp-content\/uploads\/2025\/07\/26-696x423.jpg 696w, https:\/\/prensa.sma.gob.ar\/wp-content\/uploads\/2025\/07\/26-1068x649.jpg 1068w, https:\/\/prensa.sma.gob.ar\/wp-content\/uploads\/2025\/07\/26.jpg 1600w\" sizes=\"auto, (max-width: 1024px) 100vw, 1024px\" \/><\/figure>\n\n\n\n<figure class=\"wp-block-image size-large\"><img loading=\"lazy\" decoding=\"async\" width=\"1024\" height=\"576\" data-id=\"8703\" src=\"https:\/\/prensa.sma.gob.ar\/wp-content\/uploads\/2025\/07\/24-1024x576.jpg\" alt=\"\" class=\"wp-image-8703\" srcset=\"https:\/\/prensa.sma.gob.ar\/wp-content\/uploads\/2025\/07\/24-1024x576.jpg 1024w, https:\/\/prensa.sma.gob.ar\/wp-content\/uploads\/2025\/07\/24-300x169.jpg 300w, https:\/\/prensa.sma.gob.ar\/wp-content\/uploads\/2025\/07\/24-768x432.jpg 768w, https:\/\/prensa.sma.gob.ar\/wp-content\/uploads\/2025\/07\/24-1536x864.jpg 1536w, https:\/\/prensa.sma.gob.ar\/wp-content\/uploads\/2025\/07\/24-747x420.jpg 747w, https:\/\/prensa.sma.gob.ar\/wp-content\/uploads\/2025\/07\/24-696x392.jpg 696w, https:\/\/prensa.sma.gob.ar\/wp-content\/uploads\/2025\/07\/24-1068x601.jpg 1068w, https:\/\/prensa.sma.gob.ar\/wp-content\/uploads\/2025\/07\/24.jpg 1600w\" sizes=\"auto, (max-width: 1024px) 100vw, 1024px\" \/><\/figure>\n\n\n\n<figure class=\"wp-block-image size-large\"><img loading=\"lazy\" decoding=\"async\" width=\"1024\" height=\"568\" data-id=\"8702\" src=\"https:\/\/prensa.sma.gob.ar\/wp-content\/uploads\/2025\/07\/23-1024x568.jpg\" alt=\"\" class=\"wp-image-8702\" srcset=\"https:\/\/prensa.sma.gob.ar\/wp-content\/uploads\/2025\/07\/23-1024x568.jpg 1024w, https:\/\/prensa.sma.gob.ar\/wp-content\/uploads\/2025\/07\/23-300x167.jpg 300w, https:\/\/prensa.sma.gob.ar\/wp-content\/uploads\/2025\/07\/23-768x426.jpg 768w, https:\/\/prensa.sma.gob.ar\/wp-content\/uploads\/2025\/07\/23-1536x852.jpg 1536w, https:\/\/prensa.sma.gob.ar\/wp-content\/uploads\/2025\/07\/23-757x420.jpg 757w, https:\/\/prensa.sma.gob.ar\/wp-content\/uploads\/2025\/07\/23-696x386.jpg 696w, https:\/\/prensa.sma.gob.ar\/wp-content\/uploads\/2025\/07\/23-1068x593.jpg 1068w, https:\/\/prensa.sma.gob.ar\/wp-content\/uploads\/2025\/07\/23.jpg 1600w\" sizes=\"auto, (max-width: 1024px) 100vw, 1024px\" \/><\/figure>\n\n\n\n<figure class=\"wp-block-image size-large\"><img loading=\"lazy\" decoding=\"async\" width=\"1024\" height=\"586\" data-id=\"8701\" src=\"https:\/\/prensa.sma.gob.ar\/wp-content\/uploads\/2025\/07\/22-1024x586.jpg\" alt=\"\" class=\"wp-image-8701\" srcset=\"https:\/\/prensa.sma.gob.ar\/wp-content\/uploads\/2025\/07\/22-1024x586.jpg 1024w, https:\/\/prensa.sma.gob.ar\/wp-content\/uploads\/2025\/07\/22-300x172.jpg 300w, https:\/\/prensa.sma.gob.ar\/wp-content\/uploads\/2025\/07\/22-768x440.jpg 768w, https:\/\/prensa.sma.gob.ar\/wp-content\/uploads\/2025\/07\/22-1536x879.jpg 1536w, https:\/\/prensa.sma.gob.ar\/wp-content\/uploads\/2025\/07\/22-734x420.jpg 734w, https:\/\/prensa.sma.gob.ar\/wp-content\/uploads\/2025\/07\/22-696x398.jpg 696w, https:\/\/prensa.sma.gob.ar\/wp-content\/uploads\/2025\/07\/22-1068x611.jpg 1068w, https:\/\/prensa.sma.gob.ar\/wp-content\/uploads\/2025\/07\/22.jpg 1600w\" sizes=\"auto, (max-width: 1024px) 100vw, 1024px\" \/><\/figure>\n\n\n\n<figure class=\"wp-block-image size-large\"><img loading=\"lazy\" decoding=\"async\" width=\"1024\" height=\"576\" data-id=\"8700\" src=\"https:\/\/prensa.sma.gob.ar\/wp-content\/uploads\/2025\/07\/21-1024x576.jpg\" alt=\"\" class=\"wp-image-8700\" srcset=\"https:\/\/prensa.sma.gob.ar\/wp-content\/uploads\/2025\/07\/21-1024x576.jpg 1024w, https:\/\/prensa.sma.gob.ar\/wp-content\/uploads\/2025\/07\/21-300x169.jpg 300w, https:\/\/prensa.sma.gob.ar\/wp-content\/uploads\/2025\/07\/21-768x432.jpg 768w, https:\/\/prensa.sma.gob.ar\/wp-content\/uploads\/2025\/07\/21-1536x864.jpg 1536w, https:\/\/prensa.sma.gob.ar\/wp-content\/uploads\/2025\/07\/21-747x420.jpg 747w, https:\/\/prensa.sma.gob.ar\/wp-content\/uploads\/2025\/07\/21-696x392.jpg 696w, https:\/\/prensa.sma.gob.ar\/wp-content\/uploads\/2025\/07\/21-1068x601.jpg 1068w, https:\/\/prensa.sma.gob.ar\/wp-content\/uploads\/2025\/07\/21.jpg 1600w\" sizes=\"auto, (max-width: 1024px) 100vw, 1024px\" \/><\/figure>\n\n\n\n<figure class=\"wp-block-image size-large\"><img loading=\"lazy\" decoding=\"async\" width=\"1024\" height=\"564\" data-id=\"8699\" src=\"https:\/\/prensa.sma.gob.ar\/wp-content\/uploads\/2025\/07\/20-1024x564.jpg\" alt=\"\" class=\"wp-image-8699\" srcset=\"https:\/\/prensa.sma.gob.ar\/wp-content\/uploads\/2025\/07\/20-1024x564.jpg 1024w, https:\/\/prensa.sma.gob.ar\/wp-content\/uploads\/2025\/07\/20-300x165.jpg 300w, https:\/\/prensa.sma.gob.ar\/wp-content\/uploads\/2025\/07\/20-768x423.jpg 768w, https:\/\/prensa.sma.gob.ar\/wp-content\/uploads\/2025\/07\/20-1536x847.jpg 1536w, https:\/\/prensa.sma.gob.ar\/wp-content\/uploads\/2025\/07\/20-762x420.jpg 762w, https:\/\/prensa.sma.gob.ar\/wp-content\/uploads\/2025\/07\/20-696x384.jpg 696w, https:\/\/prensa.sma.gob.ar\/wp-content\/uploads\/2025\/07\/20-1068x589.jpg 1068w, https:\/\/prensa.sma.gob.ar\/wp-content\/uploads\/2025\/07\/20.jpg 1600w\" sizes=\"auto, (max-width: 1024px) 100vw, 1024px\" \/><\/figure>\n\n\n\n<figure class=\"wp-block-image size-large\"><img loading=\"lazy\" decoding=\"async\" width=\"1024\" height=\"576\" data-id=\"8698\" src=\"https:\/\/prensa.sma.gob.ar\/wp-content\/uploads\/2025\/07\/19-1024x576.jpg\" alt=\"\" class=\"wp-image-8698\" srcset=\"https:\/\/prensa.sma.gob.ar\/wp-content\/uploads\/2025\/07\/19-1024x576.jpg 1024w, https:\/\/prensa.sma.gob.ar\/wp-content\/uploads\/2025\/07\/19-300x169.jpg 300w, https:\/\/prensa.sma.gob.ar\/wp-content\/uploads\/2025\/07\/19-768x432.jpg 768w, https:\/\/prensa.sma.gob.ar\/wp-content\/uploads\/2025\/07\/19-1536x864.jpg 1536w, https:\/\/prensa.sma.gob.ar\/wp-content\/uploads\/2025\/07\/19-747x420.jpg 747w, https:\/\/prensa.sma.gob.ar\/wp-content\/uploads\/2025\/07\/19-696x392.jpg 696w, https:\/\/prensa.sma.gob.ar\/wp-content\/uploads\/2025\/07\/19-1068x601.jpg 1068w, https:\/\/prensa.sma.gob.ar\/wp-content\/uploads\/2025\/07\/19.jpg 1600w\" sizes=\"auto, (max-width: 1024px) 100vw, 1024px\" \/><\/figure>\n\n\n\n<figure class=\"wp-block-image size-large\"><img loading=\"lazy\" decoding=\"async\" width=\"1024\" height=\"605\" data-id=\"8695\" src=\"https:\/\/prensa.sma.gob.ar\/wp-content\/uploads\/2025\/07\/16-1024x605.jpg\" alt=\"\" class=\"wp-image-8695\" srcset=\"https:\/\/prensa.sma.gob.ar\/wp-content\/uploads\/2025\/07\/16-1024x605.jpg 1024w, https:\/\/prensa.sma.gob.ar\/wp-content\/uploads\/2025\/07\/16-300x177.jpg 300w, https:\/\/prensa.sma.gob.ar\/wp-content\/uploads\/2025\/07\/16-768x454.jpg 768w, https:\/\/prensa.sma.gob.ar\/wp-content\/uploads\/2025\/07\/16-1536x908.jpg 1536w, https:\/\/prensa.sma.gob.ar\/wp-content\/uploads\/2025\/07\/16-710x420.jpg 710w, https:\/\/prensa.sma.gob.ar\/wp-content\/uploads\/2025\/07\/16-696x412.jpg 696w, https:\/\/prensa.sma.gob.ar\/wp-content\/uploads\/2025\/07\/16-1068x631.jpg 1068w, https:\/\/prensa.sma.gob.ar\/wp-content\/uploads\/2025\/07\/16.jpg 1600w\" sizes=\"auto, (max-width: 1024px) 100vw, 1024px\" \/><\/figure>\n<\/figure>\n","protected":false},"excerpt":{"rendered":"<p>El barrio Los Radales-Covisal se convirti\u00f3 en el primero de San Mart\u00edn de los Andes en recibir las nuevas luces LED del alumbrado p\u00fablico, cuya primera etapa qued\u00f3 inaugurada durante un acto que se coron\u00f3 con aplausos y la alegr\u00eda de vecinas y vecinos. El encendido oficial del nuevo sistema LED se realiz\u00f3 este s\u00e1bado [&hellip;]<\/p>\n","protected":false},"author":2,"featured_media":8691,"comment_status":"closed","ping_status":"open","sticky":false,"template":"","format":"standard","meta":{"footnotes":""},"categories":[45,39,14,17],"tags":[],"class_list":{"0":"post-8689","1":"post","2":"type-post","3":"status-publish","4":"format-standard","5":"has-post-thumbnail","7":"category-ambiente","8":"category-subs-juntas-vecinales","9":"category-noticias","10":"category-portada"},"_links":{"self":[{"href":"https:\/\/prensa.sma.gob.ar\/index.php?rest_route=\/wp\/v2\/posts\/8689","targetHints":{"allow":["GET"]}}],"collection":[{"href":"https:\/\/prensa.sma.gob.ar\/index.php?rest_route=\/wp\/v2\/posts"}],"about":[{"href":"https:\/\/prensa.sma.gob.ar\/index.php?rest_route=\/wp\/v2\/types\/post"}],"author":[{"embeddable":true,"href":"https:\/\/prensa.sma.gob.ar\/index.php?rest_route=\/wp\/v2\/users\/2"}],"replies":[{"embeddable":true,"href":"https:\/\/prensa.sma.gob.ar\/index.php?rest_route=%2Fwp%2Fv2%2Fcomments&post=8689"}],"version-history":[{"count":1,"href":"https:\/\/prensa.sma.gob.ar\/index.php?rest_route=\/wp\/v2\/posts\/8689\/revisions"}],"predecessor-version":[{"id":8708,"href":"https:\/\/prensa.sma.gob.ar\/index.php?rest_route=\/wp\/v2\/posts\/8689\/revisions\/8708"}],"wp:featuredmedia":[{"embeddable":true,"href":"https:\/\/prensa.sma.gob.ar\/index.php?rest_route=\/wp\/v2\/media\/8691"}],"wp:attachment":[{"href":"https:\/\/prensa.sma.gob.ar\/index.php?rest_route=%2Fwp%2Fv2%2Fmedia&parent=8689"}],"wp:term":[{"taxonomy":"category","embeddable":true,"href":"https:\/\/prensa.sma.gob.ar\/index.php?rest_route=%2Fwp%2Fv2%2Fcategories&post=8689"},{"taxonomy":"post_tag","embeddable":true,"href":"https:\/\/prensa.sma.gob.ar\/index.php?rest_route=%2Fwp%2Fv2%2Ftags&post=8689"}],"curies":[{"name":"wp","href":"https:\/\/api.w.org\/{rel}","templated":true}]}}