{"id":870,"date":"2024-07-04T12:50:09","date_gmt":"2024-07-04T12:50:09","guid":{"rendered":"https:\/\/prensa.sma.gob.ar\/?p=870"},"modified":"2024-07-04T15:40:06","modified_gmt":"2024-07-04T15:40:06","slug":"la-comunidad-elaboro-su-agenda-de-discapacidad-y-movilidad-reducida","status":"publish","type":"post","link":"https:\/\/prensa.sma.gob.ar\/?p=870","title":{"rendered":"La comunidad elabor\u00f3 su agenda de discapacidad y movilidad reducida"},"content":{"rendered":"\n<p>La reciente jornada de trabajo y planificaci\u00f3n, organizada por la Subsecretar\u00eda de Gobierno del Municipio, permiti\u00f3 la elaboraci\u00f3n de una agenda de discapacidad y movilidad reducida para nuestra ciudad, que incluye el abordaje desde diferentes tem\u00e1ticas.<\/p>\n\n\n\n<p>La agenda se elabor\u00f3 tras las deliberaciones de vecinas y vecinos con concejales, funcionarios municipales y representantes de instituciones, en mesas de trabajo sobre Vivienda, Transporte y Tr\u00e1nsito, Deportes, Turismo, Accesibilidad, Educaci\u00f3n, Producci\u00f3n y Empleo, Cultura y Salud.<\/p>\n\n\n\n<p>A partir de ahora, la Subsecretar\u00eda de Gobierno del Municipio organizar\u00e1 mesas individuales por tem\u00e1ticas con los actores de la comunidad necesarios para avanzar en lo solicitado. Adem\u00e1s, en septiembre se realizar\u00e1 la segunda convocatoria para el Consejo de Discapacidad, mediante mesas de trabajo<\/p>\n\n\n\n<p>La jornada se estructur\u00f3 en mesas de trabajo con tem\u00e1ticas previamente establecidas, con el objetivo de concretar acciones y gestiones con resultados a corto plazo y planificar a mediano plazo.<\/p>\n\n\n\n<p>Durante el encuentro, que se realiz\u00f3 el pasado 28 de junio, en la Sala Municipal Lidaura Chapitel, la subsecretaria de Gobierno, Antonela Tabares, explic\u00f3 que la jornada se organiz\u00f3 en el marco de la Ordenanza N\u00b07900\/2008, que destaca la importancia de la Participaci\u00f3n Ciudadana para abordar la tem\u00e1tica de discapacidad y movilidad reducida.<\/p>\n\n\n\n<p>Fueron invitados especialmente a actores clave en la toma de decisiones y a toda la ciudadan\u00eda para visibilizar las diversas realidades. El encuentro reuni\u00f3 a representantes del Concejo Deliberante, de instituciones, funcionarios del Gobierno Municipal.<\/p>\n\n\n\n<p>\u201cEstas mesas surgieron del encuentro con los vecinos. Unificamos estas tem\u00e1ticas en base a las demandas, para armar una agenda de trabajo y elaborar propuestas razonables para aplicar en la gesti\u00f3n, tanto en la nuestra municipal como en la provincial\u201d, afirm\u00f3 Tabares.<\/p>\n\n\n\n<figure class=\"wp-block-gallery has-nested-images columns-default is-cropped wp-block-gallery-1 is-layout-flex wp-block-gallery-is-layout-flex\">\n<figure class=\"wp-block-image size-large\"><img loading=\"lazy\" decoding=\"async\" width=\"1024\" height=\"771\" data-id=\"871\" src=\"https:\/\/prensa.sma.gob.ar\/wp-content\/uploads\/2024\/07\/WhatsApp-Image-2024-07-04-at-09.38.04-1024x771.jpeg\" alt=\"\" class=\"wp-image-871\" srcset=\"https:\/\/prensa.sma.gob.ar\/wp-content\/uploads\/2024\/07\/WhatsApp-Image-2024-07-04-at-09.38.04-1024x771.jpeg 1024w, https:\/\/prensa.sma.gob.ar\/wp-content\/uploads\/2024\/07\/WhatsApp-Image-2024-07-04-at-09.38.04-300x226.jpeg 300w, https:\/\/prensa.sma.gob.ar\/wp-content\/uploads\/2024\/07\/WhatsApp-Image-2024-07-04-at-09.38.04-768x578.jpeg 768w, https:\/\/prensa.sma.gob.ar\/wp-content\/uploads\/2024\/07\/WhatsApp-Image-2024-07-04-at-09.38.04-1536x1156.jpeg 1536w, https:\/\/prensa.sma.gob.ar\/wp-content\/uploads\/2024\/07\/WhatsApp-Image-2024-07-04-at-09.38.04-558x420.jpeg 558w, https:\/\/prensa.sma.gob.ar\/wp-content\/uploads\/2024\/07\/WhatsApp-Image-2024-07-04-at-09.38.04-80x60.jpeg 80w, https:\/\/prensa.sma.gob.ar\/wp-content\/uploads\/2024\/07\/WhatsApp-Image-2024-07-04-at-09.38.04-696x524.jpeg 696w, https:\/\/prensa.sma.gob.ar\/wp-content\/uploads\/2024\/07\/WhatsApp-Image-2024-07-04-at-09.38.04-1068x804.jpeg 1068w, https:\/\/prensa.sma.gob.ar\/wp-content\/uploads\/2024\/07\/WhatsApp-Image-2024-07-04-at-09.38.04.jpeg 1600w\" sizes=\"auto, (max-width: 1024px) 100vw, 1024px\" \/><\/figure>\n\n\n\n<figure class=\"wp-block-image size-large\"><img loading=\"lazy\" decoding=\"async\" width=\"1024\" height=\"771\" data-id=\"872\" src=\"https:\/\/prensa.sma.gob.ar\/wp-content\/uploads\/2024\/07\/WhatsApp-Image-2024-07-04-at-09.38.032-1024x771.jpeg\" alt=\"\" class=\"wp-image-872\" srcset=\"https:\/\/prensa.sma.gob.ar\/wp-content\/uploads\/2024\/07\/WhatsApp-Image-2024-07-04-at-09.38.032-1024x771.jpeg 1024w, https:\/\/prensa.sma.gob.ar\/wp-content\/uploads\/2024\/07\/WhatsApp-Image-2024-07-04-at-09.38.032-300x226.jpeg 300w, https:\/\/prensa.sma.gob.ar\/wp-content\/uploads\/2024\/07\/WhatsApp-Image-2024-07-04-at-09.38.032-768x578.jpeg 768w, https:\/\/prensa.sma.gob.ar\/wp-content\/uploads\/2024\/07\/WhatsApp-Image-2024-07-04-at-09.38.032-1536x1156.jpeg 1536w, https:\/\/prensa.sma.gob.ar\/wp-content\/uploads\/2024\/07\/WhatsApp-Image-2024-07-04-at-09.38.032-558x420.jpeg 558w, https:\/\/prensa.sma.gob.ar\/wp-content\/uploads\/2024\/07\/WhatsApp-Image-2024-07-04-at-09.38.032-80x60.jpeg 80w, https:\/\/prensa.sma.gob.ar\/wp-content\/uploads\/2024\/07\/WhatsApp-Image-2024-07-04-at-09.38.032-696x524.jpeg 696w, https:\/\/prensa.sma.gob.ar\/wp-content\/uploads\/2024\/07\/WhatsApp-Image-2024-07-04-at-09.38.032-1068x804.jpeg 1068w, https:\/\/prensa.sma.gob.ar\/wp-content\/uploads\/2024\/07\/WhatsApp-Image-2024-07-04-at-09.38.032.jpeg 1600w\" sizes=\"auto, (max-width: 1024px) 100vw, 1024px\" \/><\/figure>\n\n\n\n<figure class=\"wp-block-image size-large\"><img loading=\"lazy\" decoding=\"async\" width=\"1024\" height=\"771\" data-id=\"873\" src=\"https:\/\/prensa.sma.gob.ar\/wp-content\/uploads\/2024\/07\/WhatsApp-Image-2024-07-04-at-09.38.031-1024x771.jpeg\" alt=\"\" class=\"wp-image-873\" srcset=\"https:\/\/prensa.sma.gob.ar\/wp-content\/uploads\/2024\/07\/WhatsApp-Image-2024-07-04-at-09.38.031-1024x771.jpeg 1024w, https:\/\/prensa.sma.gob.ar\/wp-content\/uploads\/2024\/07\/WhatsApp-Image-2024-07-04-at-09.38.031-300x226.jpeg 300w, https:\/\/prensa.sma.gob.ar\/wp-content\/uploads\/2024\/07\/WhatsApp-Image-2024-07-04-at-09.38.031-768x578.jpeg 768w, https:\/\/prensa.sma.gob.ar\/wp-content\/uploads\/2024\/07\/WhatsApp-Image-2024-07-04-at-09.38.031-1536x1156.jpeg 1536w, https:\/\/prensa.sma.gob.ar\/wp-content\/uploads\/2024\/07\/WhatsApp-Image-2024-07-04-at-09.38.031-558x420.jpeg 558w, https:\/\/prensa.sma.gob.ar\/wp-content\/uploads\/2024\/07\/WhatsApp-Image-2024-07-04-at-09.38.031-80x60.jpeg 80w, https:\/\/prensa.sma.gob.ar\/wp-content\/uploads\/2024\/07\/WhatsApp-Image-2024-07-04-at-09.38.031-696x524.jpeg 696w, https:\/\/prensa.sma.gob.ar\/wp-content\/uploads\/2024\/07\/WhatsApp-Image-2024-07-04-at-09.38.031-1068x804.jpeg 1068w, https:\/\/prensa.sma.gob.ar\/wp-content\/uploads\/2024\/07\/WhatsApp-Image-2024-07-04-at-09.38.031.jpeg 1600w\" sizes=\"auto, (max-width: 1024px) 100vw, 1024px\" \/><\/figure>\n<\/figure>\n\n\n\n<p><strong>La mesa de Empleo y Producci\u00f3n<\/strong> plante\u00f3 que el Programa Promover (actualmente desactivado) es una aproximaci\u00f3n al mundo del trabajo, pero queda en una experiencia temporaria sin llegar a la contrataci\u00f3n real. Reclam\u00f3 acciones pol\u00edticas Municipales y Provinciales que amparen a quienes quieren acompa\u00f1ar y trabajar en pos del empleo con apoyo. Tambi\u00e9n pidieron informaci\u00f3n clara y beneficio\/ incentivo al sector privado para que avancen en la contrataci\u00f3n de personas con discapacidad. Tambi\u00e9n afirmaron que, en el Centro de Formaci\u00f3n Profesional es muy dif\u00edcil que las personas puedan encontrar un lugar de pasant\u00eda para quienes terminan un curso all\u00ed. Afirmaron que los cursos de formaci\u00f3n profesional, que permiten trabajos independientes, pueden ser una alternativa para no encontrarse frente a la situaci\u00f3n de optar entre la pensi\u00f3n y un sueldo. Concluyeron que esta suele ser la principal raz\u00f3n para que las personas con discapacidad no accedan a un trabajo formal.<\/p>\n\n\n\n<p><strong>La Mesa de Deportes<\/strong> solicit\u00f3 articulaci\u00f3n entre la Direcci\u00f3n de Deportes y el \u00c1rea de Discapacidad. Pidieron, a trav\u00e9s de una encuesta conocer: cantidad de personas con discapacidad que hace deporte y a cu\u00e1ntas le gustar\u00eda hacer alguna actividad deportiva. Tambi\u00e9n determinar cu\u00e1ntas personas con discapacidad hacen esqu\u00ed y a trav\u00e9s de qu\u00e9 medios. Entre los objetivos para enero 2025, plantearon establecer un diagn\u00f3stico con la cantidad de personas practicando deporte; Oferta deportiva; y determinar qui\u00e9n es la persona de la Direcci\u00f3n de Deportes dedicada a la actividad deportiva para las personas con discapacidad. Tambi\u00e9n se plante\u00f3 la presentaci\u00f3n de la planificaci\u00f3n anual del deporte; el listado de Asociaciones que est\u00e1n trabajando con deporte adaptado; charlas sobre esqu\u00ed, funciones y funcionalidades.<\/p>\n\n\n\n<p><strong>La Mesa de Turismo<\/strong> pidi\u00f3 comunicaci\u00f3n e informaci\u00f3n a trav\u00e9s de carteler\u00eda, c\u00f3digos QR, redes sociales, campa\u00f1as de difusi\u00f3n en pantallas de garita o en la pantalla de Avenida San Mart\u00edn. Afirmaron la necesidad de reunir la informaci\u00f3n existente y darla a conocer. Sumar accesibilidad al pliego de concesi\u00f3n del Cerro Chapelco. Sumar accesibilidad de manera urgente al Aeropuerto. Generar redes con diferentes instituciones para facilitar las acciones (Parque Nacional Lanin, Municipalidad, organizaciones, etc). Garantizar las rampas de acceso y sillas anfibias en la playa de la Costanera del lago Lacar, en Playa Bonita y en Catritre.<\/p>\n\n\n\n<figure class=\"wp-block-gallery has-nested-images columns-default is-cropped wp-block-gallery-2 is-layout-flex wp-block-gallery-is-layout-flex\">\n<figure class=\"wp-block-image size-large\"><img loading=\"lazy\" decoding=\"async\" width=\"1024\" height=\"771\" data-id=\"874\" src=\"https:\/\/prensa.sma.gob.ar\/wp-content\/uploads\/2024\/07\/WhatsApp-Image-2024-07-04-at-09.38.03-1024x771.jpeg\" alt=\"\" class=\"wp-image-874\" srcset=\"https:\/\/prensa.sma.gob.ar\/wp-content\/uploads\/2024\/07\/WhatsApp-Image-2024-07-04-at-09.38.03-1024x771.jpeg 1024w, https:\/\/prensa.sma.gob.ar\/wp-content\/uploads\/2024\/07\/WhatsApp-Image-2024-07-04-at-09.38.03-300x226.jpeg 300w, https:\/\/prensa.sma.gob.ar\/wp-content\/uploads\/2024\/07\/WhatsApp-Image-2024-07-04-at-09.38.03-768x578.jpeg 768w, https:\/\/prensa.sma.gob.ar\/wp-content\/uploads\/2024\/07\/WhatsApp-Image-2024-07-04-at-09.38.03-1536x1156.jpeg 1536w, https:\/\/prensa.sma.gob.ar\/wp-content\/uploads\/2024\/07\/WhatsApp-Image-2024-07-04-at-09.38.03-558x420.jpeg 558w, https:\/\/prensa.sma.gob.ar\/wp-content\/uploads\/2024\/07\/WhatsApp-Image-2024-07-04-at-09.38.03-80x60.jpeg 80w, https:\/\/prensa.sma.gob.ar\/wp-content\/uploads\/2024\/07\/WhatsApp-Image-2024-07-04-at-09.38.03-696x524.jpeg 696w, https:\/\/prensa.sma.gob.ar\/wp-content\/uploads\/2024\/07\/WhatsApp-Image-2024-07-04-at-09.38.03-1068x804.jpeg 1068w, https:\/\/prensa.sma.gob.ar\/wp-content\/uploads\/2024\/07\/WhatsApp-Image-2024-07-04-at-09.38.03.jpeg 1600w\" sizes=\"auto, (max-width: 1024px) 100vw, 1024px\" \/><\/figure>\n\n\n\n<figure class=\"wp-block-image size-large\"><img loading=\"lazy\" decoding=\"async\" width=\"1024\" height=\"576\" data-id=\"875\" src=\"https:\/\/prensa.sma.gob.ar\/wp-content\/uploads\/2024\/07\/WhatsApp-Image-2024-06-28-at-15.27.271-1024x576.jpeg\" alt=\"\" class=\"wp-image-875\" srcset=\"https:\/\/prensa.sma.gob.ar\/wp-content\/uploads\/2024\/07\/WhatsApp-Image-2024-06-28-at-15.27.271-1024x576.jpeg 1024w, https:\/\/prensa.sma.gob.ar\/wp-content\/uploads\/2024\/07\/WhatsApp-Image-2024-06-28-at-15.27.271-300x169.jpeg 300w, https:\/\/prensa.sma.gob.ar\/wp-content\/uploads\/2024\/07\/WhatsApp-Image-2024-06-28-at-15.27.271-768x432.jpeg 768w, https:\/\/prensa.sma.gob.ar\/wp-content\/uploads\/2024\/07\/WhatsApp-Image-2024-06-28-at-15.27.271-1536x864.jpeg 1536w, https:\/\/prensa.sma.gob.ar\/wp-content\/uploads\/2024\/07\/WhatsApp-Image-2024-06-28-at-15.27.271-2048x1152.jpeg 2048w, https:\/\/prensa.sma.gob.ar\/wp-content\/uploads\/2024\/07\/WhatsApp-Image-2024-06-28-at-15.27.271-747x420.jpeg 747w, https:\/\/prensa.sma.gob.ar\/wp-content\/uploads\/2024\/07\/WhatsApp-Image-2024-06-28-at-15.27.271-696x392.jpeg 696w, https:\/\/prensa.sma.gob.ar\/wp-content\/uploads\/2024\/07\/WhatsApp-Image-2024-06-28-at-15.27.271-1068x601.jpeg 1068w, https:\/\/prensa.sma.gob.ar\/wp-content\/uploads\/2024\/07\/WhatsApp-Image-2024-06-28-at-15.27.271-1920x1080.jpeg 1920w\" sizes=\"auto, (max-width: 1024px) 100vw, 1024px\" \/><\/figure>\n\n\n\n<figure class=\"wp-block-image size-large\"><img loading=\"lazy\" decoding=\"async\" width=\"1024\" height=\"576\" data-id=\"876\" src=\"https:\/\/prensa.sma.gob.ar\/wp-content\/uploads\/2024\/07\/WhatsApp-Image-2024-06-28-at-15.27.27-1024x576.jpeg\" alt=\"\" class=\"wp-image-876\" srcset=\"https:\/\/prensa.sma.gob.ar\/wp-content\/uploads\/2024\/07\/WhatsApp-Image-2024-06-28-at-15.27.27-1024x576.jpeg 1024w, https:\/\/prensa.sma.gob.ar\/wp-content\/uploads\/2024\/07\/WhatsApp-Image-2024-06-28-at-15.27.27-300x169.jpeg 300w, https:\/\/prensa.sma.gob.ar\/wp-content\/uploads\/2024\/07\/WhatsApp-Image-2024-06-28-at-15.27.27-768x432.jpeg 768w, https:\/\/prensa.sma.gob.ar\/wp-content\/uploads\/2024\/07\/WhatsApp-Image-2024-06-28-at-15.27.27-1536x864.jpeg 1536w, https:\/\/prensa.sma.gob.ar\/wp-content\/uploads\/2024\/07\/WhatsApp-Image-2024-06-28-at-15.27.27-2048x1152.jpeg 2048w, https:\/\/prensa.sma.gob.ar\/wp-content\/uploads\/2024\/07\/WhatsApp-Image-2024-06-28-at-15.27.27-747x420.jpeg 747w, https:\/\/prensa.sma.gob.ar\/wp-content\/uploads\/2024\/07\/WhatsApp-Image-2024-06-28-at-15.27.27-696x392.jpeg 696w, https:\/\/prensa.sma.gob.ar\/wp-content\/uploads\/2024\/07\/WhatsApp-Image-2024-06-28-at-15.27.27-1068x601.jpeg 1068w, https:\/\/prensa.sma.gob.ar\/wp-content\/uploads\/2024\/07\/WhatsApp-Image-2024-06-28-at-15.27.27-1920x1080.jpeg 1920w\" sizes=\"auto, (max-width: 1024px) 100vw, 1024px\" \/><\/figure>\n<\/figure>\n\n\n\n<p><strong>La Mesa de Vivienda<\/strong> pidi\u00f3 instrumentar un eficiente recupero financiero e incluir al menos un lote para discapacidad, que tenga una estructura formal y responsable para recibir el bien inmueble. Plante\u00f3 tratar de gestionar alg\u00fan plan espec\u00edfico a trav\u00e9s de Corfone para dar soluci\u00f3n de ampliaci\u00f3n en casas de familiares de personas con discapacidad para dar posibilidad de una vivienda independiente. Y dar titularidad a la persona con discapacidad con usufructo de un familiar o responsable para evitar que sea vulnerado su derecho a la vivienda. Sostuvieron que cada persona con discapacidad deber\u00eda tener una persona de apoyo y pidieron promover que la vivienda asignada, ante la ausencia de esta, se re adjudique a otra persona con discapacidad. Tambi\u00e9n pidieron una reuni\u00f3n para interiorizarse del registro de demanda habitacional y ponderar las enfermedades cr\u00f3nicas que se suman a la discapacidad que acompleja las adaptaciones de las viviendas. Reafirmaron la necesidad de que la ayuda llegue a quien verdaderamente lo necesite. Pidieron accesibilidad del Instituto de la Vivienda y pensar c\u00f3mo resuelve una familia con persona con discapacidad a la que se le da lote con servicio para afrontar la construcci\u00f3n.<\/p>\n\n\n\n<p><strong>La Mesa de Tr\u00e1nsito y Transporte<\/strong> reclam\u00f3 rampas de discapacidad en el servicio urbano y se\u00f1alizaci\u00f3n de las unidades con carteles de color que identifique a cada l\u00ednea; y se\u00f1alizaci\u00f3n vertical y horizontal de las reservas de discapacidad y accesibilidad. Tambi\u00e9n pidi\u00f3 cuantificar la cantidad de personas que cuentan con Certificado \u00danico de Discapacidad. Y evaluar qu\u00e9 otras opciones de transporte existen para personas que quieran asistir a establecimientos educativos.<\/p>\n\n\n\n<p><strong>La Mesa de Salud<\/strong> plante\u00f3 irregularidades a la hora de gestionar el Certificado \u00danico de Discapacidad. Afirman que, en el 65% de los casos, los informes no comentan la situaci\u00f3n del paciente, la junta certifica las secuelas, pero no la enfermedad. Pidieron capacitaci\u00f3n para los profesionales de la Junta de manera permanente y apoyo a las ONGs que abrazan a los j\u00f3venes con discapacidad. Recordaron que, como Instituci\u00f3n de Salud Privada, Abriendo Caminos qued\u00f3 sin espacio propio para seguir atendiendo y que quedaron 200 familias sin prestaciones de salud privada. Plantearon que el acompa\u00f1amiento es de suma importancia para todo el entorno que lo necesita. Reiteraron que los aumentos y ajustes en el Nomenclado Nacional son una deuda eterna con las prestaciones, entendiendo el costo de vida en el sur. Existe una necesidad de que Salud P\u00fablica pueda recibir la demanda de las personas con Certificado \u00danico de Discapacidad sin obra social. La Mesa propuso una reuni\u00f3n con el Hospital local para debatir estos temas y sumar su mirada ante la realidad y articular acciones.<\/p>\n\n\n\n<figure class=\"wp-block-gallery has-nested-images columns-default is-cropped wp-block-gallery-3 is-layout-flex wp-block-gallery-is-layout-flex\">\n<figure class=\"wp-block-image size-large\"><img loading=\"lazy\" decoding=\"async\" width=\"1024\" height=\"576\" data-id=\"884\" src=\"https:\/\/prensa.sma.gob.ar\/wp-content\/uploads\/2024\/07\/WhatsApp-Image-2024-06-28-at-15.27.23-1024x576.jpeg\" alt=\"\" class=\"wp-image-884\" srcset=\"https:\/\/prensa.sma.gob.ar\/wp-content\/uploads\/2024\/07\/WhatsApp-Image-2024-06-28-at-15.27.23-1024x576.jpeg 1024w, https:\/\/prensa.sma.gob.ar\/wp-content\/uploads\/2024\/07\/WhatsApp-Image-2024-06-28-at-15.27.23-300x169.jpeg 300w, https:\/\/prensa.sma.gob.ar\/wp-content\/uploads\/2024\/07\/WhatsApp-Image-2024-06-28-at-15.27.23-768x432.jpeg 768w, https:\/\/prensa.sma.gob.ar\/wp-content\/uploads\/2024\/07\/WhatsApp-Image-2024-06-28-at-15.27.23-1536x864.jpeg 1536w, https:\/\/prensa.sma.gob.ar\/wp-content\/uploads\/2024\/07\/WhatsApp-Image-2024-06-28-at-15.27.23-2048x1152.jpeg 2048w, https:\/\/prensa.sma.gob.ar\/wp-content\/uploads\/2024\/07\/WhatsApp-Image-2024-06-28-at-15.27.23-747x420.jpeg 747w, https:\/\/prensa.sma.gob.ar\/wp-content\/uploads\/2024\/07\/WhatsApp-Image-2024-06-28-at-15.27.23-696x392.jpeg 696w, https:\/\/prensa.sma.gob.ar\/wp-content\/uploads\/2024\/07\/WhatsApp-Image-2024-06-28-at-15.27.23-1068x601.jpeg 1068w, https:\/\/prensa.sma.gob.ar\/wp-content\/uploads\/2024\/07\/WhatsApp-Image-2024-06-28-at-15.27.23-1920x1080.jpeg 1920w\" sizes=\"auto, (max-width: 1024px) 100vw, 1024px\" \/><\/figure>\n\n\n\n<figure class=\"wp-block-image size-large\"><img loading=\"lazy\" decoding=\"async\" width=\"1024\" height=\"576\" data-id=\"883\" src=\"https:\/\/prensa.sma.gob.ar\/wp-content\/uploads\/2024\/07\/WhatsApp-Image-2024-06-28-at-15.27.24-1024x576.jpeg\" alt=\"\" class=\"wp-image-883\" srcset=\"https:\/\/prensa.sma.gob.ar\/wp-content\/uploads\/2024\/07\/WhatsApp-Image-2024-06-28-at-15.27.24-1024x576.jpeg 1024w, https:\/\/prensa.sma.gob.ar\/wp-content\/uploads\/2024\/07\/WhatsApp-Image-2024-06-28-at-15.27.24-300x169.jpeg 300w, https:\/\/prensa.sma.gob.ar\/wp-content\/uploads\/2024\/07\/WhatsApp-Image-2024-06-28-at-15.27.24-768x432.jpeg 768w, https:\/\/prensa.sma.gob.ar\/wp-content\/uploads\/2024\/07\/WhatsApp-Image-2024-06-28-at-15.27.24-1536x864.jpeg 1536w, https:\/\/prensa.sma.gob.ar\/wp-content\/uploads\/2024\/07\/WhatsApp-Image-2024-06-28-at-15.27.24-2048x1152.jpeg 2048w, https:\/\/prensa.sma.gob.ar\/wp-content\/uploads\/2024\/07\/WhatsApp-Image-2024-06-28-at-15.27.24-747x420.jpeg 747w, https:\/\/prensa.sma.gob.ar\/wp-content\/uploads\/2024\/07\/WhatsApp-Image-2024-06-28-at-15.27.24-696x392.jpeg 696w, https:\/\/prensa.sma.gob.ar\/wp-content\/uploads\/2024\/07\/WhatsApp-Image-2024-06-28-at-15.27.24-1068x601.jpeg 1068w, https:\/\/prensa.sma.gob.ar\/wp-content\/uploads\/2024\/07\/WhatsApp-Image-2024-06-28-at-15.27.24-1920x1080.jpeg 1920w\" sizes=\"auto, (max-width: 1024px) 100vw, 1024px\" \/><\/figure>\n\n\n\n<figure class=\"wp-block-image size-large\"><img loading=\"lazy\" decoding=\"async\" width=\"1024\" height=\"576\" data-id=\"882\" src=\"https:\/\/prensa.sma.gob.ar\/wp-content\/uploads\/2024\/07\/WhatsApp-Image-2024-06-28-at-15.27.241-1024x576.jpeg\" alt=\"\" class=\"wp-image-882\" srcset=\"https:\/\/prensa.sma.gob.ar\/wp-content\/uploads\/2024\/07\/WhatsApp-Image-2024-06-28-at-15.27.241-1024x576.jpeg 1024w, https:\/\/prensa.sma.gob.ar\/wp-content\/uploads\/2024\/07\/WhatsApp-Image-2024-06-28-at-15.27.241-300x169.jpeg 300w, https:\/\/prensa.sma.gob.ar\/wp-content\/uploads\/2024\/07\/WhatsApp-Image-2024-06-28-at-15.27.241-768x432.jpeg 768w, https:\/\/prensa.sma.gob.ar\/wp-content\/uploads\/2024\/07\/WhatsApp-Image-2024-06-28-at-15.27.241-1536x864.jpeg 1536w, https:\/\/prensa.sma.gob.ar\/wp-content\/uploads\/2024\/07\/WhatsApp-Image-2024-06-28-at-15.27.241-2048x1152.jpeg 2048w, https:\/\/prensa.sma.gob.ar\/wp-content\/uploads\/2024\/07\/WhatsApp-Image-2024-06-28-at-15.27.241-747x420.jpeg 747w, https:\/\/prensa.sma.gob.ar\/wp-content\/uploads\/2024\/07\/WhatsApp-Image-2024-06-28-at-15.27.241-696x392.jpeg 696w, https:\/\/prensa.sma.gob.ar\/wp-content\/uploads\/2024\/07\/WhatsApp-Image-2024-06-28-at-15.27.241-1068x601.jpeg 1068w, https:\/\/prensa.sma.gob.ar\/wp-content\/uploads\/2024\/07\/WhatsApp-Image-2024-06-28-at-15.27.241-1920x1080.jpeg 1920w\" sizes=\"auto, (max-width: 1024px) 100vw, 1024px\" \/><\/figure>\n<\/figure>\n\n\n\n<p><strong>La Mesa de CAEB (Comisi\u00f3n Asesora de Eliminaci\u00f3n de Barreras) <\/strong>pidi\u00f3 modificar las paradas de colectivos, las nuevas, las existentes y las futuras. En cuanto al estacionamiento medido, si bien se habl\u00f3 que estaba solucionado, pidieron verlo plasmado en la ordenanza. Tambi\u00e9n demandaron crear el marco legal para trabajar sobre diagn\u00f3stico preventivo para personas sordas o hipoac\u00fasicas; jornadas de concientizaci\u00f3n en materia discapacidad y comunicaci\u00f3n peri\u00f3dica y constante donde se hable y concientice sobre discapacidad. Tambi\u00e9n pidieron trabajar con obras particulares y habilitaciones comerciales en conjunto, entre otras cosas para no permitir la habilitaci\u00f3n de gimnasios y consultorios kinesiol\u00f3gicos en pisos elevados y sin ascensor.<\/p>\n\n\n\n<p><strong>La Mesa de Educaci\u00f3n<\/strong> pidi\u00f3 dar continuidad a este espacio e incluir nuevas jornadas; realizar un relevamiento municipal de accesibilidad en escuelas y otros centros educativos por con registros fotogr\u00e1ficos, en establecimientos de primaria, secundaria, universitaria y rural. Las escuelas especiales son imprescindibles y deben ser fortalecidas en su funci\u00f3n social y atender a los m\u00e1s vulnerables y demandaron un edificio propio dise\u00f1ado para este colectivo. Pidieron dise\u00f1o universal de espacios y la urbanizaci\u00f3n en los futuros edificios escolares en los que todos podamos acceder (rampas, ba\u00f1os y ascensores) y afirmaron que \u201cqueremos construir una sociedad m\u00e1s madura, flexible, amable, emp\u00e1tica y respetuosa de las diferencias, es por ello que proponemos la formaci\u00f3n inclusiva obligatoria para la comunidad y entes p\u00fablicos, como espacios radiales. Tambi\u00e9n pidieron articular las distintas comunidades educativas y sociales para que los proyectos de inclusi\u00f3n no mueran en la misma instituci\u00f3n; enfatizar los juegos porque jugar suele ser el espacio principal para todos los chicos y muy especial para los chicos con alguna discapacidad, teniendo en cuenta que a menudo ellos enfrentan desaf\u00edos mayores y el juego puede ser la puerta de inicio para el aprendizaje y sociabilizaci\u00f3n. Reclamaron tambi\u00e9n incluir la carga horaria completa 4 horas de m\u00ednima a personas con discapacidad; apoyos a maestras integradoras, asistentes terap\u00e9uticos, etc. Afirmaron que las maestras integradoras suelen ir de una instituci\u00f3n a otra y de un chico a otro, en detrimento de los ni\u00f1os y j\u00f3venes, ya que el v\u00ednculo entre ambos suele ser demasiado pobre, lo mismo que con el grupo al que se le quiere integrar y a los docentes naturales de ese conjunto. Pidieron como prioridad retomar de manera urgente el proyecto del natatorio municipal, postergado hace varios a\u00f1os. Es fundamental para el mejoramiento de la calidad de vida de las personas, promoviendo la accesibilidad a la actividad acu\u00e1tica para uso.<\/p>\n\n\n\n<p><strong>La Mesa de Cultura<\/strong> se\u00f1al\u00f3 la falta de talleres inclusivos abiertos a personas con discapacidad. No se trata de hacer talleres para personas con discapacidad si no que se incluyan a personas con alguna discapacidad, en el sentido de talleres de inclusi\u00f3n. Tambi\u00e9n sostuvieron que existen muy pocos talleres con profesores que est\u00e9n preparados para hacerlo. Pidieron que se haga cumplir los derechos en eventos culturales a las personas con discapacidad.<\/p>\n\n\n\n<figure class=\"wp-block-gallery has-nested-images columns-default is-cropped wp-block-gallery-4 is-layout-flex wp-block-gallery-is-layout-flex\">\n<figure class=\"wp-block-image size-large\"><img loading=\"lazy\" decoding=\"async\" width=\"1024\" height=\"593\" data-id=\"881\" src=\"https:\/\/prensa.sma.gob.ar\/wp-content\/uploads\/2024\/07\/WhatsApp-Image-2024-06-28-at-15.27.25-1024x593.jpeg\" alt=\"\" class=\"wp-image-881\" srcset=\"https:\/\/prensa.sma.gob.ar\/wp-content\/uploads\/2024\/07\/WhatsApp-Image-2024-06-28-at-15.27.25-1024x593.jpeg 1024w, https:\/\/prensa.sma.gob.ar\/wp-content\/uploads\/2024\/07\/WhatsApp-Image-2024-06-28-at-15.27.25-300x174.jpeg 300w, https:\/\/prensa.sma.gob.ar\/wp-content\/uploads\/2024\/07\/WhatsApp-Image-2024-06-28-at-15.27.25-768x445.jpeg 768w, https:\/\/prensa.sma.gob.ar\/wp-content\/uploads\/2024\/07\/WhatsApp-Image-2024-06-28-at-15.27.25-1536x890.jpeg 1536w, https:\/\/prensa.sma.gob.ar\/wp-content\/uploads\/2024\/07\/WhatsApp-Image-2024-06-28-at-15.27.25-2048x1187.jpeg 2048w, https:\/\/prensa.sma.gob.ar\/wp-content\/uploads\/2024\/07\/WhatsApp-Image-2024-06-28-at-15.27.25-725x420.jpeg 725w, https:\/\/prensa.sma.gob.ar\/wp-content\/uploads\/2024\/07\/WhatsApp-Image-2024-06-28-at-15.27.25-696x403.jpeg 696w, https:\/\/prensa.sma.gob.ar\/wp-content\/uploads\/2024\/07\/WhatsApp-Image-2024-06-28-at-15.27.25-1068x619.jpeg 1068w, https:\/\/prensa.sma.gob.ar\/wp-content\/uploads\/2024\/07\/WhatsApp-Image-2024-06-28-at-15.27.25-1920x1113.jpeg 1920w\" sizes=\"auto, (max-width: 1024px) 100vw, 1024px\" \/><\/figure>\n\n\n\n<figure class=\"wp-block-image size-large\"><img loading=\"lazy\" decoding=\"async\" width=\"872\" height=\"1024\" data-id=\"879\" src=\"https:\/\/prensa.sma.gob.ar\/wp-content\/uploads\/2024\/07\/WhatsApp-Image-2024-06-28-at-15.27.26-872x1024.jpeg\" alt=\"\" class=\"wp-image-879\" srcset=\"https:\/\/prensa.sma.gob.ar\/wp-content\/uploads\/2024\/07\/WhatsApp-Image-2024-06-28-at-15.27.26-872x1024.jpeg 872w, https:\/\/prensa.sma.gob.ar\/wp-content\/uploads\/2024\/07\/WhatsApp-Image-2024-06-28-at-15.27.26-256x300.jpeg 256w, https:\/\/prensa.sma.gob.ar\/wp-content\/uploads\/2024\/07\/WhatsApp-Image-2024-06-28-at-15.27.26-768x901.jpeg 768w, https:\/\/prensa.sma.gob.ar\/wp-content\/uploads\/2024\/07\/WhatsApp-Image-2024-06-28-at-15.27.26-1309x1536.jpeg 1309w, https:\/\/prensa.sma.gob.ar\/wp-content\/uploads\/2024\/07\/WhatsApp-Image-2024-06-28-at-15.27.26-1745x2048.jpeg 1745w, https:\/\/prensa.sma.gob.ar\/wp-content\/uploads\/2024\/07\/WhatsApp-Image-2024-06-28-at-15.27.26-358x420.jpeg 358w, https:\/\/prensa.sma.gob.ar\/wp-content\/uploads\/2024\/07\/WhatsApp-Image-2024-06-28-at-15.27.26-696x817.jpeg 696w, https:\/\/prensa.sma.gob.ar\/wp-content\/uploads\/2024\/07\/WhatsApp-Image-2024-06-28-at-15.27.26-1068x1254.jpeg 1068w, https:\/\/prensa.sma.gob.ar\/wp-content\/uploads\/2024\/07\/WhatsApp-Image-2024-06-28-at-15.27.26-1920x2254.jpeg 1920w\" sizes=\"auto, (max-width: 872px) 100vw, 872px\" \/><\/figure>\n\n\n\n<figure class=\"wp-block-image size-large\"><img loading=\"lazy\" decoding=\"async\" width=\"1024\" height=\"524\" data-id=\"878\" src=\"https:\/\/prensa.sma.gob.ar\/wp-content\/uploads\/2024\/07\/WhatsApp-Image-2024-06-28-at-15.27.261-1024x524.jpeg\" alt=\"\" class=\"wp-image-878\" srcset=\"https:\/\/prensa.sma.gob.ar\/wp-content\/uploads\/2024\/07\/WhatsApp-Image-2024-06-28-at-15.27.261-1024x524.jpeg 1024w, https:\/\/prensa.sma.gob.ar\/wp-content\/uploads\/2024\/07\/WhatsApp-Image-2024-06-28-at-15.27.261-300x153.jpeg 300w, https:\/\/prensa.sma.gob.ar\/wp-content\/uploads\/2024\/07\/WhatsApp-Image-2024-06-28-at-15.27.261-768x393.jpeg 768w, https:\/\/prensa.sma.gob.ar\/wp-content\/uploads\/2024\/07\/WhatsApp-Image-2024-06-28-at-15.27.261-1536x786.jpeg 1536w, https:\/\/prensa.sma.gob.ar\/wp-content\/uploads\/2024\/07\/WhatsApp-Image-2024-06-28-at-15.27.261-2048x1048.jpeg 2048w, https:\/\/prensa.sma.gob.ar\/wp-content\/uploads\/2024\/07\/WhatsApp-Image-2024-06-28-at-15.27.261-821x420.jpeg 821w, https:\/\/prensa.sma.gob.ar\/wp-content\/uploads\/2024\/07\/WhatsApp-Image-2024-06-28-at-15.27.261-696x356.jpeg 696w, https:\/\/prensa.sma.gob.ar\/wp-content\/uploads\/2024\/07\/WhatsApp-Image-2024-06-28-at-15.27.261-1068x546.jpeg 1068w, https:\/\/prensa.sma.gob.ar\/wp-content\/uploads\/2024\/07\/WhatsApp-Image-2024-06-28-at-15.27.261-1920x982.jpeg 1920w\" sizes=\"auto, (max-width: 1024px) 100vw, 1024px\" \/><\/figure>\n<\/figure>\n\n\n\n<p>En representaci\u00f3n del Gobierno neuquino asistieron a la Jornada la directora Provincial de Discapacidad, Silvia Quiroga; la arquitecta Andrea Villaroel, de la Secretaria de Cultura Inclusi\u00f3n y Gesti\u00f3n Comunitaria; Gustavo Iril, subsecretario de Discapacidad.<\/p>\n\n\n\n<p>Entre las instituciones, estuvieron presentes el Foro en Defensa de los Derechos de las Personas con Discapacidad de San Mart\u00edn de los Andes; Puentes de Luz; REC, Red Escucha Comunitaria de personas hipoac\u00fasicas; TEAcompa\u00f1amos; Abriendo caminos; Universidad del Comahue; Instructores de Chapelco de Esqu\u00ed adaptado; la Junta evaluadora y CAEB.<\/p>\n\n\n\n<p>Tambi\u00e9n se presentaron los especialistas de Punto Saludable, el programa del Hospital Ram\u00f3n Carrillo de nuestra ciudad y del Ministerio de Salud de Neuqu\u00e9n, destinado a fomentar la alimentaci\u00f3n sana.<\/p>\n\n\n\n<p>Por el Municipio asistieron el secretario de Gobierno, Federico Vita; la subsecretaria de Gobierno, Antonela Tabares; el secretario de Turismo, Alejandro Apaolaza; la Directora de Vivienda y H\u00e1bitat, Carolina Amaya; el director de Educaci\u00f3n, Aburto Andr\u00e9s; el director de Deportes, Fernando M\u00e9ndez; el director de Tr\u00e1nsito y Transporte, Federico Riquelme; y Natalia Bruno, del Instituto Provincial de Vivienda.<\/p>\n","protected":false},"excerpt":{"rendered":"<p>La reciente jornada de trabajo y planificaci\u00f3n, organizada por la Subsecretar\u00eda de Gobierno del Municipio, permiti\u00f3 la elaboraci\u00f3n de una agenda de discapacidad y movilidad reducida para nuestra ciudad, que incluye el abordaje desde diferentes tem\u00e1ticas. La agenda se elabor\u00f3 tras las deliberaciones de vecinas y vecinos con concejales, funcionarios municipales y representantes de instituciones, [&hellip;]<\/p>\n","protected":false},"author":2,"featured_media":880,"comment_status":"closed","ping_status":"open","sticky":false,"template":"","format":"standard","meta":{"footnotes":""},"categories":[16,2,11,14,17],"tags":[],"class_list":{"0":"post-870","1":"post","2":"type-post","3":"status-publish","4":"format-standard","5":"has-post-thumbnail","7":"category-destacadas","8":"category-discapacidad","9":"category-gobierno","10":"category-noticias","11":"category-portada"},"_links":{"self":[{"href":"https:\/\/prensa.sma.gob.ar\/index.php?rest_route=\/wp\/v2\/posts\/870","targetHints":{"allow":["GET"]}}],"collection":[{"href":"https:\/\/prensa.sma.gob.ar\/index.php?rest_route=\/wp\/v2\/posts"}],"about":[{"href":"https:\/\/prensa.sma.gob.ar\/index.php?rest_route=\/wp\/v2\/types\/post"}],"author":[{"embeddable":true,"href":"https:\/\/prensa.sma.gob.ar\/index.php?rest_route=\/wp\/v2\/users\/2"}],"replies":[{"embeddable":true,"href":"https:\/\/prensa.sma.gob.ar\/index.php?rest_route=%2Fwp%2Fv2%2Fcomments&post=870"}],"version-history":[{"count":4,"href":"https:\/\/prensa.sma.gob.ar\/index.php?rest_route=\/wp\/v2\/posts\/870\/revisions"}],"predecessor-version":[{"id":889,"href":"https:\/\/prensa.sma.gob.ar\/index.php?rest_route=\/wp\/v2\/posts\/870\/revisions\/889"}],"wp:featuredmedia":[{"embeddable":true,"href":"https:\/\/prensa.sma.gob.ar\/index.php?rest_route=\/wp\/v2\/media\/880"}],"wp:attachment":[{"href":"https:\/\/prensa.sma.gob.ar\/index.php?rest_route=%2Fwp%2Fv2%2Fmedia&parent=870"}],"wp:term":[{"taxonomy":"category","embeddable":true,"href":"https:\/\/prensa.sma.gob.ar\/index.php?rest_route=%2Fwp%2Fv2%2Fcategories&post=870"},{"taxonomy":"post_tag","embeddable":true,"href":"https:\/\/prensa.sma.gob.ar\/index.php?rest_route=%2Fwp%2Fv2%2Ftags&post=870"}],"curies":[{"name":"wp","href":"https:\/\/api.w.org\/{rel}","templated":true}]}}