{"id":8711,"date":"2025-07-24T17:03:33","date_gmt":"2025-07-24T17:03:33","guid":{"rendered":"https:\/\/prensa.sma.gob.ar\/?p=8711"},"modified":"2025-07-24T17:03:35","modified_gmt":"2025-07-24T17:03:35","slug":"el-banco-ortopedico-municipal-recibio-su-primera-donacion","status":"publish","type":"post","link":"https:\/\/prensa.sma.gob.ar\/?p=8711","title":{"rendered":"\u00a1El Banco Ortop\u00e9dico Municipal recibi\u00f3 su primera donaci\u00f3n!"},"content":{"rendered":"\n<p>La subsecretaria de Gobierno, Antonela Tabares, recibi\u00f3 un Andador Beatle en estado como nuevo, Silla de Ruedas en buen estado y valvas ortop\u00e9dicas. La donaci\u00f3n fue materializada este jueves en el Municipio por Alan Pastoriza, Teo Pastoriza y su familia.<\/p>\n\n\n\n<p>El Banco Ortop\u00e9dico Municipal recibe donaciones y otorga en pr\u00e9stamo elementos ortop\u00e9dicos y m\u00e9dicos que mejoran la calidad de vida de quienes los necesitan de forma permanente o transitoria.<\/p>\n\n\n\n<p>Este espacio recibe bastones simples o tr\u00edpodes; bastones verdes, blancos y blanco-rojo; andadores (comunes, con ruedas, con asiento); muletas (axilares o canadienses); sillas para ducha o ba\u00f1o; asientos elevados para inodoro; barrales de seguridad; ayudas para la cama y descanso; camas ortop\u00e9dicas (manuales o el\u00e9ctricas); colchones antiescaras; incorporadores que facilitan levantarse desde la cama; botas ortop\u00e9dicas (walker); sillas sanitarias; aspirador port\u00e1til (para secreciones respiratorias); concentradores de ox\u00edgeno; etc.<\/p>\n\n\n\n<p>Toda donaci\u00f3n ser\u00e1 formalizada mediante un acta de aceptaci\u00f3n, y en los casos de pr\u00e9stamo, se celebrar\u00e1 un convenio de comodato que permitir\u00e1 garantizar el buen uso y posterior devoluci\u00f3n del material.<\/p>\n\n\n\n<p>Acerc\u00e1 tu donaci\u00f3n a Calle Los Saucos al 100, barrio El Arenal; o llamanos y coordinamos el retiro, al 2972 499341 \/ 427315 int. 274.<\/p>\n\n\n\n<p>\u00a1Gracias a todas las personas que se interesan por sumar su granito de arena para que el acceso sea m\u00e1s justo e igualitario para todos y todas!<\/p>\n\n\n\n<figure class=\"wp-block-gallery has-nested-images columns-default is-cropped wp-block-gallery-1 is-layout-flex wp-block-gallery-is-layout-flex\">\n<figure class=\"wp-block-image size-large\"><img loading=\"lazy\" decoding=\"async\" width=\"1024\" height=\"644\" data-id=\"8715\" src=\"https:\/\/prensa.sma.gob.ar\/wp-content\/uploads\/2025\/07\/WhatsApp-Image-2025-07-24-at-13.22.151-1024x644.jpeg\" alt=\"\" class=\"wp-image-8715\" srcset=\"https:\/\/prensa.sma.gob.ar\/wp-content\/uploads\/2025\/07\/WhatsApp-Image-2025-07-24-at-13.22.151-1024x644.jpeg 1024w, https:\/\/prensa.sma.gob.ar\/wp-content\/uploads\/2025\/07\/WhatsApp-Image-2025-07-24-at-13.22.151-300x189.jpeg 300w, https:\/\/prensa.sma.gob.ar\/wp-content\/uploads\/2025\/07\/WhatsApp-Image-2025-07-24-at-13.22.151-768x483.jpeg 768w, https:\/\/prensa.sma.gob.ar\/wp-content\/uploads\/2025\/07\/WhatsApp-Image-2025-07-24-at-13.22.151-1536x966.jpeg 1536w, https:\/\/prensa.sma.gob.ar\/wp-content\/uploads\/2025\/07\/WhatsApp-Image-2025-07-24-at-13.22.151-668x420.jpeg 668w, https:\/\/prensa.sma.gob.ar\/wp-content\/uploads\/2025\/07\/WhatsApp-Image-2025-07-24-at-13.22.151-696x438.jpeg 696w, https:\/\/prensa.sma.gob.ar\/wp-content\/uploads\/2025\/07\/WhatsApp-Image-2025-07-24-at-13.22.151-1068x672.jpeg 1068w, https:\/\/prensa.sma.gob.ar\/wp-content\/uploads\/2025\/07\/WhatsApp-Image-2025-07-24-at-13.22.151.jpeg 1600w\" sizes=\"auto, (max-width: 1024px) 100vw, 1024px\" \/><\/figure>\n\n\n\n<figure class=\"wp-block-image size-large\"><img loading=\"lazy\" decoding=\"async\" width=\"1024\" height=\"607\" data-id=\"8713\" src=\"https:\/\/prensa.sma.gob.ar\/wp-content\/uploads\/2025\/07\/WhatsApp-Image-2025-07-24-at-13.30.37-1024x607.jpeg\" alt=\"\" class=\"wp-image-8713\" srcset=\"https:\/\/prensa.sma.gob.ar\/wp-content\/uploads\/2025\/07\/WhatsApp-Image-2025-07-24-at-13.30.37-1024x607.jpeg 1024w, https:\/\/prensa.sma.gob.ar\/wp-content\/uploads\/2025\/07\/WhatsApp-Image-2025-07-24-at-13.30.37-300x178.jpeg 300w, https:\/\/prensa.sma.gob.ar\/wp-content\/uploads\/2025\/07\/WhatsApp-Image-2025-07-24-at-13.30.37-768x455.jpeg 768w, https:\/\/prensa.sma.gob.ar\/wp-content\/uploads\/2025\/07\/WhatsApp-Image-2025-07-24-at-13.30.37-1536x910.jpeg 1536w, https:\/\/prensa.sma.gob.ar\/wp-content\/uploads\/2025\/07\/WhatsApp-Image-2025-07-24-at-13.30.37-709x420.jpeg 709w, https:\/\/prensa.sma.gob.ar\/wp-content\/uploads\/2025\/07\/WhatsApp-Image-2025-07-24-at-13.30.37-696x412.jpeg 696w, https:\/\/prensa.sma.gob.ar\/wp-content\/uploads\/2025\/07\/WhatsApp-Image-2025-07-24-at-13.30.37-1068x633.jpeg 1068w, https:\/\/prensa.sma.gob.ar\/wp-content\/uploads\/2025\/07\/WhatsApp-Image-2025-07-24-at-13.30.37.jpeg 1600w\" sizes=\"auto, (max-width: 1024px) 100vw, 1024px\" \/><\/figure>\n\n\n\n<figure class=\"wp-block-image size-large\"><img loading=\"lazy\" decoding=\"async\" width=\"1024\" height=\"666\" data-id=\"8712\" src=\"https:\/\/prensa.sma.gob.ar\/wp-content\/uploads\/2025\/07\/WhatsApp-Image-2025-07-24-at-13.37.03-1024x666.jpeg\" alt=\"\" class=\"wp-image-8712\" srcset=\"https:\/\/prensa.sma.gob.ar\/wp-content\/uploads\/2025\/07\/WhatsApp-Image-2025-07-24-at-13.37.03-1024x666.jpeg 1024w, https:\/\/prensa.sma.gob.ar\/wp-content\/uploads\/2025\/07\/WhatsApp-Image-2025-07-24-at-13.37.03-300x195.jpeg 300w, https:\/\/prensa.sma.gob.ar\/wp-content\/uploads\/2025\/07\/WhatsApp-Image-2025-07-24-at-13.37.03-768x499.jpeg 768w, https:\/\/prensa.sma.gob.ar\/wp-content\/uploads\/2025\/07\/WhatsApp-Image-2025-07-24-at-13.37.03-1536x998.jpeg 1536w, https:\/\/prensa.sma.gob.ar\/wp-content\/uploads\/2025\/07\/WhatsApp-Image-2025-07-24-at-13.37.03-646x420.jpeg 646w, https:\/\/prensa.sma.gob.ar\/wp-content\/uploads\/2025\/07\/WhatsApp-Image-2025-07-24-at-13.37.03-696x452.jpeg 696w, https:\/\/prensa.sma.gob.ar\/wp-content\/uploads\/2025\/07\/WhatsApp-Image-2025-07-24-at-13.37.03-1068x694.jpeg 1068w, https:\/\/prensa.sma.gob.ar\/wp-content\/uploads\/2025\/07\/WhatsApp-Image-2025-07-24-at-13.37.03.jpeg 1600w\" sizes=\"auto, (max-width: 1024px) 100vw, 1024px\" \/><\/figure>\n<\/figure>\n","protected":false},"excerpt":{"rendered":"<p>La subsecretaria de Gobierno, Antonela Tabares, recibi\u00f3 un Andador Beatle en estado como nuevo, Silla de Ruedas en buen estado y valvas ortop\u00e9dicas. La donaci\u00f3n fue materializada este jueves en el Municipio por Alan Pastoriza, Teo Pastoriza y su familia. El Banco Ortop\u00e9dico Municipal recibe donaciones y otorga en pr\u00e9stamo elementos ortop\u00e9dicos y m\u00e9dicos que [&hellip;]<\/p>\n","protected":false},"author":2,"featured_media":8716,"comment_status":"closed","ping_status":"open","sticky":false,"template":"","format":"standard","meta":{"footnotes":""},"categories":[16,2,11,14],"tags":[],"class_list":{"0":"post-8711","1":"post","2":"type-post","3":"status-publish","4":"format-standard","5":"has-post-thumbnail","7":"category-destacadas","8":"category-discapacidad","9":"category-gobierno","10":"category-noticias"},"_links":{"self":[{"href":"https:\/\/prensa.sma.gob.ar\/index.php?rest_route=\/wp\/v2\/posts\/8711","targetHints":{"allow":["GET"]}}],"collection":[{"href":"https:\/\/prensa.sma.gob.ar\/index.php?rest_route=\/wp\/v2\/posts"}],"about":[{"href":"https:\/\/prensa.sma.gob.ar\/index.php?rest_route=\/wp\/v2\/types\/post"}],"author":[{"embeddable":true,"href":"https:\/\/prensa.sma.gob.ar\/index.php?rest_route=\/wp\/v2\/users\/2"}],"replies":[{"embeddable":true,"href":"https:\/\/prensa.sma.gob.ar\/index.php?rest_route=%2Fwp%2Fv2%2Fcomments&post=8711"}],"version-history":[{"count":1,"href":"https:\/\/prensa.sma.gob.ar\/index.php?rest_route=\/wp\/v2\/posts\/8711\/revisions"}],"predecessor-version":[{"id":8717,"href":"https:\/\/prensa.sma.gob.ar\/index.php?rest_route=\/wp\/v2\/posts\/8711\/revisions\/8717"}],"wp:featuredmedia":[{"embeddable":true,"href":"https:\/\/prensa.sma.gob.ar\/index.php?rest_route=\/wp\/v2\/media\/8716"}],"wp:attachment":[{"href":"https:\/\/prensa.sma.gob.ar\/index.php?rest_route=%2Fwp%2Fv2%2Fmedia&parent=8711"}],"wp:term":[{"taxonomy":"category","embeddable":true,"href":"https:\/\/prensa.sma.gob.ar\/index.php?rest_route=%2Fwp%2Fv2%2Fcategories&post=8711"},{"taxonomy":"post_tag","embeddable":true,"href":"https:\/\/prensa.sma.gob.ar\/index.php?rest_route=%2Fwp%2Fv2%2Ftags&post=8711"}],"curies":[{"name":"wp","href":"https:\/\/api.w.org\/{rel}","templated":true}]}}