{"id":8722,"date":"2025-07-26T01:28:45","date_gmt":"2025-07-26T01:28:45","guid":{"rendered":"https:\/\/prensa.sma.gob.ar\/?p=8722"},"modified":"2025-07-26T01:33:51","modified_gmt":"2025-07-26T01:33:51","slug":"recorrida-por-el-predio-de-chacra-iv-donde-estaran-ubicados-los-cinco-lotes-que-seran-sorteados","status":"publish","type":"post","link":"https:\/\/prensa.sma.gob.ar\/?p=8722","title":{"rendered":"Recorrida por el predio de Chacra IV donde estar\u00e1n ubicados los lotes que ser\u00e1n sorteados"},"content":{"rendered":"\n<p>Funcionarios del Municipio y representantes de la Comisi\u00f3n Vecinal de Chacra IV recorrieron este viernes el predio en el que se delimitar\u00e1n los cinco lotes que ser\u00e1n sorteados entre las vecinas y vecinos del barrio anotados en el registro definitivo.<\/p>\n\n\n\n<p>La recorrida permiti\u00f3 un relevamiento para conocer detalles del terreno en el que se establecer\u00e1n los cinco lotes, las dimensiones, las necesidades de infraestructura y las condiciones generales del predio.<\/p>\n\n\n\n<p>Participaron de la recorrida la directora del Instituto Municipal de Vivienda y H\u00e1bitat, Carolina Amaya; el arquitecto Ramiro Morel, del equipo del Instituto; la Subsecretar\u00eda de Juntas Vecinales, Lorena Gonz\u00e1lez; y representantes de la Junta Vecinal, encabezados por su presidenta, Rosa Delgado. Antes de la visita, se realiz\u00f3 una reuni\u00f3n en la sede vecinal de Chacra IV.<\/p>\n\n\n\n<p>La visita es parte de las acciones que lleva adelante el Municipio de cara al pr\u00f3ximo sorteo de los cinco lotes, de acuerdo a lo publicado hasta el momento y al listado definitivo de vecinas y vecinos cuyo plazo de revisi\u00f3n finaliz\u00f3 este viernes 25 de julio.<\/p>\n\n\n\n<p>El listado se encuentra disponible en la p\u00e1gina web de Prensa de la Municipalidad, como as\u00ed tambi\u00e9n en las Oficinas del Instituto de Vivienda y H\u00e1bitat; de la Subsecretar\u00eda de Juntas Vecinales, de Mejoramiento Habitacional y en la cartelera del Palacio Municipal.<\/p>\n\n\n\n<figure class=\"wp-block-gallery has-nested-images columns-default is-cropped wp-block-gallery-1 is-layout-flex wp-block-gallery-is-layout-flex\">\n<figure class=\"wp-block-image size-large\"><img loading=\"lazy\" decoding=\"async\" width=\"1024\" height=\"771\" data-id=\"8723\" src=\"https:\/\/prensa.sma.gob.ar\/wp-content\/uploads\/2025\/07\/visita-3-1024x771.jpg\" alt=\"\" class=\"wp-image-8723\" srcset=\"https:\/\/prensa.sma.gob.ar\/wp-content\/uploads\/2025\/07\/visita-3-1024x771.jpg 1024w, https:\/\/prensa.sma.gob.ar\/wp-content\/uploads\/2025\/07\/visita-3-300x226.jpg 300w, https:\/\/prensa.sma.gob.ar\/wp-content\/uploads\/2025\/07\/visita-3-768x578.jpg 768w, https:\/\/prensa.sma.gob.ar\/wp-content\/uploads\/2025\/07\/visita-3-558x420.jpg 558w, https:\/\/prensa.sma.gob.ar\/wp-content\/uploads\/2025\/07\/visita-3-80x60.jpg 80w, https:\/\/prensa.sma.gob.ar\/wp-content\/uploads\/2025\/07\/visita-3-696x524.jpg 696w, https:\/\/prensa.sma.gob.ar\/wp-content\/uploads\/2025\/07\/visita-3-1068x804.jpg 1068w, https:\/\/prensa.sma.gob.ar\/wp-content\/uploads\/2025\/07\/visita-3.jpg 1200w\" sizes=\"auto, (max-width: 1024px) 100vw, 1024px\" \/><\/figure>\n\n\n\n<figure class=\"wp-block-image size-large\"><img loading=\"lazy\" decoding=\"async\" width=\"1024\" height=\"771\" data-id=\"8726\" src=\"https:\/\/prensa.sma.gob.ar\/wp-content\/uploads\/2025\/07\/visita-1-1024x771.jpg\" alt=\"\" class=\"wp-image-8726\" srcset=\"https:\/\/prensa.sma.gob.ar\/wp-content\/uploads\/2025\/07\/visita-1-1024x771.jpg 1024w, https:\/\/prensa.sma.gob.ar\/wp-content\/uploads\/2025\/07\/visita-1-300x226.jpg 300w, https:\/\/prensa.sma.gob.ar\/wp-content\/uploads\/2025\/07\/visita-1-768x578.jpg 768w, https:\/\/prensa.sma.gob.ar\/wp-content\/uploads\/2025\/07\/visita-1-558x420.jpg 558w, https:\/\/prensa.sma.gob.ar\/wp-content\/uploads\/2025\/07\/visita-1-80x60.jpg 80w, https:\/\/prensa.sma.gob.ar\/wp-content\/uploads\/2025\/07\/visita-1-696x524.jpg 696w, https:\/\/prensa.sma.gob.ar\/wp-content\/uploads\/2025\/07\/visita-1-1068x804.jpg 1068w, https:\/\/prensa.sma.gob.ar\/wp-content\/uploads\/2025\/07\/visita-1.jpg 1500w\" sizes=\"auto, (max-width: 1024px) 100vw, 1024px\" \/><\/figure>\n\n\n\n<figure class=\"wp-block-image size-large\"><img loading=\"lazy\" decoding=\"async\" width=\"1024\" height=\"771\" data-id=\"8724\" src=\"https:\/\/prensa.sma.gob.ar\/wp-content\/uploads\/2025\/07\/visita-4-1024x771.jpg\" alt=\"\" class=\"wp-image-8724\" srcset=\"https:\/\/prensa.sma.gob.ar\/wp-content\/uploads\/2025\/07\/visita-4-1024x771.jpg 1024w, https:\/\/prensa.sma.gob.ar\/wp-content\/uploads\/2025\/07\/visita-4-300x226.jpg 300w, https:\/\/prensa.sma.gob.ar\/wp-content\/uploads\/2025\/07\/visita-4-768x578.jpg 768w, https:\/\/prensa.sma.gob.ar\/wp-content\/uploads\/2025\/07\/visita-4-558x420.jpg 558w, https:\/\/prensa.sma.gob.ar\/wp-content\/uploads\/2025\/07\/visita-4-80x60.jpg 80w, https:\/\/prensa.sma.gob.ar\/wp-content\/uploads\/2025\/07\/visita-4-696x524.jpg 696w, https:\/\/prensa.sma.gob.ar\/wp-content\/uploads\/2025\/07\/visita-4-1068x804.jpg 1068w, https:\/\/prensa.sma.gob.ar\/wp-content\/uploads\/2025\/07\/visita-4.jpg 1500w\" sizes=\"auto, (max-width: 1024px) 100vw, 1024px\" \/><\/figure>\n<\/figure>\n","protected":false},"excerpt":{"rendered":"<p>Funcionarios del Municipio y representantes de la Comisi\u00f3n Vecinal de Chacra IV recorrieron este viernes el predio en el que se delimitar\u00e1n los cinco lotes que ser\u00e1n sorteados entre las vecinas y vecinos del barrio anotados en el registro definitivo. La recorrida permiti\u00f3 un relevamiento para conocer detalles del terreno en el que se establecer\u00e1n [&hellip;]<\/p>\n","protected":false},"author":2,"featured_media":8725,"comment_status":"closed","ping_status":"open","sticky":false,"template":"","format":"standard","meta":{"footnotes":""},"categories":[16,39,14,37],"tags":[],"class_list":{"0":"post-8722","1":"post","2":"type-post","3":"status-publish","4":"format-standard","5":"has-post-thumbnail","7":"category-destacadas","8":"category-subs-juntas-vecinales","9":"category-noticias","10":"category-vivienda"},"_links":{"self":[{"href":"https:\/\/prensa.sma.gob.ar\/index.php?rest_route=\/wp\/v2\/posts\/8722","targetHints":{"allow":["GET"]}}],"collection":[{"href":"https:\/\/prensa.sma.gob.ar\/index.php?rest_route=\/wp\/v2\/posts"}],"about":[{"href":"https:\/\/prensa.sma.gob.ar\/index.php?rest_route=\/wp\/v2\/types\/post"}],"author":[{"embeddable":true,"href":"https:\/\/prensa.sma.gob.ar\/index.php?rest_route=\/wp\/v2\/users\/2"}],"replies":[{"embeddable":true,"href":"https:\/\/prensa.sma.gob.ar\/index.php?rest_route=%2Fwp%2Fv2%2Fcomments&post=8722"}],"version-history":[{"count":2,"href":"https:\/\/prensa.sma.gob.ar\/index.php?rest_route=\/wp\/v2\/posts\/8722\/revisions"}],"predecessor-version":[{"id":8729,"href":"https:\/\/prensa.sma.gob.ar\/index.php?rest_route=\/wp\/v2\/posts\/8722\/revisions\/8729"}],"wp:featuredmedia":[{"embeddable":true,"href":"https:\/\/prensa.sma.gob.ar\/index.php?rest_route=\/wp\/v2\/media\/8725"}],"wp:attachment":[{"href":"https:\/\/prensa.sma.gob.ar\/index.php?rest_route=%2Fwp%2Fv2%2Fmedia&parent=8722"}],"wp:term":[{"taxonomy":"category","embeddable":true,"href":"https:\/\/prensa.sma.gob.ar\/index.php?rest_route=%2Fwp%2Fv2%2Fcategories&post=8722"},{"taxonomy":"post_tag","embeddable":true,"href":"https:\/\/prensa.sma.gob.ar\/index.php?rest_route=%2Fwp%2Fv2%2Ftags&post=8722"}],"curies":[{"name":"wp","href":"https:\/\/api.w.org\/{rel}","templated":true}]}}