{"id":8736,"date":"2025-07-26T14:51:58","date_gmt":"2025-07-26T14:51:58","guid":{"rendered":"https:\/\/prensa.sma.gob.ar\/?p=8736"},"modified":"2025-07-26T14:57:38","modified_gmt":"2025-07-26T14:57:38","slug":"expreso-colonia-presento-dos-nuevas-unidades-para-renovar-su-flota-del-servicio-urbano","status":"publish","type":"post","link":"https:\/\/prensa.sma.gob.ar\/?p=8736","title":{"rendered":"Expreso Colonia present\u00f3 dos nuevas unidades para renovar su flota del servicio urbano"},"content":{"rendered":"\n<p>La empresa Expreso Colonia, que tiene a cargo el servicio municipal de Expreso Los Andes, present\u00f3 dos nuevas unidades que se destinar\u00e1n al servicio urbano de pasajeros, para renovar aquellas que van cumpliendo su vida \u00fatil. Los responsables de la empresa adelantaron que en octubre se renovar\u00e1n otros dos colectivos.<\/p>\n\n\n\n<p>La presentaci\u00f3n se realiz\u00f3 dentro de las unidades, internos 9 y 11, estacionados en la Plaza San Mart\u00edn, a la que asistieron el intendente Carlos Saloniti, los representantes de la empresa Nicol\u00e1s C\u00e1ceres y Gustavo Balmaceda; los concejales Jovita Brondo, C\u00e9sar Meza; Roberto Sicilia y Pablo Padilla; los secretarios de Turismo y de Gobierno, Alejandro Apaolza; y de Hacienda, Mat\u00edas Consoli; y el delegado en nuestra regi\u00f3n de la Uni\u00f3n Tranviarios Automotor (UTA), Marcelo Mas.<\/p>\n\n\n\n<p>C\u00e1ceres describi\u00f3 que se trata de unidades con caja autom\u00e1tica que incluye un sistema especial de frenado; sistema de calefacci\u00f3n m\u00e1s potente que los que la empresa utiliza en colectivos de otras localidades; los 33 asientos son de respaldo alto, m\u00e1s confortables y con agarraderas para los pasajeros que viajan parados.<\/p>\n\n\n\n<p>Balmaceda explic\u00f3 que estos dos colectivos forman parte del programa de renovaci\u00f3n de la flota para mejorar el servicio a los usuarios y confirm\u00f3 que antes de fin de a\u00f1o se incorporar\u00e1n otras dos unidades con similares caracter\u00edsticas. Reafirm\u00f3 que, en Expreso Colonia, \u201ctenemos un compromiso con San Mart\u00edn de los Andes, ciudad en la que estamos desde hace 14 a\u00f1os, y record\u00f3 que la empresa mantiene el servicio interurbano a Jun\u00edn y el del Cerro Chapelco\u201d.<\/p>\n\n\n\n<p>La concejal Jovita Brondo felicit\u00f3 a la empresa \u201cpor estar cumpliendo parte de lo hablado y porque es un esfuerzo del pueblo\u201d y pidi\u00f3 que las pr\u00f3ximas unidades contemplen la accesibilidad. &nbsp;El concejal Roberto Sicilia reconoci\u00f3 \u201cel esfuerzo y la dedicaci\u00f3n a los directivos de la empresa\u201d y les agradeci\u00f3 \u201cla capacidad de escuchar a los concejales para trabajar en com\u00fan en la mejora del servicio en una ciudad que crece\u201d. El concejal Pablo Padilla se\u00f1al\u00f3 que \u201cel transporte p\u00fablico es estrat\u00e9gico para nosotros porque equilibra la cuesti\u00f3n social y es vital para acompa\u00f1ar el crecimiento de la ciudad, desde lo social, desde lo ambiental, desde la accesibilidad\u201d, y pidi\u00f3 seguir trabajando \u201cpara que muchos dejen de usar el autom\u00f3vil particular y utilicen el colectivo\u201d.<\/p>\n\n\n\n<p>El intendente Saloniti celebr\u00f3 esta incorporaci\u00f3n de estas dos unidades y las otras dos que se sumar\u00e1n en octubre y pidi\u00f3 \u201centender de d\u00f3nde venimos\u201d, porque \u201cque con la empresa pasamos de lograr sostener el servicio p\u00fablico, que no se vaya, a ponernos al d\u00eda e incorporar nuevas unidades\u201d.<\/p>\n\n\n\n<p>\u201cHay cosas por mejorar, s\u00ed, pero siempre miremos el lado positivo. San Martin de los Andes podr\u00eda haberse quedado sin transporte p\u00fablico y hubiese sido un gran problema. Tuvimos que pagar deudas, readecuar el contrato, hicimos un esfuerzo entre el Ejecutivo municipal y el Concejo Deliberante y por eso hoy la noticia es la incorporaci\u00f3n de nuevas unidades\u201d, se\u00f1al\u00f3.<\/p>\n\n\n\n<p>Reafirm\u00f3 que el Gobierno municipal le da importancia al transporte p\u00fablico y record\u00f3 que, en San Mart\u00edn de los Andes, \u201cel boleto estudiantil es gratuito porque el estacionamiento lo permite\u201d e insisti\u00f3 en que \u201cestanos dentro de los problemas positivos, ya no estamos con el problema de saber si la empresa se va o se queda. Hoy podemos disfrutar de estas dos nuevas unidades\u201d.<\/p>\n\n\n\n<p>Marcelo Mas, de la UTA, destac\u00f3 que \u201ces una noticia excelente para los trabajadores, porque las nuevas unidades mejorar\u00e1n el manejo, con cajas autom\u00e1ticas y menos problemas para manejar en esta ciudad con las condiciones clim\u00e1ticas\u201d. Agreg\u00f3 que \u201cqueremos es que la gente se sienta conforme con lo que se va a avanzando, teniendo en cuenta la situaci\u00f3n general a nivel pa\u00eds\u201d.<\/p>\n\n\n\n<figure class=\"wp-block-gallery has-nested-images columns-default is-cropped wp-block-gallery-1 is-layout-flex wp-block-gallery-is-layout-flex\">\n<figure class=\"wp-block-image size-large\"><img loading=\"lazy\" decoding=\"async\" width=\"1024\" height=\"576\" data-id=\"8746\" src=\"https:\/\/prensa.sma.gob.ar\/wp-content\/uploads\/2025\/07\/WhatsApp-Image-2025-07-25-at-17.55.46-1-1024x576.jpeg\" alt=\"\" class=\"wp-image-8746\" srcset=\"https:\/\/prensa.sma.gob.ar\/wp-content\/uploads\/2025\/07\/WhatsApp-Image-2025-07-25-at-17.55.46-1-1024x576.jpeg 1024w, https:\/\/prensa.sma.gob.ar\/wp-content\/uploads\/2025\/07\/WhatsApp-Image-2025-07-25-at-17.55.46-1-300x169.jpeg 300w, https:\/\/prensa.sma.gob.ar\/wp-content\/uploads\/2025\/07\/WhatsApp-Image-2025-07-25-at-17.55.46-1-768x432.jpeg 768w, https:\/\/prensa.sma.gob.ar\/wp-content\/uploads\/2025\/07\/WhatsApp-Image-2025-07-25-at-17.55.46-1-1536x864.jpeg 1536w, https:\/\/prensa.sma.gob.ar\/wp-content\/uploads\/2025\/07\/WhatsApp-Image-2025-07-25-at-17.55.46-1-747x420.jpeg 747w, https:\/\/prensa.sma.gob.ar\/wp-content\/uploads\/2025\/07\/WhatsApp-Image-2025-07-25-at-17.55.46-1-696x392.jpeg 696w, https:\/\/prensa.sma.gob.ar\/wp-content\/uploads\/2025\/07\/WhatsApp-Image-2025-07-25-at-17.55.46-1-1068x601.jpeg 1068w, https:\/\/prensa.sma.gob.ar\/wp-content\/uploads\/2025\/07\/WhatsApp-Image-2025-07-25-at-17.55.46-1.jpeg 1600w\" sizes=\"auto, (max-width: 1024px) 100vw, 1024px\" \/><\/figure>\n\n\n\n<figure class=\"wp-block-image size-large\"><img loading=\"lazy\" decoding=\"async\" width=\"1024\" height=\"585\" data-id=\"8749\" src=\"https:\/\/prensa.sma.gob.ar\/wp-content\/uploads\/2025\/07\/WhatsApp-Image-2025-07-25-at-17.55.44-1024x585.jpeg\" alt=\"\" class=\"wp-image-8749\" srcset=\"https:\/\/prensa.sma.gob.ar\/wp-content\/uploads\/2025\/07\/WhatsApp-Image-2025-07-25-at-17.55.44-1024x585.jpeg 1024w, https:\/\/prensa.sma.gob.ar\/wp-content\/uploads\/2025\/07\/WhatsApp-Image-2025-07-25-at-17.55.44-300x171.jpeg 300w, https:\/\/prensa.sma.gob.ar\/wp-content\/uploads\/2025\/07\/WhatsApp-Image-2025-07-25-at-17.55.44-768x439.jpeg 768w, https:\/\/prensa.sma.gob.ar\/wp-content\/uploads\/2025\/07\/WhatsApp-Image-2025-07-25-at-17.55.44-1536x877.jpeg 1536w, https:\/\/prensa.sma.gob.ar\/wp-content\/uploads\/2025\/07\/WhatsApp-Image-2025-07-25-at-17.55.44-735x420.jpeg 735w, https:\/\/prensa.sma.gob.ar\/wp-content\/uploads\/2025\/07\/WhatsApp-Image-2025-07-25-at-17.55.44-696x398.jpeg 696w, https:\/\/prensa.sma.gob.ar\/wp-content\/uploads\/2025\/07\/WhatsApp-Image-2025-07-25-at-17.55.44-1068x610.jpeg 1068w, https:\/\/prensa.sma.gob.ar\/wp-content\/uploads\/2025\/07\/WhatsApp-Image-2025-07-25-at-17.55.44.jpeg 1600w\" sizes=\"auto, (max-width: 1024px) 100vw, 1024px\" \/><\/figure>\n\n\n\n<figure class=\"wp-block-image size-large\"><img loading=\"lazy\" decoding=\"async\" width=\"1024\" height=\"576\" data-id=\"8741\" src=\"https:\/\/prensa.sma.gob.ar\/wp-content\/uploads\/2025\/07\/WhatsApp-Image-2025-07-25-at-17.55.47-2-1024x576.jpeg\" alt=\"\" class=\"wp-image-8741\" srcset=\"https:\/\/prensa.sma.gob.ar\/wp-content\/uploads\/2025\/07\/WhatsApp-Image-2025-07-25-at-17.55.47-2-1024x576.jpeg 1024w, https:\/\/prensa.sma.gob.ar\/wp-content\/uploads\/2025\/07\/WhatsApp-Image-2025-07-25-at-17.55.47-2-300x169.jpeg 300w, https:\/\/prensa.sma.gob.ar\/wp-content\/uploads\/2025\/07\/WhatsApp-Image-2025-07-25-at-17.55.47-2-768x432.jpeg 768w, https:\/\/prensa.sma.gob.ar\/wp-content\/uploads\/2025\/07\/WhatsApp-Image-2025-07-25-at-17.55.47-2-1536x864.jpeg 1536w, https:\/\/prensa.sma.gob.ar\/wp-content\/uploads\/2025\/07\/WhatsApp-Image-2025-07-25-at-17.55.47-2-747x420.jpeg 747w, https:\/\/prensa.sma.gob.ar\/wp-content\/uploads\/2025\/07\/WhatsApp-Image-2025-07-25-at-17.55.47-2-696x392.jpeg 696w, https:\/\/prensa.sma.gob.ar\/wp-content\/uploads\/2025\/07\/WhatsApp-Image-2025-07-25-at-17.55.47-2-1068x601.jpeg 1068w, https:\/\/prensa.sma.gob.ar\/wp-content\/uploads\/2025\/07\/WhatsApp-Image-2025-07-25-at-17.55.47-2.jpeg 1600w\" sizes=\"auto, (max-width: 1024px) 100vw, 1024px\" \/><\/figure>\n\n\n\n<figure class=\"wp-block-image size-large\"><img loading=\"lazy\" decoding=\"async\" width=\"1024\" height=\"576\" data-id=\"8739\" src=\"https:\/\/prensa.sma.gob.ar\/wp-content\/uploads\/2025\/07\/WhatsApp-Image-2025-07-25-at-17.55.48-1024x576.jpeg\" alt=\"\" class=\"wp-image-8739\" srcset=\"https:\/\/prensa.sma.gob.ar\/wp-content\/uploads\/2025\/07\/WhatsApp-Image-2025-07-25-at-17.55.48-1024x576.jpeg 1024w, https:\/\/prensa.sma.gob.ar\/wp-content\/uploads\/2025\/07\/WhatsApp-Image-2025-07-25-at-17.55.48-300x169.jpeg 300w, https:\/\/prensa.sma.gob.ar\/wp-content\/uploads\/2025\/07\/WhatsApp-Image-2025-07-25-at-17.55.48-768x432.jpeg 768w, https:\/\/prensa.sma.gob.ar\/wp-content\/uploads\/2025\/07\/WhatsApp-Image-2025-07-25-at-17.55.48-1536x864.jpeg 1536w, https:\/\/prensa.sma.gob.ar\/wp-content\/uploads\/2025\/07\/WhatsApp-Image-2025-07-25-at-17.55.48-747x420.jpeg 747w, https:\/\/prensa.sma.gob.ar\/wp-content\/uploads\/2025\/07\/WhatsApp-Image-2025-07-25-at-17.55.48-696x392.jpeg 696w, https:\/\/prensa.sma.gob.ar\/wp-content\/uploads\/2025\/07\/WhatsApp-Image-2025-07-25-at-17.55.48-1068x601.jpeg 1068w, https:\/\/prensa.sma.gob.ar\/wp-content\/uploads\/2025\/07\/WhatsApp-Image-2025-07-25-at-17.55.48.jpeg 1600w\" sizes=\"auto, (max-width: 1024px) 100vw, 1024px\" \/><\/figure>\n\n\n\n<figure class=\"wp-block-image size-large\"><img loading=\"lazy\" decoding=\"async\" width=\"1024\" height=\"576\" data-id=\"8740\" src=\"https:\/\/prensa.sma.gob.ar\/wp-content\/uploads\/2025\/07\/WhatsApp-Image-2025-07-25-at-17.55.47-3-1024x576.jpeg\" alt=\"\" class=\"wp-image-8740\" srcset=\"https:\/\/prensa.sma.gob.ar\/wp-content\/uploads\/2025\/07\/WhatsApp-Image-2025-07-25-at-17.55.47-3-1024x576.jpeg 1024w, https:\/\/prensa.sma.gob.ar\/wp-content\/uploads\/2025\/07\/WhatsApp-Image-2025-07-25-at-17.55.47-3-300x169.jpeg 300w, https:\/\/prensa.sma.gob.ar\/wp-content\/uploads\/2025\/07\/WhatsApp-Image-2025-07-25-at-17.55.47-3-768x432.jpeg 768w, https:\/\/prensa.sma.gob.ar\/wp-content\/uploads\/2025\/07\/WhatsApp-Image-2025-07-25-at-17.55.47-3-1536x864.jpeg 1536w, https:\/\/prensa.sma.gob.ar\/wp-content\/uploads\/2025\/07\/WhatsApp-Image-2025-07-25-at-17.55.47-3-747x420.jpeg 747w, https:\/\/prensa.sma.gob.ar\/wp-content\/uploads\/2025\/07\/WhatsApp-Image-2025-07-25-at-17.55.47-3-696x392.jpeg 696w, https:\/\/prensa.sma.gob.ar\/wp-content\/uploads\/2025\/07\/WhatsApp-Image-2025-07-25-at-17.55.47-3-1068x601.jpeg 1068w, https:\/\/prensa.sma.gob.ar\/wp-content\/uploads\/2025\/07\/WhatsApp-Image-2025-07-25-at-17.55.47-3.jpeg 1600w\" sizes=\"auto, (max-width: 1024px) 100vw, 1024px\" \/><\/figure>\n\n\n\n<figure class=\"wp-block-image size-large\"><img loading=\"lazy\" decoding=\"async\" width=\"1024\" height=\"645\" data-id=\"8744\" src=\"https:\/\/prensa.sma.gob.ar\/wp-content\/uploads\/2025\/07\/WhatsApp-Image-2025-07-25-at-17.55.46-3-1024x645.jpeg\" alt=\"\" class=\"wp-image-8744\" srcset=\"https:\/\/prensa.sma.gob.ar\/wp-content\/uploads\/2025\/07\/WhatsApp-Image-2025-07-25-at-17.55.46-3-1024x645.jpeg 1024w, https:\/\/prensa.sma.gob.ar\/wp-content\/uploads\/2025\/07\/WhatsApp-Image-2025-07-25-at-17.55.46-3-300x189.jpeg 300w, https:\/\/prensa.sma.gob.ar\/wp-content\/uploads\/2025\/07\/WhatsApp-Image-2025-07-25-at-17.55.46-3-768x484.jpeg 768w, https:\/\/prensa.sma.gob.ar\/wp-content\/uploads\/2025\/07\/WhatsApp-Image-2025-07-25-at-17.55.46-3-1536x968.jpeg 1536w, https:\/\/prensa.sma.gob.ar\/wp-content\/uploads\/2025\/07\/WhatsApp-Image-2025-07-25-at-17.55.46-3-667x420.jpeg 667w, https:\/\/prensa.sma.gob.ar\/wp-content\/uploads\/2025\/07\/WhatsApp-Image-2025-07-25-at-17.55.46-3-696x438.jpeg 696w, https:\/\/prensa.sma.gob.ar\/wp-content\/uploads\/2025\/07\/WhatsApp-Image-2025-07-25-at-17.55.46-3-1068x673.jpeg 1068w, https:\/\/prensa.sma.gob.ar\/wp-content\/uploads\/2025\/07\/WhatsApp-Image-2025-07-25-at-17.55.46-3.jpeg 1600w\" sizes=\"auto, (max-width: 1024px) 100vw, 1024px\" \/><\/figure>\n\n\n\n<figure class=\"wp-block-image size-large\"><img loading=\"lazy\" decoding=\"async\" width=\"1024\" height=\"576\" data-id=\"8738\" src=\"https:\/\/prensa.sma.gob.ar\/wp-content\/uploads\/2025\/07\/WhatsApp-Image-2025-07-25-at-17.55.48-1-1024x576.jpeg\" alt=\"\" class=\"wp-image-8738\" srcset=\"https:\/\/prensa.sma.gob.ar\/wp-content\/uploads\/2025\/07\/WhatsApp-Image-2025-07-25-at-17.55.48-1-1024x576.jpeg 1024w, https:\/\/prensa.sma.gob.ar\/wp-content\/uploads\/2025\/07\/WhatsApp-Image-2025-07-25-at-17.55.48-1-300x169.jpeg 300w, https:\/\/prensa.sma.gob.ar\/wp-content\/uploads\/2025\/07\/WhatsApp-Image-2025-07-25-at-17.55.48-1-768x432.jpeg 768w, https:\/\/prensa.sma.gob.ar\/wp-content\/uploads\/2025\/07\/WhatsApp-Image-2025-07-25-at-17.55.48-1-1536x864.jpeg 1536w, https:\/\/prensa.sma.gob.ar\/wp-content\/uploads\/2025\/07\/WhatsApp-Image-2025-07-25-at-17.55.48-1-747x420.jpeg 747w, https:\/\/prensa.sma.gob.ar\/wp-content\/uploads\/2025\/07\/WhatsApp-Image-2025-07-25-at-17.55.48-1-696x392.jpeg 696w, https:\/\/prensa.sma.gob.ar\/wp-content\/uploads\/2025\/07\/WhatsApp-Image-2025-07-25-at-17.55.48-1-1068x601.jpeg 1068w, https:\/\/prensa.sma.gob.ar\/wp-content\/uploads\/2025\/07\/WhatsApp-Image-2025-07-25-at-17.55.48-1.jpeg 1600w\" sizes=\"auto, (max-width: 1024px) 100vw, 1024px\" \/><\/figure>\n\n\n\n<figure class=\"wp-block-image size-large\"><img loading=\"lazy\" decoding=\"async\" width=\"1024\" height=\"576\" data-id=\"8742\" src=\"https:\/\/prensa.sma.gob.ar\/wp-content\/uploads\/2025\/07\/WhatsApp-Image-2025-07-25-at-17.55.47-1-1024x576.jpeg\" alt=\"\" class=\"wp-image-8742\" srcset=\"https:\/\/prensa.sma.gob.ar\/wp-content\/uploads\/2025\/07\/WhatsApp-Image-2025-07-25-at-17.55.47-1-1024x576.jpeg 1024w, https:\/\/prensa.sma.gob.ar\/wp-content\/uploads\/2025\/07\/WhatsApp-Image-2025-07-25-at-17.55.47-1-300x169.jpeg 300w, https:\/\/prensa.sma.gob.ar\/wp-content\/uploads\/2025\/07\/WhatsApp-Image-2025-07-25-at-17.55.47-1-768x432.jpeg 768w, https:\/\/prensa.sma.gob.ar\/wp-content\/uploads\/2025\/07\/WhatsApp-Image-2025-07-25-at-17.55.47-1-1536x864.jpeg 1536w, https:\/\/prensa.sma.gob.ar\/wp-content\/uploads\/2025\/07\/WhatsApp-Image-2025-07-25-at-17.55.47-1-747x420.jpeg 747w, https:\/\/prensa.sma.gob.ar\/wp-content\/uploads\/2025\/07\/WhatsApp-Image-2025-07-25-at-17.55.47-1-696x392.jpeg 696w, https:\/\/prensa.sma.gob.ar\/wp-content\/uploads\/2025\/07\/WhatsApp-Image-2025-07-25-at-17.55.47-1-1068x601.jpeg 1068w, https:\/\/prensa.sma.gob.ar\/wp-content\/uploads\/2025\/07\/WhatsApp-Image-2025-07-25-at-17.55.47-1.jpeg 1600w\" sizes=\"auto, (max-width: 1024px) 100vw, 1024px\" \/><\/figure>\n\n\n\n<figure class=\"wp-block-image size-large\"><img loading=\"lazy\" decoding=\"async\" width=\"1024\" height=\"616\" data-id=\"8743\" src=\"https:\/\/prensa.sma.gob.ar\/wp-content\/uploads\/2025\/07\/WhatsApp-Image-2025-07-25-at-17.55.47-1024x616.jpeg\" alt=\"\" class=\"wp-image-8743\" srcset=\"https:\/\/prensa.sma.gob.ar\/wp-content\/uploads\/2025\/07\/WhatsApp-Image-2025-07-25-at-17.55.47-1024x616.jpeg 1024w, https:\/\/prensa.sma.gob.ar\/wp-content\/uploads\/2025\/07\/WhatsApp-Image-2025-07-25-at-17.55.47-300x180.jpeg 300w, https:\/\/prensa.sma.gob.ar\/wp-content\/uploads\/2025\/07\/WhatsApp-Image-2025-07-25-at-17.55.47-768x462.jpeg 768w, https:\/\/prensa.sma.gob.ar\/wp-content\/uploads\/2025\/07\/WhatsApp-Image-2025-07-25-at-17.55.47-1536x924.jpeg 1536w, https:\/\/prensa.sma.gob.ar\/wp-content\/uploads\/2025\/07\/WhatsApp-Image-2025-07-25-at-17.55.47-699x420.jpeg 699w, https:\/\/prensa.sma.gob.ar\/wp-content\/uploads\/2025\/07\/WhatsApp-Image-2025-07-25-at-17.55.47-696x418.jpeg 696w, https:\/\/prensa.sma.gob.ar\/wp-content\/uploads\/2025\/07\/WhatsApp-Image-2025-07-25-at-17.55.47-1068x642.jpeg 1068w, https:\/\/prensa.sma.gob.ar\/wp-content\/uploads\/2025\/07\/WhatsApp-Image-2025-07-25-at-17.55.47.jpeg 1600w\" sizes=\"auto, (max-width: 1024px) 100vw, 1024px\" \/><\/figure>\n\n\n\n<figure class=\"wp-block-image size-large\"><img loading=\"lazy\" decoding=\"async\" width=\"1024\" height=\"599\" data-id=\"8750\" src=\"https:\/\/prensa.sma.gob.ar\/wp-content\/uploads\/2025\/07\/WhatsApp-Image-2025-07-25-at-17.55.43-1024x599.jpeg\" alt=\"\" class=\"wp-image-8750\" srcset=\"https:\/\/prensa.sma.gob.ar\/wp-content\/uploads\/2025\/07\/WhatsApp-Image-2025-07-25-at-17.55.43-1024x599.jpeg 1024w, https:\/\/prensa.sma.gob.ar\/wp-content\/uploads\/2025\/07\/WhatsApp-Image-2025-07-25-at-17.55.43-300x176.jpeg 300w, https:\/\/prensa.sma.gob.ar\/wp-content\/uploads\/2025\/07\/WhatsApp-Image-2025-07-25-at-17.55.43-768x449.jpeg 768w, https:\/\/prensa.sma.gob.ar\/wp-content\/uploads\/2025\/07\/WhatsApp-Image-2025-07-25-at-17.55.43-1536x899.jpeg 1536w, https:\/\/prensa.sma.gob.ar\/wp-content\/uploads\/2025\/07\/WhatsApp-Image-2025-07-25-at-17.55.43-718x420.jpeg 718w, https:\/\/prensa.sma.gob.ar\/wp-content\/uploads\/2025\/07\/WhatsApp-Image-2025-07-25-at-17.55.43-696x407.jpeg 696w, https:\/\/prensa.sma.gob.ar\/wp-content\/uploads\/2025\/07\/WhatsApp-Image-2025-07-25-at-17.55.43-1068x625.jpeg 1068w, https:\/\/prensa.sma.gob.ar\/wp-content\/uploads\/2025\/07\/WhatsApp-Image-2025-07-25-at-17.55.43.jpeg 1600w\" sizes=\"auto, (max-width: 1024px) 100vw, 1024px\" \/><\/figure>\n\n\n\n<figure class=\"wp-block-image size-large\"><img loading=\"lazy\" decoding=\"async\" width=\"1024\" height=\"576\" data-id=\"8745\" src=\"https:\/\/prensa.sma.gob.ar\/wp-content\/uploads\/2025\/07\/WhatsApp-Image-2025-07-25-at-17.55.46-2-1024x576.jpeg\" alt=\"\" class=\"wp-image-8745\" srcset=\"https:\/\/prensa.sma.gob.ar\/wp-content\/uploads\/2025\/07\/WhatsApp-Image-2025-07-25-at-17.55.46-2-1024x576.jpeg 1024w, https:\/\/prensa.sma.gob.ar\/wp-content\/uploads\/2025\/07\/WhatsApp-Image-2025-07-25-at-17.55.46-2-300x169.jpeg 300w, https:\/\/prensa.sma.gob.ar\/wp-content\/uploads\/2025\/07\/WhatsApp-Image-2025-07-25-at-17.55.46-2-768x432.jpeg 768w, https:\/\/prensa.sma.gob.ar\/wp-content\/uploads\/2025\/07\/WhatsApp-Image-2025-07-25-at-17.55.46-2-1536x864.jpeg 1536w, https:\/\/prensa.sma.gob.ar\/wp-content\/uploads\/2025\/07\/WhatsApp-Image-2025-07-25-at-17.55.46-2-747x420.jpeg 747w, https:\/\/prensa.sma.gob.ar\/wp-content\/uploads\/2025\/07\/WhatsApp-Image-2025-07-25-at-17.55.46-2-696x392.jpeg 696w, https:\/\/prensa.sma.gob.ar\/wp-content\/uploads\/2025\/07\/WhatsApp-Image-2025-07-25-at-17.55.46-2-1068x601.jpeg 1068w, https:\/\/prensa.sma.gob.ar\/wp-content\/uploads\/2025\/07\/WhatsApp-Image-2025-07-25-at-17.55.46-2.jpeg 1600w\" sizes=\"auto, (max-width: 1024px) 100vw, 1024px\" \/><\/figure>\n<\/figure>\n","protected":false},"excerpt":{"rendered":"<p>La empresa Expreso Colonia, que tiene a cargo el servicio municipal de Expreso Los Andes, present\u00f3 dos nuevas unidades que se destinar\u00e1n al servicio urbano de pasajeros, para renovar aquellas que van cumpliendo su vida \u00fatil. Los responsables de la empresa adelantaron que en octubre se renovar\u00e1n otros dos colectivos. La presentaci\u00f3n se realiz\u00f3 dentro [&hellip;]<\/p>\n","protected":false},"author":2,"featured_media":8737,"comment_status":"closed","ping_status":"open","sticky":false,"template":"","format":"standard","meta":{"footnotes":""},"categories":[16,14,17],"tags":[],"class_list":{"0":"post-8736","1":"post","2":"type-post","3":"status-publish","4":"format-standard","5":"has-post-thumbnail","7":"category-destacadas","8":"category-noticias","9":"category-portada"},"_links":{"self":[{"href":"https:\/\/prensa.sma.gob.ar\/index.php?rest_route=\/wp\/v2\/posts\/8736","targetHints":{"allow":["GET"]}}],"collection":[{"href":"https:\/\/prensa.sma.gob.ar\/index.php?rest_route=\/wp\/v2\/posts"}],"about":[{"href":"https:\/\/prensa.sma.gob.ar\/index.php?rest_route=\/wp\/v2\/types\/post"}],"author":[{"embeddable":true,"href":"https:\/\/prensa.sma.gob.ar\/index.php?rest_route=\/wp\/v2\/users\/2"}],"replies":[{"embeddable":true,"href":"https:\/\/prensa.sma.gob.ar\/index.php?rest_route=%2Fwp%2Fv2%2Fcomments&post=8736"}],"version-history":[{"count":2,"href":"https:\/\/prensa.sma.gob.ar\/index.php?rest_route=\/wp\/v2\/posts\/8736\/revisions"}],"predecessor-version":[{"id":8752,"href":"https:\/\/prensa.sma.gob.ar\/index.php?rest_route=\/wp\/v2\/posts\/8736\/revisions\/8752"}],"wp:featuredmedia":[{"embeddable":true,"href":"https:\/\/prensa.sma.gob.ar\/index.php?rest_route=\/wp\/v2\/media\/8737"}],"wp:attachment":[{"href":"https:\/\/prensa.sma.gob.ar\/index.php?rest_route=%2Fwp%2Fv2%2Fmedia&parent=8736"}],"wp:term":[{"taxonomy":"category","embeddable":true,"href":"https:\/\/prensa.sma.gob.ar\/index.php?rest_route=%2Fwp%2Fv2%2Fcategories&post=8736"},{"taxonomy":"post_tag","embeddable":true,"href":"https:\/\/prensa.sma.gob.ar\/index.php?rest_route=%2Fwp%2Fv2%2Ftags&post=8736"}],"curies":[{"name":"wp","href":"https:\/\/api.w.org\/{rel}","templated":true}]}}