{"id":8754,"date":"2025-07-29T01:51:02","date_gmt":"2025-07-29T01:51:02","guid":{"rendered":"https:\/\/prensa.sma.gob.ar\/?p=8754"},"modified":"2025-07-31T14:09:09","modified_gmt":"2025-07-31T14:09:09","slug":"el-intendente-saloniti-recibio-al-nuevo-grupo-coordinador-del-consejo-de-juntas-vecinales","status":"publish","type":"post","link":"https:\/\/prensa.sma.gob.ar\/?p=8754","title":{"rendered":"El intendente Saloniti recibi\u00f3 al nuevo Grupo Coordinador del Consejo de Juntas Vecinales"},"content":{"rendered":"\n<p>El jefe comunal recibi\u00f3 este lunes al Grupo Coordinador, representante del Consejo de Juntas Vecinales, renovado este mes, durante un encuentro en el que se analizaron varios temas enumerados en una nota de presentaci\u00f3n.<\/p>\n\n\n\n<p>Adem\u00e1s, el intendente municipal inform\u00f3 detalles sobre el avance de las obras del Gasoducto Cordillerano, anunciadas a comienzos de este mes durante un encuentro en Rawson en el que acompa\u00f1\u00f3 al gobernador Rolando Figueroa.<\/p>\n\n\n\n<p>Saloniti record\u00f3 que la conclusi\u00f3n de este proyecto \u2013en aproximadamente un a\u00f1o- permitir\u00e1 que la empresa Camuzzi atienda los pedidos pendientes de factibilidad de cientos de familias de nuestra ciudad.<\/p>\n\n\n\n<p>El intendente Saloniti, quien estuvo acompa\u00f1ado por la Subsecretaria de Juntas Vecinales, Lorena Gonz\u00e1lez, recibi\u00f3 la nota presentada por los integrantes del Grupo Coordinador, con una decena de temas.<\/p>\n\n\n\n<p>Por parte del Consejo de Juntas Vecinales, participaron Noelia Galdames (Junta Vecinal Cantera); Juan Gattelli (Los Callejones) \u00c1ngel Costa (Kaleuche Alto); Marita Cabrera (Chacra 28); Rosa Castillo (Los Callejones); Gabriel Swiahla (Centro); y Mar\u00eda Jos\u00e9 Fabro (Centro). \u00a0El Grupo coordinador tambi\u00e9n est\u00e1 integrado por Miguel Martelotti (Kaleuche Alto) y Carmela Conejero (Chacra 28).<\/p>\n\n\n\n<figure class=\"wp-block-gallery has-nested-images columns-default is-cropped wp-block-gallery-1 is-layout-flex wp-block-gallery-is-layout-flex\">\n<figure class=\"wp-block-image size-large\"><img loading=\"lazy\" decoding=\"async\" width=\"1024\" height=\"602\" data-id=\"8758\" src=\"https:\/\/prensa.sma.gob.ar\/wp-content\/uploads\/2025\/07\/WhatsApp-Image-2025-07-28-at-13.47.20-1024x602.jpeg\" alt=\"\" class=\"wp-image-8758\" srcset=\"https:\/\/prensa.sma.gob.ar\/wp-content\/uploads\/2025\/07\/WhatsApp-Image-2025-07-28-at-13.47.20-1024x602.jpeg 1024w, https:\/\/prensa.sma.gob.ar\/wp-content\/uploads\/2025\/07\/WhatsApp-Image-2025-07-28-at-13.47.20-300x176.jpeg 300w, https:\/\/prensa.sma.gob.ar\/wp-content\/uploads\/2025\/07\/WhatsApp-Image-2025-07-28-at-13.47.20-768x451.jpeg 768w, https:\/\/prensa.sma.gob.ar\/wp-content\/uploads\/2025\/07\/WhatsApp-Image-2025-07-28-at-13.47.20-1536x902.jpeg 1536w, https:\/\/prensa.sma.gob.ar\/wp-content\/uploads\/2025\/07\/WhatsApp-Image-2025-07-28-at-13.47.20-715x420.jpeg 715w, https:\/\/prensa.sma.gob.ar\/wp-content\/uploads\/2025\/07\/WhatsApp-Image-2025-07-28-at-13.47.20-696x409.jpeg 696w, https:\/\/prensa.sma.gob.ar\/wp-content\/uploads\/2025\/07\/WhatsApp-Image-2025-07-28-at-13.47.20-1068x627.jpeg 1068w, https:\/\/prensa.sma.gob.ar\/wp-content\/uploads\/2025\/07\/WhatsApp-Image-2025-07-28-at-13.47.20.jpeg 1600w\" sizes=\"auto, (max-width: 1024px) 100vw, 1024px\" \/><\/figure>\n\n\n\n<figure class=\"wp-block-image size-large\"><img loading=\"lazy\" decoding=\"async\" width=\"1024\" height=\"576\" data-id=\"8757\" src=\"https:\/\/prensa.sma.gob.ar\/wp-content\/uploads\/2025\/07\/WhatsApp-Image-2025-07-28-at-13.47.20-1-1024x576.jpeg\" alt=\"\" class=\"wp-image-8757\" srcset=\"https:\/\/prensa.sma.gob.ar\/wp-content\/uploads\/2025\/07\/WhatsApp-Image-2025-07-28-at-13.47.20-1-1024x576.jpeg 1024w, https:\/\/prensa.sma.gob.ar\/wp-content\/uploads\/2025\/07\/WhatsApp-Image-2025-07-28-at-13.47.20-1-300x169.jpeg 300w, https:\/\/prensa.sma.gob.ar\/wp-content\/uploads\/2025\/07\/WhatsApp-Image-2025-07-28-at-13.47.20-1-768x432.jpeg 768w, https:\/\/prensa.sma.gob.ar\/wp-content\/uploads\/2025\/07\/WhatsApp-Image-2025-07-28-at-13.47.20-1-1536x864.jpeg 1536w, https:\/\/prensa.sma.gob.ar\/wp-content\/uploads\/2025\/07\/WhatsApp-Image-2025-07-28-at-13.47.20-1-747x420.jpeg 747w, https:\/\/prensa.sma.gob.ar\/wp-content\/uploads\/2025\/07\/WhatsApp-Image-2025-07-28-at-13.47.20-1-696x392.jpeg 696w, https:\/\/prensa.sma.gob.ar\/wp-content\/uploads\/2025\/07\/WhatsApp-Image-2025-07-28-at-13.47.20-1-1068x601.jpeg 1068w, https:\/\/prensa.sma.gob.ar\/wp-content\/uploads\/2025\/07\/WhatsApp-Image-2025-07-28-at-13.47.20-1.jpeg 1600w\" sizes=\"auto, (max-width: 1024px) 100vw, 1024px\" \/><\/figure>\n\n\n\n<figure class=\"wp-block-image size-large\"><img loading=\"lazy\" decoding=\"async\" width=\"1024\" height=\"567\" data-id=\"8756\" src=\"https:\/\/prensa.sma.gob.ar\/wp-content\/uploads\/2025\/07\/WhatsApp-Image-2025-07-28-at-13.47.20-3-1024x567.jpeg\" alt=\"\" class=\"wp-image-8756\" srcset=\"https:\/\/prensa.sma.gob.ar\/wp-content\/uploads\/2025\/07\/WhatsApp-Image-2025-07-28-at-13.47.20-3-1024x567.jpeg 1024w, https:\/\/prensa.sma.gob.ar\/wp-content\/uploads\/2025\/07\/WhatsApp-Image-2025-07-28-at-13.47.20-3-300x166.jpeg 300w, https:\/\/prensa.sma.gob.ar\/wp-content\/uploads\/2025\/07\/WhatsApp-Image-2025-07-28-at-13.47.20-3-768x425.jpeg 768w, https:\/\/prensa.sma.gob.ar\/wp-content\/uploads\/2025\/07\/WhatsApp-Image-2025-07-28-at-13.47.20-3-1536x851.jpeg 1536w, https:\/\/prensa.sma.gob.ar\/wp-content\/uploads\/2025\/07\/WhatsApp-Image-2025-07-28-at-13.47.20-3-758x420.jpeg 758w, https:\/\/prensa.sma.gob.ar\/wp-content\/uploads\/2025\/07\/WhatsApp-Image-2025-07-28-at-13.47.20-3-696x385.jpeg 696w, https:\/\/prensa.sma.gob.ar\/wp-content\/uploads\/2025\/07\/WhatsApp-Image-2025-07-28-at-13.47.20-3-1068x591.jpeg 1068w, https:\/\/prensa.sma.gob.ar\/wp-content\/uploads\/2025\/07\/WhatsApp-Image-2025-07-28-at-13.47.20-3.jpeg 1600w\" sizes=\"auto, (max-width: 1024px) 100vw, 1024px\" \/><\/figure>\n<\/figure>\n\n\n\n<p>Entre estos asuntos, sobresale el reclamo de luminarias en la Ruta 40, desde Chacra 32 hasta la entrada a Ruca Hue. Saloniti explic\u00f3 que, al retirarse el Estado Nacional de una ruta que es de su jurisdicci\u00f3n, el tema debe ser afrontado por los estados provincial y municipal y se comprometi\u00f3 a conversar de este tema con las autoridades de la Empresa Provincial de Energ\u00eda del Neuqu\u00e9n (Epen).<\/p>\n\n\n\n<p>En materia de seguridad ciudadana, el mandatario dio detalles del programa de reemplazo de luminarias p\u00fablicas por luces LED, que se inaugur\u00f3 recientemente en Los Radales y que continuar\u00e1 en Alihuen Bajo, Alihuen Alto, El Arenal, y en el resto de los barrios, desde Chacra 32 hasta el centro.<\/p>\n\n\n\n<p>Otro asunto de jurisdicci\u00f3n nacional planteado por el Grupo Coordinador es la se\u00f1alizaci\u00f3n horizontal y vertical en la Ruta Nacional 40, as\u00ed como la construcci\u00f3n de rotondas. El intendente reiter\u00f3 el compromiso del Ejecutivo municipal de atender la seguridad vial pero record\u00f3 la complejidad de las gestiones con el Estado nacional que se retir\u00f3 de la obra p\u00fablica.<\/p>\n\n\n\n<p>El Grupo Coordinador tambi\u00e9n solicit\u00f3 informaci\u00f3n sobre la instalaci\u00f3n y mantenimiento de c\u00e1maras de seguridad en puntos clave de nuestra localidad. El intendente aport\u00f3 informaci\u00f3n sobre este punto y se comprometi\u00f3 a retomar el tema ante el Ministerio de Seguridad de la Provincia.<\/p>\n\n\n\n<p>El jefe comunal tambi\u00e9n tom\u00f3 nota, junto a la subsecretaria de Juntas Vecinales, sobre la informaci\u00f3n solicitada por el Grupo Coordinador en cuanto al funcionamiento de controladores en varias \u00e1reas.<\/p>\n\n\n\n<p>Otros temas planteados por vecinas y vecinos \u2013y que el jefe comunal tom\u00f3 nota- es el seguimiento de solicitudes realizadas por los vecinos en reuniones con funcionarios municipales y la comunicaci\u00f3n entre diferentes \u00e1reas; el funcionamiento de determinadas \u00e1reas municipales y los criterios utilizados para la priorizaci\u00f3n de proyectos.<\/p>\n\n\n\n<p>Finalmente, el Grupo Coordinador solicit\u00f3 conocer qu\u00e9 mecanismos se est\u00e1n implementando para fomentar la participaci\u00f3n ciudadana y mejorar la seguridad. Ante esto, el intendente Saloniti ratific\u00f3 que se est\u00e1 trabajando en la creaci\u00f3n de Ojos en Alerta, un sistema de prevenci\u00f3n y asistencia primaria del Municipio basado en la participaci\u00f3n directa de la comunidad. El jefe comunal afirm\u00f3 que los representantes de los vecinos y las vecinas ser\u00e1n convocados una vez que el proyecto cobre forma.<\/p>\n","protected":false},"excerpt":{"rendered":"<p>El jefe comunal recibi\u00f3 este lunes al Grupo Coordinador, representante del Consejo de Juntas Vecinales, renovado este mes, durante un encuentro en el que se analizaron varios temas enumerados en una nota de presentaci\u00f3n. Adem\u00e1s, el intendente municipal inform\u00f3 detalles sobre el avance de las obras del Gasoducto Cordillerano, anunciadas a comienzos de este mes [&hellip;]<\/p>\n","protected":false},"author":2,"featured_media":8755,"comment_status":"closed","ping_status":"open","sticky":false,"template":"","format":"standard","meta":{"footnotes":""},"categories":[16,39,14],"tags":[],"class_list":{"0":"post-8754","1":"post","2":"type-post","3":"status-publish","4":"format-standard","5":"has-post-thumbnail","7":"category-destacadas","8":"category-subs-juntas-vecinales","9":"category-noticias"},"_links":{"self":[{"href":"https:\/\/prensa.sma.gob.ar\/index.php?rest_route=\/wp\/v2\/posts\/8754","targetHints":{"allow":["GET"]}}],"collection":[{"href":"https:\/\/prensa.sma.gob.ar\/index.php?rest_route=\/wp\/v2\/posts"}],"about":[{"href":"https:\/\/prensa.sma.gob.ar\/index.php?rest_route=\/wp\/v2\/types\/post"}],"author":[{"embeddable":true,"href":"https:\/\/prensa.sma.gob.ar\/index.php?rest_route=\/wp\/v2\/users\/2"}],"replies":[{"embeddable":true,"href":"https:\/\/prensa.sma.gob.ar\/index.php?rest_route=%2Fwp%2Fv2%2Fcomments&post=8754"}],"version-history":[{"count":3,"href":"https:\/\/prensa.sma.gob.ar\/index.php?rest_route=\/wp\/v2\/posts\/8754\/revisions"}],"predecessor-version":[{"id":8844,"href":"https:\/\/prensa.sma.gob.ar\/index.php?rest_route=\/wp\/v2\/posts\/8754\/revisions\/8844"}],"wp:featuredmedia":[{"embeddable":true,"href":"https:\/\/prensa.sma.gob.ar\/index.php?rest_route=\/wp\/v2\/media\/8755"}],"wp:attachment":[{"href":"https:\/\/prensa.sma.gob.ar\/index.php?rest_route=%2Fwp%2Fv2%2Fmedia&parent=8754"}],"wp:term":[{"taxonomy":"category","embeddable":true,"href":"https:\/\/prensa.sma.gob.ar\/index.php?rest_route=%2Fwp%2Fv2%2Fcategories&post=8754"},{"taxonomy":"post_tag","embeddable":true,"href":"https:\/\/prensa.sma.gob.ar\/index.php?rest_route=%2Fwp%2Fv2%2Ftags&post=8754"}],"curies":[{"name":"wp","href":"https:\/\/api.w.org\/{rel}","templated":true}]}}