{"id":8764,"date":"2025-07-29T13:35:51","date_gmt":"2025-07-29T13:35:51","guid":{"rendered":"https:\/\/prensa.sma.gob.ar\/?p=8764"},"modified":"2025-07-29T13:35:52","modified_gmt":"2025-07-29T13:35:52","slug":"presentan-al-intendente-saloniti-la-consultoria-sobre-lineamientos-estrategicos-y-herramientas-de-gestion","status":"publish","type":"post","link":"https:\/\/prensa.sma.gob.ar\/?p=8764","title":{"rendered":"Presentan al intendente Saloniti la consultor\u00eda sobre lineamientos estrat\u00e9gicos y herramientas de gesti\u00f3n"},"content":{"rendered":"\n<p>El intendente Carlos Saloniti recibi\u00f3 a la consultor\u00eda Suramericana Visi\u00f3n, que, con auspicio del Consejo de Planificaci\u00f3n y Acci\u00f3n para el Desarrollo (COPADE) y financiamiento del Consejo Federal de Inversiones (CFI), trabaja sobre Estrategias y herramientas de gesti\u00f3n para la inversi\u00f3n en infraestructura y la diversificaci\u00f3n productiva en San Mart\u00edn de los Andes.<\/p>\n\n\n\n<p>De la reuni\u00f3n con el jefe comunal participaron el representante de Suramericana Visi\u00f3n, Guillermo Hang, ex director del Banco Central de la Rep\u00fablica Argentina y ex secretario de Comercio de la Naci\u00f3n; y por Christopher Williams, integrante del equipo de la consultor\u00eda.<\/p>\n\n\n\n<p>Por el Municipio, estuvieron integrantes del Consejo de Planificaci\u00f3n Estrat\u00e9gica del Municipio (COPE) encabezados por el secretario, Mart\u00edn Rodr\u00edguez, y el subsecretario, F\u00e9lix Cariboni. El COPE impuls\u00f3 una consultor\u00eda que el Gobierno de la Provincia de Neuqu\u00e9n decidi\u00f3 auspiciar a trav\u00e9s del Consejo de Planificaci\u00f3n y Acci\u00f3n para el Desarrollo (COPADE) con el financiamiento del CFI.<\/p>\n\n\n\n<p>Los representantes de Suramericana Visi\u00f3n explicaron que el objetivo de la consultor\u00eda es contribuir a la generaci\u00f3n de pol\u00edticas p\u00fablicas que fomenten un desarrollo econ\u00f3mico y social, con un trabajo de campo de un equipo multidisciplinario que realiza tareas conjuntas con funcionarios del Municipio.<\/p>\n\n\n\n<p>El an\u00e1lisis y planificaci\u00f3n estrat\u00e9gica deber\u00e1 definir, al cabo de su trabajo, previsto durante un a\u00f1o, las prioridades de la pol\u00edtica de infraestructura, de las pol\u00edticas productivas y de la formaci\u00f3n de capacidades estatales de San Mart\u00edn de los Andes con vistas a su desarrollo. Tambi\u00e9n especificar\u00e1 los obst\u00e1culos o limitantes que enfrenta actualmente la ciudad para el desarrollo pleno de sus perspectivas econ\u00f3micas, asegurando los equilibrios ambientales y la inclusi\u00f3n social.<\/p>\n\n\n\n<p>El Plan de trabajo est\u00e1 estructurado en dos componentes principales: Infraestructura, que incluye diagn\u00f3stico actualizado, men\u00fa de alternativas de pol\u00edtica p\u00fablica, selecci\u00f3n de estrategias prioritarias e implementaci\u00f3n; y Diversificaci\u00f3n Productiva, que parte del an\u00e1lisis de la estructura productiva local y de casos exitosos a nivel nacional\/internacional, identificando sectores con potencial y proponiendo estrategias para su promoci\u00f3n.<\/p>\n\n\n\n<p>Ambos componentes incluyen etapas de diagn\u00f3stico, elaboraci\u00f3n de propuestas, selecci\u00f3n y desarrollo de estrategias, e implementaci\u00f3n institucional. Se propone tambi\u00e9n desarrollar un sistema de indicadores para el monitoreo del impacto de las pol\u00edticas implementadas.<\/p>\n\n\n\n<p>Para alcanzar el objetivo, los profesionales de la consultor\u00eda requerir\u00e1n informaci\u00f3n para el diagn\u00f3stico, normas, estad\u00edsticas, sistemas; mantendr\u00e1n di\u00e1logos y entrevistas con funcionarios y actores relevantes del sector p\u00fablico y privado; y mantendr\u00e1n contacto con equipo de consultor\u00eda de ordenamiento territorial.<\/p>\n\n\n\n<figure class=\"wp-block-gallery has-nested-images columns-default is-cropped wp-block-gallery-1 is-layout-flex wp-block-gallery-is-layout-flex\">\n<figure class=\"wp-block-image size-large\"><img loading=\"lazy\" decoding=\"async\" width=\"1024\" height=\"584\" data-id=\"8767\" src=\"https:\/\/prensa.sma.gob.ar\/wp-content\/uploads\/2025\/07\/WhatsApp-Image-2025-07-25-at-09.40.07-1024x584.jpeg\" alt=\"\" class=\"wp-image-8767\" srcset=\"https:\/\/prensa.sma.gob.ar\/wp-content\/uploads\/2025\/07\/WhatsApp-Image-2025-07-25-at-09.40.07-1024x584.jpeg 1024w, https:\/\/prensa.sma.gob.ar\/wp-content\/uploads\/2025\/07\/WhatsApp-Image-2025-07-25-at-09.40.07-300x171.jpeg 300w, https:\/\/prensa.sma.gob.ar\/wp-content\/uploads\/2025\/07\/WhatsApp-Image-2025-07-25-at-09.40.07-768x438.jpeg 768w, https:\/\/prensa.sma.gob.ar\/wp-content\/uploads\/2025\/07\/WhatsApp-Image-2025-07-25-at-09.40.07-736x420.jpeg 736w, https:\/\/prensa.sma.gob.ar\/wp-content\/uploads\/2025\/07\/WhatsApp-Image-2025-07-25-at-09.40.07-696x397.jpeg 696w, https:\/\/prensa.sma.gob.ar\/wp-content\/uploads\/2025\/07\/WhatsApp-Image-2025-07-25-at-09.40.07-1068x609.jpeg 1068w, https:\/\/prensa.sma.gob.ar\/wp-content\/uploads\/2025\/07\/WhatsApp-Image-2025-07-25-at-09.40.07.jpeg 1280w\" sizes=\"auto, (max-width: 1024px) 100vw, 1024px\" \/><\/figure>\n\n\n\n<figure class=\"wp-block-image size-large\"><img loading=\"lazy\" decoding=\"async\" width=\"1024\" height=\"576\" data-id=\"8765\" src=\"https:\/\/prensa.sma.gob.ar\/wp-content\/uploads\/2025\/07\/WhatsApp-Image-2025-07-25-at-09.40.091-1024x576.jpeg\" alt=\"\" class=\"wp-image-8765\" srcset=\"https:\/\/prensa.sma.gob.ar\/wp-content\/uploads\/2025\/07\/WhatsApp-Image-2025-07-25-at-09.40.091-1024x576.jpeg 1024w, https:\/\/prensa.sma.gob.ar\/wp-content\/uploads\/2025\/07\/WhatsApp-Image-2025-07-25-at-09.40.091-300x169.jpeg 300w, https:\/\/prensa.sma.gob.ar\/wp-content\/uploads\/2025\/07\/WhatsApp-Image-2025-07-25-at-09.40.091-768x432.jpeg 768w, https:\/\/prensa.sma.gob.ar\/wp-content\/uploads\/2025\/07\/WhatsApp-Image-2025-07-25-at-09.40.091-747x420.jpeg 747w, https:\/\/prensa.sma.gob.ar\/wp-content\/uploads\/2025\/07\/WhatsApp-Image-2025-07-25-at-09.40.091-696x392.jpeg 696w, https:\/\/prensa.sma.gob.ar\/wp-content\/uploads\/2025\/07\/WhatsApp-Image-2025-07-25-at-09.40.091-1068x601.jpeg 1068w, https:\/\/prensa.sma.gob.ar\/wp-content\/uploads\/2025\/07\/WhatsApp-Image-2025-07-25-at-09.40.091.jpeg 1280w\" sizes=\"auto, (max-width: 1024px) 100vw, 1024px\" \/><\/figure>\n<\/figure>\n","protected":false},"excerpt":{"rendered":"<p>El intendente Carlos Saloniti recibi\u00f3 a la consultor\u00eda Suramericana Visi\u00f3n, que, con auspicio del Consejo de Planificaci\u00f3n y Acci\u00f3n para el Desarrollo (COPADE) y financiamiento del Consejo Federal de Inversiones (CFI), trabaja sobre Estrategias y herramientas de gesti\u00f3n para la inversi\u00f3n en infraestructura y la diversificaci\u00f3n productiva en San Mart\u00edn de los Andes. De la [&hellip;]<\/p>\n","protected":false},"author":2,"featured_media":8766,"comment_status":"closed","ping_status":"open","sticky":false,"template":"","format":"standard","meta":{"footnotes":""},"categories":[4,16,14],"tags":[],"class_list":{"0":"post-8764","1":"post","2":"type-post","3":"status-publish","4":"format-standard","5":"has-post-thumbnail","7":"category-cope","8":"category-destacadas","9":"category-noticias"},"_links":{"self":[{"href":"https:\/\/prensa.sma.gob.ar\/index.php?rest_route=\/wp\/v2\/posts\/8764","targetHints":{"allow":["GET"]}}],"collection":[{"href":"https:\/\/prensa.sma.gob.ar\/index.php?rest_route=\/wp\/v2\/posts"}],"about":[{"href":"https:\/\/prensa.sma.gob.ar\/index.php?rest_route=\/wp\/v2\/types\/post"}],"author":[{"embeddable":true,"href":"https:\/\/prensa.sma.gob.ar\/index.php?rest_route=\/wp\/v2\/users\/2"}],"replies":[{"embeddable":true,"href":"https:\/\/prensa.sma.gob.ar\/index.php?rest_route=%2Fwp%2Fv2%2Fcomments&post=8764"}],"version-history":[{"count":1,"href":"https:\/\/prensa.sma.gob.ar\/index.php?rest_route=\/wp\/v2\/posts\/8764\/revisions"}],"predecessor-version":[{"id":8768,"href":"https:\/\/prensa.sma.gob.ar\/index.php?rest_route=\/wp\/v2\/posts\/8764\/revisions\/8768"}],"wp:featuredmedia":[{"embeddable":true,"href":"https:\/\/prensa.sma.gob.ar\/index.php?rest_route=\/wp\/v2\/media\/8766"}],"wp:attachment":[{"href":"https:\/\/prensa.sma.gob.ar\/index.php?rest_route=%2Fwp%2Fv2%2Fmedia&parent=8764"}],"wp:term":[{"taxonomy":"category","embeddable":true,"href":"https:\/\/prensa.sma.gob.ar\/index.php?rest_route=%2Fwp%2Fv2%2Fcategories&post=8764"},{"taxonomy":"post_tag","embeddable":true,"href":"https:\/\/prensa.sma.gob.ar\/index.php?rest_route=%2Fwp%2Fv2%2Ftags&post=8764"}],"curies":[{"name":"wp","href":"https:\/\/api.w.org\/{rel}","templated":true}]}}