{"id":8773,"date":"2025-07-29T14:32:07","date_gmt":"2025-07-29T14:32:07","guid":{"rendered":"https:\/\/prensa.sma.gob.ar\/?p=8773"},"modified":"2025-07-30T16:42:28","modified_gmt":"2025-07-30T16:42:28","slug":"conoce-la-nueva-aplicacion-que-presentaron-expreso-los-andes-y-el-municipio","status":"publish","type":"post","link":"https:\/\/prensa.sma.gob.ar\/?p=8773","title":{"rendered":"Conoc\u00e9 la nueva aplicaci\u00f3n que presentaron Expreso Los Andes y el Municipio"},"content":{"rendered":"\n<p>La nueva aplicaci\u00f3n que puso en marcha Expreso Los Andes, permitir\u00e1, entre otras cosas, conocer el horario en tiempo real en que las unidades pasan por cada una de las paradas. Tambi\u00e9n permite saber en cu\u00e1nto tiempo pasar\u00e1 el pr\u00f3ximo colectivo, seg\u00fan el destino, acceder a los recorridos de cada una de las l\u00edneas y ramales, y conocer los horarios diagramados.<\/p>\n\n\n\n<p>Se puede acceder al nuevo sistema tanto desde <a href=\"https:\/\/expresolosandes.com.ar\/\"><strong>la p\u00e1gina web de Expreso Los Andes<\/strong><\/a> como a trav\u00e9s de una aplicaci\u00f3n en el celular mediante el escaneo de un c\u00f3digo QR que el Municipio est\u00e1 distribuyendo en paradas de colectivos, oficinas, comercios y a trav\u00e9s de las comisiones barriales desde la Subsecretar\u00eda de Juntas Vecinales.<\/p>\n\n\n\n<p>El nuevo sistema incluye consultas en tiempo real tanto del servicio urbano como del interurbano (San Mart\u00edn-Jun\u00edn) y del servicio de invierno entre la terminal y la base del Cerro Chapelco.<\/p>\n\n\n\n<p><strong>\u00bfC\u00f3mo funciona?<\/strong><\/p>\n\n\n\n<figure class=\"wp-block-gallery has-nested-images columns-default is-cropped wp-block-gallery-1 is-layout-flex wp-block-gallery-is-layout-flex\">\n<figure class=\"wp-block-image size-large\"><img loading=\"lazy\" decoding=\"async\" width=\"1024\" height=\"690\" data-id=\"8779\" src=\"https:\/\/prensa.sma.gob.ar\/wp-content\/uploads\/2025\/07\/App-1-1024x690.jpeg\" alt=\"\" class=\"wp-image-8779\" srcset=\"https:\/\/prensa.sma.gob.ar\/wp-content\/uploads\/2025\/07\/App-1-1024x690.jpeg 1024w, https:\/\/prensa.sma.gob.ar\/wp-content\/uploads\/2025\/07\/App-1-300x202.jpeg 300w, https:\/\/prensa.sma.gob.ar\/wp-content\/uploads\/2025\/07\/App-1-768x517.jpeg 768w, https:\/\/prensa.sma.gob.ar\/wp-content\/uploads\/2025\/07\/App-1-1536x1035.jpeg 1536w, https:\/\/prensa.sma.gob.ar\/wp-content\/uploads\/2025\/07\/App-1-623x420.jpeg 623w, https:\/\/prensa.sma.gob.ar\/wp-content\/uploads\/2025\/07\/App-1-696x469.jpeg 696w, https:\/\/prensa.sma.gob.ar\/wp-content\/uploads\/2025\/07\/App-1-1068x720.jpeg 1068w, https:\/\/prensa.sma.gob.ar\/wp-content\/uploads\/2025\/07\/App-1.jpeg 1600w\" sizes=\"auto, (max-width: 1024px) 100vw, 1024px\" \/><\/figure>\n\n\n\n<figure class=\"wp-block-image size-large\"><img loading=\"lazy\" decoding=\"async\" width=\"1024\" height=\"639\" data-id=\"8774\" src=\"https:\/\/prensa.sma.gob.ar\/wp-content\/uploads\/2025\/07\/App-2-1024x639.jpeg\" alt=\"\" class=\"wp-image-8774\" srcset=\"https:\/\/prensa.sma.gob.ar\/wp-content\/uploads\/2025\/07\/App-2-1024x639.jpeg 1024w, https:\/\/prensa.sma.gob.ar\/wp-content\/uploads\/2025\/07\/App-2-300x187.jpeg 300w, https:\/\/prensa.sma.gob.ar\/wp-content\/uploads\/2025\/07\/App-2-768x479.jpeg 768w, https:\/\/prensa.sma.gob.ar\/wp-content\/uploads\/2025\/07\/App-2-673x420.jpeg 673w, https:\/\/prensa.sma.gob.ar\/wp-content\/uploads\/2025\/07\/App-2-696x434.jpeg 696w, https:\/\/prensa.sma.gob.ar\/wp-content\/uploads\/2025\/07\/App-2-1068x667.jpeg 1068w, https:\/\/prensa.sma.gob.ar\/wp-content\/uploads\/2025\/07\/App-2.jpeg 1280w\" sizes=\"auto, (max-width: 1024px) 100vw, 1024px\" \/><\/figure>\n<\/figure>\n\n\n\n<p>Una vez que el usurario entr\u00f3 en la aplicaci\u00f3n o a la p\u00e1gina web, tendr\u00e1 la opci\u00f3n de seleccionar cada servicio (urbano, interurbano o Cerro Chapelco).<\/p>\n\n\n\n<p>En el caso del Servicio Urbano, se debe seleccionar la l\u00ednea y\/o ramal y si se trata de viaje de ida, desde la terminal, o de regreso, desde los barrios al centro.<\/p>\n\n\n\n<figure class=\"wp-block-gallery has-nested-images columns-default is-cropped wp-block-gallery-2 is-layout-flex wp-block-gallery-is-layout-flex\">\n<figure class=\"wp-block-image size-large\"><img loading=\"lazy\" decoding=\"async\" width=\"1024\" height=\"643\" data-id=\"8778\" src=\"https:\/\/prensa.sma.gob.ar\/wp-content\/uploads\/2025\/07\/App-3-1024x643.jpeg\" alt=\"\" class=\"wp-image-8778\" srcset=\"https:\/\/prensa.sma.gob.ar\/wp-content\/uploads\/2025\/07\/App-3-1024x643.jpeg 1024w, https:\/\/prensa.sma.gob.ar\/wp-content\/uploads\/2025\/07\/App-3-300x188.jpeg 300w, https:\/\/prensa.sma.gob.ar\/wp-content\/uploads\/2025\/07\/App-3-768x482.jpeg 768w, https:\/\/prensa.sma.gob.ar\/wp-content\/uploads\/2025\/07\/App-3-1536x964.jpeg 1536w, https:\/\/prensa.sma.gob.ar\/wp-content\/uploads\/2025\/07\/App-3-669x420.jpeg 669w, https:\/\/prensa.sma.gob.ar\/wp-content\/uploads\/2025\/07\/App-3-696x437.jpeg 696w, https:\/\/prensa.sma.gob.ar\/wp-content\/uploads\/2025\/07\/App-3-1068x670.jpeg 1068w, https:\/\/prensa.sma.gob.ar\/wp-content\/uploads\/2025\/07\/App-3.jpeg 1600w\" sizes=\"auto, (max-width: 1024px) 100vw, 1024px\" \/><\/figure>\n\n\n\n<figure class=\"wp-block-image size-large\"><img loading=\"lazy\" decoding=\"async\" width=\"1024\" height=\"643\" data-id=\"8777\" src=\"https:\/\/prensa.sma.gob.ar\/wp-content\/uploads\/2025\/07\/App-4-1024x643.jpeg\" alt=\"\" class=\"wp-image-8777\" srcset=\"https:\/\/prensa.sma.gob.ar\/wp-content\/uploads\/2025\/07\/App-4-1024x643.jpeg 1024w, https:\/\/prensa.sma.gob.ar\/wp-content\/uploads\/2025\/07\/App-4-300x188.jpeg 300w, https:\/\/prensa.sma.gob.ar\/wp-content\/uploads\/2025\/07\/App-4-768x482.jpeg 768w, https:\/\/prensa.sma.gob.ar\/wp-content\/uploads\/2025\/07\/App-4-1536x964.jpeg 1536w, https:\/\/prensa.sma.gob.ar\/wp-content\/uploads\/2025\/07\/App-4-669x420.jpeg 669w, https:\/\/prensa.sma.gob.ar\/wp-content\/uploads\/2025\/07\/App-4-696x437.jpeg 696w, https:\/\/prensa.sma.gob.ar\/wp-content\/uploads\/2025\/07\/App-4-1068x670.jpeg 1068w, https:\/\/prensa.sma.gob.ar\/wp-content\/uploads\/2025\/07\/App-4.jpeg 1600w\" sizes=\"auto, (max-width: 1024px) 100vw, 1024px\" \/><\/figure>\n<\/figure>\n\n\n\n<p>Luego se despliega el mapa donde est\u00e1n demarcados los recorridos y las paradas, incluyendo la m\u00e1s cercana al lugar donde se encuentre el usuario.<\/p>\n\n\n\n<p>Finalmente, con click en la parada seleccionada, se abre una ventanita con el horario de la pr\u00f3xima llegada, el tiempo estimado para la pasada de la unidad por ese sitio. Al pie de esta ventana, figuran los horarios diagramados, para realizar consultas de otros servicios. &nbsp;<\/p>\n\n\n\n<figure class=\"wp-block-gallery has-nested-images columns-default is-cropped wp-block-gallery-3 is-layout-flex wp-block-gallery-is-layout-flex\">\n<figure class=\"wp-block-image size-large\"><img loading=\"lazy\" decoding=\"async\" width=\"1024\" height=\"689\" data-id=\"8776\" src=\"https:\/\/prensa.sma.gob.ar\/wp-content\/uploads\/2025\/07\/App-5-1024x689.jpeg\" alt=\"\" class=\"wp-image-8776\" srcset=\"https:\/\/prensa.sma.gob.ar\/wp-content\/uploads\/2025\/07\/App-5-1024x689.jpeg 1024w, https:\/\/prensa.sma.gob.ar\/wp-content\/uploads\/2025\/07\/App-5-300x202.jpeg 300w, https:\/\/prensa.sma.gob.ar\/wp-content\/uploads\/2025\/07\/App-5-768x516.jpeg 768w, https:\/\/prensa.sma.gob.ar\/wp-content\/uploads\/2025\/07\/App-5-1536x1033.jpeg 1536w, https:\/\/prensa.sma.gob.ar\/wp-content\/uploads\/2025\/07\/App-5-625x420.jpeg 625w, https:\/\/prensa.sma.gob.ar\/wp-content\/uploads\/2025\/07\/App-5-696x468.jpeg 696w, https:\/\/prensa.sma.gob.ar\/wp-content\/uploads\/2025\/07\/App-5-1068x718.jpeg 1068w, https:\/\/prensa.sma.gob.ar\/wp-content\/uploads\/2025\/07\/App-5.jpeg 1600w\" sizes=\"auto, (max-width: 1024px) 100vw, 1024px\" \/><\/figure>\n\n\n\n<figure class=\"wp-block-image size-large\"><img loading=\"lazy\" decoding=\"async\" width=\"1024\" height=\"680\" data-id=\"8775\" src=\"https:\/\/prensa.sma.gob.ar\/wp-content\/uploads\/2025\/07\/App-6-1024x680.jpeg\" alt=\"\" class=\"wp-image-8775\" srcset=\"https:\/\/prensa.sma.gob.ar\/wp-content\/uploads\/2025\/07\/App-6-1024x680.jpeg 1024w, https:\/\/prensa.sma.gob.ar\/wp-content\/uploads\/2025\/07\/App-6-300x199.jpeg 300w, https:\/\/prensa.sma.gob.ar\/wp-content\/uploads\/2025\/07\/App-6-768x510.jpeg 768w, https:\/\/prensa.sma.gob.ar\/wp-content\/uploads\/2025\/07\/App-6-1536x1020.jpeg 1536w, https:\/\/prensa.sma.gob.ar\/wp-content\/uploads\/2025\/07\/App-6-633x420.jpeg 633w, https:\/\/prensa.sma.gob.ar\/wp-content\/uploads\/2025\/07\/App-6-696x462.jpeg 696w, https:\/\/prensa.sma.gob.ar\/wp-content\/uploads\/2025\/07\/App-6-1068x709.jpeg 1068w, https:\/\/prensa.sma.gob.ar\/wp-content\/uploads\/2025\/07\/App-6.jpeg 1600w\" sizes=\"auto, (max-width: 1024px) 100vw, 1024px\" \/><\/figure>\n<\/figure>\n\n\n<div class=\"wp-block-image\">\n<figure class=\"aligncenter size-large is-resized\"><img loading=\"lazy\" decoding=\"async\" width=\"768\" height=\"1024\" src=\"https:\/\/prensa.sma.gob.ar\/wp-content\/uploads\/2025\/07\/WhatsApp-Image-2025-07-25-at-11.29.30-768x1024.jpeg\" alt=\"\" class=\"wp-image-8780\" style=\"width:595px;height:auto\" srcset=\"https:\/\/prensa.sma.gob.ar\/wp-content\/uploads\/2025\/07\/WhatsApp-Image-2025-07-25-at-11.29.30-768x1024.jpeg 768w, https:\/\/prensa.sma.gob.ar\/wp-content\/uploads\/2025\/07\/WhatsApp-Image-2025-07-25-at-11.29.30-225x300.jpeg 225w, https:\/\/prensa.sma.gob.ar\/wp-content\/uploads\/2025\/07\/WhatsApp-Image-2025-07-25-at-11.29.30-1152x1536.jpeg 1152w, https:\/\/prensa.sma.gob.ar\/wp-content\/uploads\/2025\/07\/WhatsApp-Image-2025-07-25-at-11.29.30-315x420.jpeg 315w, https:\/\/prensa.sma.gob.ar\/wp-content\/uploads\/2025\/07\/WhatsApp-Image-2025-07-25-at-11.29.30-696x928.jpeg 696w, https:\/\/prensa.sma.gob.ar\/wp-content\/uploads\/2025\/07\/WhatsApp-Image-2025-07-25-at-11.29.30-1068x1424.jpeg 1068w, https:\/\/prensa.sma.gob.ar\/wp-content\/uploads\/2025\/07\/WhatsApp-Image-2025-07-25-at-11.29.30.jpeg 1200w\" sizes=\"auto, (max-width: 768px) 100vw, 768px\" \/><\/figure>\n<\/div>\n\n\n<figure class=\"wp-block-embed is-type-video is-provider-youtube wp-block-embed-youtube wp-embed-aspect-16-9 wp-has-aspect-ratio\"><div class=\"wp-block-embed__wrapper\">\n<div class=\"youtube-embed\" data-video_id=\"\"><iframe loading=\"lazy\" title=\"\ud83d\udcf2\ud83d\ude8c CONOC\u00c9 LA NUEVA APP DE EXPRESO LOS ANDES PARA SABER LA UBICACI\u00d3N DE TU COLECTIVO EN TIEMPO REAL\" width=\"696\" height=\"392\" src=\"https:\/\/www.youtube.com\/embed\/qFL0g3kKQ9E?feature=oembed&#038;enablejsapi=1\" frameborder=\"0\" allow=\"accelerometer; autoplay; clipboard-write; encrypted-media; gyroscope; picture-in-picture; web-share\" referrerpolicy=\"strict-origin-when-cross-origin\" allowfullscreen><\/iframe><\/div>\n<\/div><\/figure>\n","protected":false},"excerpt":{"rendered":"<p>La nueva aplicaci\u00f3n que puso en marcha Expreso Los Andes, permitir\u00e1, entre otras cosas, conocer el horario en tiempo real en que las unidades pasan por cada una de las paradas. Tambi\u00e9n permite saber en cu\u00e1nto tiempo pasar\u00e1 el pr\u00f3ximo colectivo, seg\u00fan el destino, acceder a los recorridos de cada una de las l\u00edneas y [&hellip;]<\/p>\n","protected":false},"author":2,"featured_media":8781,"comment_status":"closed","ping_status":"open","sticky":false,"template":"","format":"standard","meta":{"footnotes":""},"categories":[16,14,17],"tags":[],"class_list":{"0":"post-8773","1":"post","2":"type-post","3":"status-publish","4":"format-standard","5":"has-post-thumbnail","7":"category-destacadas","8":"category-noticias","9":"category-portada"},"_links":{"self":[{"href":"https:\/\/prensa.sma.gob.ar\/index.php?rest_route=\/wp\/v2\/posts\/8773","targetHints":{"allow":["GET"]}}],"collection":[{"href":"https:\/\/prensa.sma.gob.ar\/index.php?rest_route=\/wp\/v2\/posts"}],"about":[{"href":"https:\/\/prensa.sma.gob.ar\/index.php?rest_route=\/wp\/v2\/types\/post"}],"author":[{"embeddable":true,"href":"https:\/\/prensa.sma.gob.ar\/index.php?rest_route=\/wp\/v2\/users\/2"}],"replies":[{"embeddable":true,"href":"https:\/\/prensa.sma.gob.ar\/index.php?rest_route=%2Fwp%2Fv2%2Fcomments&post=8773"}],"version-history":[{"count":6,"href":"https:\/\/prensa.sma.gob.ar\/index.php?rest_route=\/wp\/v2\/posts\/8773\/revisions"}],"predecessor-version":[{"id":8812,"href":"https:\/\/prensa.sma.gob.ar\/index.php?rest_route=\/wp\/v2\/posts\/8773\/revisions\/8812"}],"wp:featuredmedia":[{"embeddable":true,"href":"https:\/\/prensa.sma.gob.ar\/index.php?rest_route=\/wp\/v2\/media\/8781"}],"wp:attachment":[{"href":"https:\/\/prensa.sma.gob.ar\/index.php?rest_route=%2Fwp%2Fv2%2Fmedia&parent=8773"}],"wp:term":[{"taxonomy":"category","embeddable":true,"href":"https:\/\/prensa.sma.gob.ar\/index.php?rest_route=%2Fwp%2Fv2%2Fcategories&post=8773"},{"taxonomy":"post_tag","embeddable":true,"href":"https:\/\/prensa.sma.gob.ar\/index.php?rest_route=%2Fwp%2Fv2%2Ftags&post=8773"}],"curies":[{"name":"wp","href":"https:\/\/api.w.org\/{rel}","templated":true}]}}