{"id":8789,"date":"2025-07-29T14:30:11","date_gmt":"2025-07-29T14:30:11","guid":{"rendered":"https:\/\/prensa.sma.gob.ar\/?p=8789"},"modified":"2025-07-29T16:55:43","modified_gmt":"2025-07-29T16:55:43","slug":"provincia-financiara-obras-de-agua-potable-y-saneamiento-en-san-martin-de-los-andes","status":"publish","type":"post","link":"https:\/\/prensa.sma.gob.ar\/?p=8789","title":{"rendered":"Provincia financiar\u00e1 obras de agua potable y saneamiento en San Mart\u00edn de los Andes"},"content":{"rendered":"\n<p>Como parte de las pol\u00edticas p\u00fablicas impulsadas a trav\u00e9s del Pacto de Gobernanza II, el gobernador Rolando Figueroa otorg\u00f3 a la municipalidad de San Mart\u00edn de los Andes un aporte no reintegrable de 128.063.423,28 pesos, con el objetivo de fortalecer el sistema de agua potable y saneamiento en sectores de la localidad.<\/p>\n\n\n\n<p>Este financiamiento provincial se dispuso a trav\u00e9s del decreto 854\/25, luego de que la municipalidad cumpla con todos los requisitos acordados con el gobierno provincial para la llegada de los fondos. El objetivo es cubrir el 50% de la inversi\u00f3n que el municipio ya realiz\u00f3 para mejorar la capacidad operativa de la planta de tratamiento de efluentes cloacales, as\u00ed como para cubrir parcialmente los costos del servicio de provisi\u00f3n de agua potable en algunos sectores de la localidad.<\/p>\n\n\n\n<p>El 13 de mayo, el gobernador y el intendente de San Mart\u00edn de los Andes, Carlos Saloniti suscribieron el Convenio de Cooperaci\u00f3n y Compromiso con el objeto de financiar la obra de tratamiento y disposici\u00f3n de barros provenientes de las plantas de tratamiento de efluentes cloacales y todos los otros gastos incurridos para la provisi\u00f3n del servicio de agua potable en algunos sectores de la localidad cuyo costo total asciende a 256.126.846,56 pesos.<\/p>\n\n\n\n<p>En el convenio, el gobierno se comprometi\u00f3 a financiar el 50% del gasto total de dicha obra. Esto incluye el tratamiento y disposici\u00f3n segura de los barros generados por las plantas de tratamiento de efluentes cloacales, buscando asegurar la sustentabilidad del sistema y minimizar impactos negativos sobre el ambiente y la salud p\u00fablica. Tambi\u00e9n se incluy\u00f3 la erogaci\u00f3n por la provisi\u00f3n de agua potable a los sectores Kaleuche Alto y Bajo, Los Robles, Potrero Alto, Valle, Ladera Norte y Comunidad Curruhuinca-Paraje Newen Antug-Puente Blanco.<\/p>\n\n\n\n<p>El municipio asumi\u00f3 el compromiso de avanzar en el desarrollo de infraestructura sanitaria con impacto duradero y atender a demandas vinculadas al acceso de agua potable por parte de diferentes sectores de la ciudad que no se encuentran abastecidos por parte de la Cooperativa prestadora del servicio de agua potable. As\u00ed acondicion\u00f3 6.300 metros cuadrados para la correcta disposici\u00f3n de barros, espumas y arenas provenientes de las plantas de tratamiento de efluentes cloacales, lo que implic\u00f3 movimientos de suelo, colocaci\u00f3n de material espec\u00edfico y geomembrana. Esta obra tuvo un costo de 114.063.423,28 pesos.<\/p>\n\n\n\n<p>Adicionalmente, el municipio otorg\u00f3 un aporte extraordinario de 14.000.000 de pesos a la Cooperativa de Agua Potable, para el pago parcial por la adquisici\u00f3n e instalaci\u00f3n de l\u00e1mparas UV destinadas al sistema de desinfecci\u00f3n de la Planta de Tratamiento de Efluentes Cloacales N\u00ba 1-Lago Lacar, garantizando el cumplimiento de los est\u00e1ndares de calidad ambiental exigidos por la normativa vigente.<\/p>\n\n\n\n<p>Adem\u00e1s, el municipio erog\u00f3 128.063.423,28 pesos en concepto de traslado y provisi\u00f3n de agua potable a trav\u00e9s de camiones cisternas a los sectores de Kaleuche Alto y Bajo, Los Robles, Potrero Alto, Valle, Ladera Norte y Comunidad Curruhuinca-Paraje Newen Antug y Puente Blanco.<\/p>\n\n\n\n<figure class=\"wp-block-gallery has-nested-images columns-default is-cropped wp-block-gallery-1 is-layout-flex wp-block-gallery-is-layout-flex\">\n<figure class=\"wp-block-image size-large\"><img loading=\"lazy\" decoding=\"async\" width=\"1024\" height=\"553\" data-id=\"8792\" src=\"https:\/\/prensa.sma.gob.ar\/wp-content\/uploads\/2025\/07\/WhatsApp-Image-2025-07-28-at-15.31.211-1024x553.jpeg\" alt=\"\" class=\"wp-image-8792\" srcset=\"https:\/\/prensa.sma.gob.ar\/wp-content\/uploads\/2025\/07\/WhatsApp-Image-2025-07-28-at-15.31.211-1024x553.jpeg 1024w, https:\/\/prensa.sma.gob.ar\/wp-content\/uploads\/2025\/07\/WhatsApp-Image-2025-07-28-at-15.31.211-300x162.jpeg 300w, https:\/\/prensa.sma.gob.ar\/wp-content\/uploads\/2025\/07\/WhatsApp-Image-2025-07-28-at-15.31.211-768x415.jpeg 768w, https:\/\/prensa.sma.gob.ar\/wp-content\/uploads\/2025\/07\/WhatsApp-Image-2025-07-28-at-15.31.211-1536x829.jpeg 1536w, https:\/\/prensa.sma.gob.ar\/wp-content\/uploads\/2025\/07\/WhatsApp-Image-2025-07-28-at-15.31.211-778x420.jpeg 778w, https:\/\/prensa.sma.gob.ar\/wp-content\/uploads\/2025\/07\/WhatsApp-Image-2025-07-28-at-15.31.211-696x376.jpeg 696w, https:\/\/prensa.sma.gob.ar\/wp-content\/uploads\/2025\/07\/WhatsApp-Image-2025-07-28-at-15.31.211-1068x577.jpeg 1068w, https:\/\/prensa.sma.gob.ar\/wp-content\/uploads\/2025\/07\/WhatsApp-Image-2025-07-28-at-15.31.211.jpeg 1600w\" sizes=\"auto, (max-width: 1024px) 100vw, 1024px\" \/><\/figure>\n\n\n\n<figure class=\"wp-block-image size-large\"><img loading=\"lazy\" decoding=\"async\" width=\"1024\" height=\"682\" data-id=\"8791\" src=\"https:\/\/prensa.sma.gob.ar\/wp-content\/uploads\/2025\/07\/WhatsApp-Image-2025-07-28-at-15.31.212-1024x682.jpeg\" alt=\"\" class=\"wp-image-8791\" srcset=\"https:\/\/prensa.sma.gob.ar\/wp-content\/uploads\/2025\/07\/WhatsApp-Image-2025-07-28-at-15.31.212-1024x682.jpeg 1024w, https:\/\/prensa.sma.gob.ar\/wp-content\/uploads\/2025\/07\/WhatsApp-Image-2025-07-28-at-15.31.212-300x200.jpeg 300w, https:\/\/prensa.sma.gob.ar\/wp-content\/uploads\/2025\/07\/WhatsApp-Image-2025-07-28-at-15.31.212-768x512.jpeg 768w, https:\/\/prensa.sma.gob.ar\/wp-content\/uploads\/2025\/07\/WhatsApp-Image-2025-07-28-at-15.31.212-1536x1023.jpeg 1536w, https:\/\/prensa.sma.gob.ar\/wp-content\/uploads\/2025\/07\/WhatsApp-Image-2025-07-28-at-15.31.212-630x420.jpeg 630w, https:\/\/prensa.sma.gob.ar\/wp-content\/uploads\/2025\/07\/WhatsApp-Image-2025-07-28-at-15.31.212-696x464.jpeg 696w, https:\/\/prensa.sma.gob.ar\/wp-content\/uploads\/2025\/07\/WhatsApp-Image-2025-07-28-at-15.31.212-1068x712.jpeg 1068w, https:\/\/prensa.sma.gob.ar\/wp-content\/uploads\/2025\/07\/WhatsApp-Image-2025-07-28-at-15.31.212.jpeg 1600w\" sizes=\"auto, (max-width: 1024px) 100vw, 1024px\" \/><\/figure>\n\n\n\n<figure class=\"wp-block-image size-large\"><img loading=\"lazy\" decoding=\"async\" width=\"1024\" height=\"576\" data-id=\"8794\" src=\"https:\/\/prensa.sma.gob.ar\/wp-content\/uploads\/2025\/07\/WhatsApp-Image-2025-07-28-at-15.31.20-1024x576.jpeg\" alt=\"\" class=\"wp-image-8794\" srcset=\"https:\/\/prensa.sma.gob.ar\/wp-content\/uploads\/2025\/07\/WhatsApp-Image-2025-07-28-at-15.31.20-1024x576.jpeg 1024w, https:\/\/prensa.sma.gob.ar\/wp-content\/uploads\/2025\/07\/WhatsApp-Image-2025-07-28-at-15.31.20-300x169.jpeg 300w, https:\/\/prensa.sma.gob.ar\/wp-content\/uploads\/2025\/07\/WhatsApp-Image-2025-07-28-at-15.31.20-768x432.jpeg 768w, https:\/\/prensa.sma.gob.ar\/wp-content\/uploads\/2025\/07\/WhatsApp-Image-2025-07-28-at-15.31.20-1536x864.jpeg 1536w, https:\/\/prensa.sma.gob.ar\/wp-content\/uploads\/2025\/07\/WhatsApp-Image-2025-07-28-at-15.31.20-747x420.jpeg 747w, https:\/\/prensa.sma.gob.ar\/wp-content\/uploads\/2025\/07\/WhatsApp-Image-2025-07-28-at-15.31.20-696x392.jpeg 696w, https:\/\/prensa.sma.gob.ar\/wp-content\/uploads\/2025\/07\/WhatsApp-Image-2025-07-28-at-15.31.20-1068x601.jpeg 1068w, https:\/\/prensa.sma.gob.ar\/wp-content\/uploads\/2025\/07\/WhatsApp-Image-2025-07-28-at-15.31.20.jpeg 1600w\" sizes=\"auto, (max-width: 1024px) 100vw, 1024px\" \/><\/figure>\n<\/figure>\n","protected":false},"excerpt":{"rendered":"<p>Como parte de las pol\u00edticas p\u00fablicas impulsadas a trav\u00e9s del Pacto de Gobernanza II, el gobernador Rolando Figueroa otorg\u00f3 a la municipalidad de San Mart\u00edn de los Andes un aporte no reintegrable de 128.063.423,28 pesos, con el objetivo de fortalecer el sistema de agua potable y saneamiento en sectores de la localidad. Este financiamiento provincial [&hellip;]<\/p>\n","protected":false},"author":2,"featured_media":8793,"comment_status":"closed","ping_status":"open","sticky":false,"template":"","format":"standard","meta":{"footnotes":""},"categories":[16,14,17],"tags":[],"class_list":{"0":"post-8789","1":"post","2":"type-post","3":"status-publish","4":"format-standard","5":"has-post-thumbnail","7":"category-destacadas","8":"category-noticias","9":"category-portada"},"_links":{"self":[{"href":"https:\/\/prensa.sma.gob.ar\/index.php?rest_route=\/wp\/v2\/posts\/8789","targetHints":{"allow":["GET"]}}],"collection":[{"href":"https:\/\/prensa.sma.gob.ar\/index.php?rest_route=\/wp\/v2\/posts"}],"about":[{"href":"https:\/\/prensa.sma.gob.ar\/index.php?rest_route=\/wp\/v2\/types\/post"}],"author":[{"embeddable":true,"href":"https:\/\/prensa.sma.gob.ar\/index.php?rest_route=\/wp\/v2\/users\/2"}],"replies":[{"embeddable":true,"href":"https:\/\/prensa.sma.gob.ar\/index.php?rest_route=%2Fwp%2Fv2%2Fcomments&post=8789"}],"version-history":[{"count":1,"href":"https:\/\/prensa.sma.gob.ar\/index.php?rest_route=\/wp\/v2\/posts\/8789\/revisions"}],"predecessor-version":[{"id":8795,"href":"https:\/\/prensa.sma.gob.ar\/index.php?rest_route=\/wp\/v2\/posts\/8789\/revisions\/8795"}],"wp:featuredmedia":[{"embeddable":true,"href":"https:\/\/prensa.sma.gob.ar\/index.php?rest_route=\/wp\/v2\/media\/8793"}],"wp:attachment":[{"href":"https:\/\/prensa.sma.gob.ar\/index.php?rest_route=%2Fwp%2Fv2%2Fmedia&parent=8789"}],"wp:term":[{"taxonomy":"category","embeddable":true,"href":"https:\/\/prensa.sma.gob.ar\/index.php?rest_route=%2Fwp%2Fv2%2Fcategories&post=8789"},{"taxonomy":"post_tag","embeddable":true,"href":"https:\/\/prensa.sma.gob.ar\/index.php?rest_route=%2Fwp%2Fv2%2Ftags&post=8789"}],"curies":[{"name":"wp","href":"https:\/\/api.w.org\/{rel}","templated":true}]}}