{"id":8806,"date":"2025-07-30T16:23:43","date_gmt":"2025-07-30T16:23:43","guid":{"rendered":"https:\/\/prensa.sma.gob.ar\/?p=8806"},"modified":"2025-07-30T16:23:45","modified_gmt":"2025-07-30T16:23:45","slug":"imperdible-taller-gratuito-de-mapeo-digital-no-te-quedes-afuera","status":"publish","type":"post","link":"https:\/\/prensa.sma.gob.ar\/?p=8806","title":{"rendered":"\u00a1Imperdible taller gratuito de Mapeo Digital, no te quedes afuera!\u00a0\u00a0\u00a0\u00a0\u00a0\u00a0\u00a0\u00a0\u00a0\u00a0\u00a0\u00a0\u00a0\u00a0\u00a0"},"content":{"rendered":"\n<p>El Municipio, a trav\u00e9s del Departamento de Juventud, que depende de la Subsecretar\u00eda de Producci\u00f3n, Empleo y Juventud, te invita a participar del imperdible Taller Gratuito de Mapeo Digital.<\/p>\n\n\n\n<p>La revoluci\u00f3n digital nos ha transformado en mapeadores potenciales, impulsando un movimiento global para \u00abrecuperar el mapa\u00bb y democratizar el conocimiento geogr\u00e1fico.<\/p>\n\n\n\n<p>Este taller, en colaboraci\u00f3n con el Humanitarian OpenStreetMap Team (HOT) y el Hub de Mapeo Abierto Argentina y el Caribe, ofrece una oportunidad \u00fanica de capacitaci\u00f3n gratuita para que los j\u00f3venes de nuestra localidad sean parte activa de esta transformaci\u00f3n.<\/p>\n\n\n\n<p><strong>\u00bfA qui\u00e9n va dirigido?<\/strong><\/p>\n\n\n\n<p>J\u00f3venes entre 18 y 35 a\u00f1os que buscan soluciones pr\u00e1cticas a problemas de desarrollo sostenible en su comunidad, empleando el mapeo abierto y el trabajo en equipo.<\/p>\n\n\n\n<p>Detalles del Taller:<\/p>\n\n\n\n<p>&nbsp;* Fecha: 20 de agosto<\/p>\n\n\n\n<p>&nbsp;* Modalidad: Presencial<\/p>\n\n\n\n<p>&nbsp;* Lugar: Oficina de Empleos, Delegaci\u00f3n B\u00b0 El Arenal<\/p>\n\n\n\n<p>&nbsp;* Horarios disponibles:<\/p>\n\n\n\n<p>&nbsp;&nbsp; * 10hs a 12:30hs<\/p>\n\n\n\n<p>&nbsp;&nbsp; * 18hs a 20:30hs<\/p>\n\n\n\n<p>* \u00a1Cupos Limitados!<\/p>\n\n\n\n<p>Inscripciones e Informes:<\/p>\n\n\n\n<p>&nbsp;* Email: juventud@smandes.gob.ar<\/p>\n\n\n\n<p>&nbsp;* Tel\u00e9fono: +54 2944 301690<\/p>\n\n\n\n<p>\u00a1Sumate a esta iniciativa y mapea tu localidad para construir un futuro m\u00e1s sostenible!<\/p>\n","protected":false},"excerpt":{"rendered":"<p>El Municipio, a trav\u00e9s del Departamento de Juventud, que depende de la Subsecretar\u00eda de Producci\u00f3n, Empleo y Juventud, te invita a participar del imperdible Taller Gratuito de Mapeo Digital. La revoluci\u00f3n digital nos ha transformado en mapeadores potenciales, impulsando un movimiento global para \u00abrecuperar el mapa\u00bb y democratizar el conocimiento geogr\u00e1fico. Este taller, en colaboraci\u00f3n [&hellip;]<\/p>\n","protected":false},"author":2,"featured_media":8807,"comment_status":"closed","ping_status":"open","sticky":false,"template":"","format":"standard","meta":{"footnotes":""},"categories":[16,14,38],"tags":[],"class_list":{"0":"post-8806","1":"post","2":"type-post","3":"status-publish","4":"format-standard","5":"has-post-thumbnail","7":"category-destacadas","8":"category-noticias","9":"category-subsecretaria-produccion-empleo-y-juventud"},"_links":{"self":[{"href":"https:\/\/prensa.sma.gob.ar\/index.php?rest_route=\/wp\/v2\/posts\/8806","targetHints":{"allow":["GET"]}}],"collection":[{"href":"https:\/\/prensa.sma.gob.ar\/index.php?rest_route=\/wp\/v2\/posts"}],"about":[{"href":"https:\/\/prensa.sma.gob.ar\/index.php?rest_route=\/wp\/v2\/types\/post"}],"author":[{"embeddable":true,"href":"https:\/\/prensa.sma.gob.ar\/index.php?rest_route=\/wp\/v2\/users\/2"}],"replies":[{"embeddable":true,"href":"https:\/\/prensa.sma.gob.ar\/index.php?rest_route=%2Fwp%2Fv2%2Fcomments&post=8806"}],"version-history":[{"count":1,"href":"https:\/\/prensa.sma.gob.ar\/index.php?rest_route=\/wp\/v2\/posts\/8806\/revisions"}],"predecessor-version":[{"id":8808,"href":"https:\/\/prensa.sma.gob.ar\/index.php?rest_route=\/wp\/v2\/posts\/8806\/revisions\/8808"}],"wp:featuredmedia":[{"embeddable":true,"href":"https:\/\/prensa.sma.gob.ar\/index.php?rest_route=\/wp\/v2\/media\/8807"}],"wp:attachment":[{"href":"https:\/\/prensa.sma.gob.ar\/index.php?rest_route=%2Fwp%2Fv2%2Fmedia&parent=8806"}],"wp:term":[{"taxonomy":"category","embeddable":true,"href":"https:\/\/prensa.sma.gob.ar\/index.php?rest_route=%2Fwp%2Fv2%2Fcategories&post=8806"},{"taxonomy":"post_tag","embeddable":true,"href":"https:\/\/prensa.sma.gob.ar\/index.php?rest_route=%2Fwp%2Fv2%2Ftags&post=8806"}],"curies":[{"name":"wp","href":"https:\/\/api.w.org\/{rel}","templated":true}]}}