{"id":8809,"date":"2025-07-30T16:40:45","date_gmt":"2025-07-30T16:40:45","guid":{"rendered":"https:\/\/prensa.sma.gob.ar\/?p=8809"},"modified":"2025-07-31T15:00:01","modified_gmt":"2025-07-31T15:00:01","slug":"por-que-son-importantes-los-puntos-de-lactancia-en-san-martin-de-los-andes","status":"publish","type":"post","link":"https:\/\/prensa.sma.gob.ar\/?p=8809","title":{"rendered":"\u00bfPor qu\u00e9 son importantes los Puntos de Lactancia en San Mart\u00edn de los Andes?"},"content":{"rendered":"\n<p>Con motivo de celebrarse en agosto la semana de la lactancia, el Consejo de la Comunidad para la Ni\u00f1ez, Adolescencia y Familia, recuerda la vigencia y la importancia del programa PUNTO DE LACTANCIA, de la que intervienen empresas, la Red de leche humana y la Mesa Pol\u00edtica de Participaci\u00f3n Infantil (MEPPI).<\/p>\n\n\n\n<p>En nuestro pa\u00eds, la Ley N\u00b0 26.873 de Lactancia Materna tiene como objetivo la promoci\u00f3n y concientizaci\u00f3n p\u00fablica acerca de importancia de la lactancia materna y de las pr\u00e1cticas \u00f3ptimas de nutrici\u00f3n segura para lactantes y ni\u00f1os hasta los 2 a\u00f1os de edad.<\/p>\n\n\n\n<p>La leche materna, reconocida como un tejido vivo, especialmente dise\u00f1ado para cada beb\u00e9, no s\u00f3lo provee al ni\u00f1o de todos los nutrientes, vitaminas y minerales que necesita, sino tambi\u00e9n, le confiere inmunidad contra las enfermedades m\u00e1s comunes en esa etapa de la vida.<\/p>\n\n\n\n<p>PUNTOS DE LACTANCIA surgi\u00f3 en 2022 como iniciativa de j\u00f3venes empresarias sensibilizadas y comprometidas con la lactancia materna.<\/p>\n\n\n\n<p>El PUNTO DE LACTANCIA propone la creaci\u00f3n de espacios amigables de la lactancia, brindando m\u00faltiples beneficios:<\/p>\n\n\n\n<ul class=\"wp-block-list\">\n<li>Promover la lactancia materna como alimentaci\u00f3n principal para bebes hasta los 6 meses de edad, y acompa\u00f1ado por alimentaci\u00f3n complementaria hasta que mam\u00e1 y beb\u00e9 lo deseen.<\/li>\n<\/ul>\n\n\n\n<ul class=\"wp-block-list\">\n<li>Colaborar con la continuidad de la lactancia de cada d\u00eda.<\/li>\n<\/ul>\n\n\n\n<ul class=\"wp-block-list\">\n<li>Teniendo en cuenta el clima predominante de nuestra ciudad, ofrecen un espacio ameno y abrigado para la mam\u00e1 y su bebe.<\/li>\n<\/ul>\n\n\n\n<ul class=\"wp-block-list\">\n<li>Impulsar a futuras madres a amamantar.<\/li>\n<\/ul>\n\n\n\n<ul class=\"wp-block-list\">\n<li>Acompa\u00f1ar a las madres que trabajan, disponiendo de espacios donde amamantar a su bebe sin tener que recorrer distancias largas hasta sus domicilios, muchas veces con tiempo limitado.<\/li>\n<\/ul>\n\n\n\n<ul class=\"wp-block-list\">\n<li>Promover, apoyar y brindar acompa\u00f1amiento a la lactancia, mediante carteler\u00eda o folleter\u00eda, ofreci\u00e9ndole a las mujeres la asistencia de personal capacitado.<\/li>\n<\/ul>\n\n\n\n<p>Dichos espacios amigables, tienen requerimientos m\u00ednimos para llevarse a cabo:<\/p>\n\n\n\n<ul class=\"wp-block-list\">\n<li>Deben ser espacios cerrados para resguardar de las condiciones clim\u00e1ticas.<\/li>\n<\/ul>\n\n\n\n<ul class=\"wp-block-list\">\n<li>Contar con comodidades m\u00ednimas: una silla, una mesa peque\u00f1a.<\/li>\n<\/ul>\n\n\n\n<ul class=\"wp-block-list\">\n<li>Deben ser lugares higi\u00e9nicos. Estos espacios son pensados para acompa\u00f1ar a las madres a garantizar el derecho de cada ni\u00f1o a alimentarse en donde lo necesite. No deben ser espacios aislados, sino lugares agradables donde la diada puede encontrar confort para el momento de amamantar.<\/li>\n<\/ul>\n\n\n\n<p>PUNTOS DE LACTANCIA surgi\u00f3 en 2022 como iniciativa de j\u00f3venes empresarias sensibilizadas y comprometidas con la lactancia materna.<\/p>\n\n\n\n<figure class=\"wp-block-embed is-type-video is-provider-youtube wp-block-embed-youtube wp-embed-aspect-16-9 wp-has-aspect-ratio\"><div class=\"wp-block-embed__wrapper\">\n<div class=\"youtube-embed\" data-video_id=\"\"><iframe loading=\"lazy\" title=\"\u00bfC\u00f3mo funcionan los Puntos de Lactancia en San Mart\u00edn de los Andes?\" width=\"696\" height=\"392\" src=\"https:\/\/www.youtube.com\/embed\/WVyfpycMmVs?feature=oembed&#038;enablejsapi=1\" frameborder=\"0\" allow=\"accelerometer; autoplay; clipboard-write; encrypted-media; gyroscope; picture-in-picture; web-share\" referrerpolicy=\"strict-origin-when-cross-origin\" allowfullscreen><\/iframe><\/div>\n<\/div><\/figure>\n","protected":false},"excerpt":{"rendered":"<p>Con motivo de celebrarse en agosto la semana de la lactancia, el Consejo de la Comunidad para la Ni\u00f1ez, Adolescencia y Familia, recuerda la vigencia y la importancia del programa PUNTO DE LACTANCIA, de la que intervienen empresas, la Red de leche humana y la Mesa Pol\u00edtica de Participaci\u00f3n Infantil (MEPPI). En nuestro pa\u00eds, la [&hellip;]<\/p>\n","protected":false},"author":2,"featured_media":8810,"comment_status":"closed","ping_status":"open","sticky":false,"template":"","format":"standard","meta":{"footnotes":""},"categories":[16,14],"tags":[],"class_list":{"0":"post-8809","1":"post","2":"type-post","3":"status-publish","4":"format-standard","5":"has-post-thumbnail","7":"category-destacadas","8":"category-noticias"},"_links":{"self":[{"href":"https:\/\/prensa.sma.gob.ar\/index.php?rest_route=\/wp\/v2\/posts\/8809","targetHints":{"allow":["GET"]}}],"collection":[{"href":"https:\/\/prensa.sma.gob.ar\/index.php?rest_route=\/wp\/v2\/posts"}],"about":[{"href":"https:\/\/prensa.sma.gob.ar\/index.php?rest_route=\/wp\/v2\/types\/post"}],"author":[{"embeddable":true,"href":"https:\/\/prensa.sma.gob.ar\/index.php?rest_route=\/wp\/v2\/users\/2"}],"replies":[{"embeddable":true,"href":"https:\/\/prensa.sma.gob.ar\/index.php?rest_route=%2Fwp%2Fv2%2Fcomments&post=8809"}],"version-history":[{"count":2,"href":"https:\/\/prensa.sma.gob.ar\/index.php?rest_route=\/wp\/v2\/posts\/8809\/revisions"}],"predecessor-version":[{"id":8845,"href":"https:\/\/prensa.sma.gob.ar\/index.php?rest_route=\/wp\/v2\/posts\/8809\/revisions\/8845"}],"wp:featuredmedia":[{"embeddable":true,"href":"https:\/\/prensa.sma.gob.ar\/index.php?rest_route=\/wp\/v2\/media\/8810"}],"wp:attachment":[{"href":"https:\/\/prensa.sma.gob.ar\/index.php?rest_route=%2Fwp%2Fv2%2Fmedia&parent=8809"}],"wp:term":[{"taxonomy":"category","embeddable":true,"href":"https:\/\/prensa.sma.gob.ar\/index.php?rest_route=%2Fwp%2Fv2%2Fcategories&post=8809"},{"taxonomy":"post_tag","embeddable":true,"href":"https:\/\/prensa.sma.gob.ar\/index.php?rest_route=%2Fwp%2Fv2%2Ftags&post=8809"}],"curies":[{"name":"wp","href":"https:\/\/api.w.org\/{rel}","templated":true}]}}