{"id":8813,"date":"2025-07-30T16:59:09","date_gmt":"2025-07-30T16:59:09","guid":{"rendered":"https:\/\/prensa.sma.gob.ar\/?p=8813"},"modified":"2025-07-30T17:14:04","modified_gmt":"2025-07-30T17:14:04","slug":"el-intendente-saloniti-reafirmo-la-importancia-de-la-subsecretaria-de-juntas-vecinales-y-de-las-comisiones-barriales","status":"publish","type":"post","link":"https:\/\/prensa.sma.gob.ar\/?p=8813","title":{"rendered":"El intendente Saloniti reafirm\u00f3 la importancia de las Juntas Vecinales y de las comisiones barriales"},"content":{"rendered":"\n<p>El intendente Carlos Saloniti y el secretario de Obras y Servicios P\u00fablicos, H\u00e9ctor Dur\u00e1n, visitaron este martes las oficinas de la Subsecretar\u00eda de Juntas Vecinales para analizar con la responsable del \u00e1rea, Lorena Gonz\u00e1lez, detalles de la reuni\u00f3n que este lunes mantuvieron con el Grupo Coordinador del Consejo de Juntas Vecinales.<\/p>\n\n\n\n<p>Durante el encuentro \u2013del que tambi\u00e9n particip\u00f3 Florencia Gonz\u00e1lez, del equipo de la Subsecretar\u00eda-, el jefe comunal ratific\u00f3 la importancia de que las vecinas y vecinos canalicen sus demandas y necesidades a trav\u00e9s de esta \u00e1rea y la revalorizaci\u00f3n de las Comisiones Barriales y del Consejo de Juntas Vecinales.<\/p>\n\n\n\n<p>Saloniti instruy\u00f3 a sus funcionarios para que, tanto la prioridad de las respuestas del Ejecutivo a la comunidad, como el seguimiento de sus demandas, se materialice a trav\u00e9s de las organizaciones vecinales y de la Subsecretar\u00eda del \u00e1rea.<\/p>\n\n\n\n<p>El lunes, el jefe comunal recibi\u00f3 al Grupo Coordinador, representante del Consejo de Juntas Vecinales, renovado este mes, durante un encuentro en el que se analizaron varios temas, enumerados en una nota presentada durante el encuentro.<\/p>\n","protected":false},"excerpt":{"rendered":"<p>El intendente Carlos Saloniti y el secretario de Obras y Servicios P\u00fablicos, H\u00e9ctor Dur\u00e1n, visitaron este martes las oficinas de la Subsecretar\u00eda de Juntas Vecinales para analizar con la responsable del \u00e1rea, Lorena Gonz\u00e1lez, detalles de la reuni\u00f3n que este lunes mantuvieron con el Grupo Coordinador del Consejo de Juntas Vecinales. Durante el encuentro \u2013del [&hellip;]<\/p>\n","protected":false},"author":2,"featured_media":8814,"comment_status":"closed","ping_status":"open","sticky":false,"template":"","format":"standard","meta":{"footnotes":""},"categories":[39,14],"tags":[],"class_list":{"0":"post-8813","1":"post","2":"type-post","3":"status-publish","4":"format-standard","5":"has-post-thumbnail","7":"category-subs-juntas-vecinales","8":"category-noticias"},"_links":{"self":[{"href":"https:\/\/prensa.sma.gob.ar\/index.php?rest_route=\/wp\/v2\/posts\/8813","targetHints":{"allow":["GET"]}}],"collection":[{"href":"https:\/\/prensa.sma.gob.ar\/index.php?rest_route=\/wp\/v2\/posts"}],"about":[{"href":"https:\/\/prensa.sma.gob.ar\/index.php?rest_route=\/wp\/v2\/types\/post"}],"author":[{"embeddable":true,"href":"https:\/\/prensa.sma.gob.ar\/index.php?rest_route=\/wp\/v2\/users\/2"}],"replies":[{"embeddable":true,"href":"https:\/\/prensa.sma.gob.ar\/index.php?rest_route=%2Fwp%2Fv2%2Fcomments&post=8813"}],"version-history":[{"count":2,"href":"https:\/\/prensa.sma.gob.ar\/index.php?rest_route=\/wp\/v2\/posts\/8813\/revisions"}],"predecessor-version":[{"id":8817,"href":"https:\/\/prensa.sma.gob.ar\/index.php?rest_route=\/wp\/v2\/posts\/8813\/revisions\/8817"}],"wp:featuredmedia":[{"embeddable":true,"href":"https:\/\/prensa.sma.gob.ar\/index.php?rest_route=\/wp\/v2\/media\/8814"}],"wp:attachment":[{"href":"https:\/\/prensa.sma.gob.ar\/index.php?rest_route=%2Fwp%2Fv2%2Fmedia&parent=8813"}],"wp:term":[{"taxonomy":"category","embeddable":true,"href":"https:\/\/prensa.sma.gob.ar\/index.php?rest_route=%2Fwp%2Fv2%2Fcategories&post=8813"},{"taxonomy":"post_tag","embeddable":true,"href":"https:\/\/prensa.sma.gob.ar\/index.php?rest_route=%2Fwp%2Fv2%2Ftags&post=8813"}],"curies":[{"name":"wp","href":"https:\/\/api.w.org\/{rel}","templated":true}]}}