{"id":8846,"date":"2025-07-31T15:36:17","date_gmt":"2025-07-31T15:36:17","guid":{"rendered":"https:\/\/prensa.sma.gob.ar\/?p=8846"},"modified":"2025-07-31T15:36:18","modified_gmt":"2025-07-31T15:36:18","slug":"inscripcion-a-los-talleres-de-informatica-basica","status":"publish","type":"post","link":"https:\/\/prensa.sma.gob.ar\/?p=8846","title":{"rendered":"Inscripci\u00f3n a los talleres de Inform\u00e1tica b\u00e1sica"},"content":{"rendered":"\n<p>La Oficina de Empleo abre la inscripci\u00f3n a los Talleres de Inform\u00e1tica b\u00e1sica, orientados al entorno laboral, que inician el lunes 11 y martes 12 de agosto.<\/p>\n\n\n\n<p>\ud83d\udc49Los interesados deber\u00e1n acercarse a la oficina, ubicada en Las Mosquetas y Los Pi\u00f1ones, barrio El Arenal, hasta el viernes 8, de 9 a 12 hs., para confirmar la inscripci\u00f3n.<\/p>\n\n\n\n<p>Los cupos son limitados<\/p>\n\n\n\n<p>Consultas al wp +5492944804989<\/p>\n\n\n<div class=\"wp-block-image\">\n<figure class=\"aligncenter size-full is-resized\"><img loading=\"lazy\" decoding=\"async\" width=\"588\" height=\"832\" src=\"https:\/\/prensa.sma.gob.ar\/wp-content\/uploads\/2025\/07\/Flyer-Taller-informatica-Agosto-2025.png\" alt=\"\" class=\"wp-image-8847\" style=\"width:440px;height:auto\" srcset=\"https:\/\/prensa.sma.gob.ar\/wp-content\/uploads\/2025\/07\/Flyer-Taller-informatica-Agosto-2025.png 588w, https:\/\/prensa.sma.gob.ar\/wp-content\/uploads\/2025\/07\/Flyer-Taller-informatica-Agosto-2025-212x300.png 212w, https:\/\/prensa.sma.gob.ar\/wp-content\/uploads\/2025\/07\/Flyer-Taller-informatica-Agosto-2025-297x420.png 297w\" sizes=\"auto, (max-width: 588px) 100vw, 588px\" \/><\/figure>\n<\/div>\n\n\n<p><br><\/p>\n","protected":false},"excerpt":{"rendered":"<p>La Oficina de Empleo abre la inscripci\u00f3n a los Talleres de Inform\u00e1tica b\u00e1sica, orientados al entorno laboral, que inician el lunes 11 y martes 12 de agosto. \ud83d\udc49Los interesados deber\u00e1n acercarse a la oficina, ubicada en Las Mosquetas y Los Pi\u00f1ones, barrio El Arenal, hasta el viernes 8, de 9 a 12 hs., para confirmar [&hellip;]<\/p>\n","protected":false},"author":2,"featured_media":8848,"comment_status":"closed","ping_status":"open","sticky":false,"template":"","format":"standard","meta":{"footnotes":""},"categories":[14,38],"tags":[],"class_list":{"0":"post-8846","1":"post","2":"type-post","3":"status-publish","4":"format-standard","5":"has-post-thumbnail","7":"category-noticias","8":"category-subsecretaria-produccion-empleo-y-juventud"},"_links":{"self":[{"href":"https:\/\/prensa.sma.gob.ar\/index.php?rest_route=\/wp\/v2\/posts\/8846","targetHints":{"allow":["GET"]}}],"collection":[{"href":"https:\/\/prensa.sma.gob.ar\/index.php?rest_route=\/wp\/v2\/posts"}],"about":[{"href":"https:\/\/prensa.sma.gob.ar\/index.php?rest_route=\/wp\/v2\/types\/post"}],"author":[{"embeddable":true,"href":"https:\/\/prensa.sma.gob.ar\/index.php?rest_route=\/wp\/v2\/users\/2"}],"replies":[{"embeddable":true,"href":"https:\/\/prensa.sma.gob.ar\/index.php?rest_route=%2Fwp%2Fv2%2Fcomments&post=8846"}],"version-history":[{"count":1,"href":"https:\/\/prensa.sma.gob.ar\/index.php?rest_route=\/wp\/v2\/posts\/8846\/revisions"}],"predecessor-version":[{"id":8849,"href":"https:\/\/prensa.sma.gob.ar\/index.php?rest_route=\/wp\/v2\/posts\/8846\/revisions\/8849"}],"wp:featuredmedia":[{"embeddable":true,"href":"https:\/\/prensa.sma.gob.ar\/index.php?rest_route=\/wp\/v2\/media\/8848"}],"wp:attachment":[{"href":"https:\/\/prensa.sma.gob.ar\/index.php?rest_route=%2Fwp%2Fv2%2Fmedia&parent=8846"}],"wp:term":[{"taxonomy":"category","embeddable":true,"href":"https:\/\/prensa.sma.gob.ar\/index.php?rest_route=%2Fwp%2Fv2%2Fcategories&post=8846"},{"taxonomy":"post_tag","embeddable":true,"href":"https:\/\/prensa.sma.gob.ar\/index.php?rest_route=%2Fwp%2Fv2%2Ftags&post=8846"}],"curies":[{"name":"wp","href":"https:\/\/api.w.org\/{rel}","templated":true}]}}