{"id":8899,"date":"2025-08-04T17:14:24","date_gmt":"2025-08-04T17:14:24","guid":{"rendered":"https:\/\/prensa.sma.gob.ar\/?p=8899"},"modified":"2025-08-04T17:14:25","modified_gmt":"2025-08-04T17:14:25","slug":"el-intendente-saloniti-reafirmo-que-los-cultos-son-imprescindibles-para-transitar-entre-todos-los-tiempos-actuales","status":"publish","type":"post","link":"https:\/\/prensa.sma.gob.ar\/?p=8899","title":{"rendered":"El intendente Saloniti reafirm\u00f3 que \u201clos cultos son imprescindibles para transitar entre todos los tiempos actuales\u201d"},"content":{"rendered":"\n<p>El jefe comunal recibi\u00f3 este lunes al nuevo coordinador del \u00e1rea de Cultos del Municipio, Jorge Le\u00f3n, a quien le pidi\u00f3 organizar un encuentro de trabajo entre representantes de todas las religiones que realizan tareas en en nuestra ciudad.<\/p>\n\n\n\n<p>Saloniti reafirm\u00f3 el valor que tienen todos los cultos para transitar los tiempos actuales, que demandan la acci\u00f3n de todos los actores sociales de nuestra comunidad, por encima de las diferencias e ideas.<\/p>\n\n\n\n<p>\u201cLas redes comunitarias interreligiosas tambi\u00e9n son necesarias desde los diferentes trabajos sociales que se hacen en los barrios\u201d, se\u00f1al\u00f3 el intendente al reafirmar que, en estos tiempos, \u201clos necesitamos a todos\u201d.<\/p>\n\n\n\n<p>Jorge Le\u00f3n inform\u00f3 al intendente que en sus primeros d\u00edas en el \u00e1rea comenz\u00f3 a actualizar un relevamiento de las acciones religiosas en nuestra ciudad, garantizando la diversidad de culto y la representatividad en cada barrio.<\/p>\n\n\n\n<p>Ambos acordaron que el encuentro de trabajo entre representantes de todas las religiones de nuestra ciudad se realizar\u00e1 en septiembre pr\u00f3ximo, en una de las actividades agendadas para los primeros meses de la nueva gesti\u00f3n.<\/p>\n\n\n\n<p>El nuevo funcionario tambi\u00e9n confirm\u00f3 al jefe comunal que la Oficina de Culto, que funciona en el edificio de la terminal, est\u00e1 abierta de lunes a viernes, de 8:00hs a 12:00hs y de 15:00hs a 18:00hs.<\/p>\n\n\n\n<figure class=\"wp-block-gallery has-nested-images columns-default is-cropped wp-block-gallery-1 is-layout-flex wp-block-gallery-is-layout-flex\">\n<figure class=\"wp-block-image size-large\"><img loading=\"lazy\" decoding=\"async\" width=\"1024\" height=\"576\" data-id=\"8901\" src=\"https:\/\/prensa.sma.gob.ar\/wp-content\/uploads\/2025\/08\/WhatsApp-Image-2025-08-04-at-10.21.451-1024x576.jpeg\" alt=\"\" class=\"wp-image-8901\" srcset=\"https:\/\/prensa.sma.gob.ar\/wp-content\/uploads\/2025\/08\/WhatsApp-Image-2025-08-04-at-10.21.451-1024x576.jpeg 1024w, https:\/\/prensa.sma.gob.ar\/wp-content\/uploads\/2025\/08\/WhatsApp-Image-2025-08-04-at-10.21.451-300x169.jpeg 300w, https:\/\/prensa.sma.gob.ar\/wp-content\/uploads\/2025\/08\/WhatsApp-Image-2025-08-04-at-10.21.451-768x432.jpeg 768w, https:\/\/prensa.sma.gob.ar\/wp-content\/uploads\/2025\/08\/WhatsApp-Image-2025-08-04-at-10.21.451-1536x864.jpeg 1536w, https:\/\/prensa.sma.gob.ar\/wp-content\/uploads\/2025\/08\/WhatsApp-Image-2025-08-04-at-10.21.451-747x420.jpeg 747w, https:\/\/prensa.sma.gob.ar\/wp-content\/uploads\/2025\/08\/WhatsApp-Image-2025-08-04-at-10.21.451-696x392.jpeg 696w, https:\/\/prensa.sma.gob.ar\/wp-content\/uploads\/2025\/08\/WhatsApp-Image-2025-08-04-at-10.21.451-1068x601.jpeg 1068w, https:\/\/prensa.sma.gob.ar\/wp-content\/uploads\/2025\/08\/WhatsApp-Image-2025-08-04-at-10.21.451.jpeg 1600w\" sizes=\"auto, (max-width: 1024px) 100vw, 1024px\" \/><\/figure>\n\n\n\n<figure class=\"wp-block-image size-large\"><img loading=\"lazy\" decoding=\"async\" width=\"1024\" height=\"623\" data-id=\"8902\" src=\"https:\/\/prensa.sma.gob.ar\/wp-content\/uploads\/2025\/08\/WhatsApp-Image-2025-08-04-at-10.21.45-1024x623.jpeg\" alt=\"\" class=\"wp-image-8902\" srcset=\"https:\/\/prensa.sma.gob.ar\/wp-content\/uploads\/2025\/08\/WhatsApp-Image-2025-08-04-at-10.21.45-1024x623.jpeg 1024w, https:\/\/prensa.sma.gob.ar\/wp-content\/uploads\/2025\/08\/WhatsApp-Image-2025-08-04-at-10.21.45-300x183.jpeg 300w, https:\/\/prensa.sma.gob.ar\/wp-content\/uploads\/2025\/08\/WhatsApp-Image-2025-08-04-at-10.21.45-768x468.jpeg 768w, https:\/\/prensa.sma.gob.ar\/wp-content\/uploads\/2025\/08\/WhatsApp-Image-2025-08-04-at-10.21.45-1536x935.jpeg 1536w, https:\/\/prensa.sma.gob.ar\/wp-content\/uploads\/2025\/08\/WhatsApp-Image-2025-08-04-at-10.21.45-690x420.jpeg 690w, https:\/\/prensa.sma.gob.ar\/wp-content\/uploads\/2025\/08\/WhatsApp-Image-2025-08-04-at-10.21.45-696x424.jpeg 696w, https:\/\/prensa.sma.gob.ar\/wp-content\/uploads\/2025\/08\/WhatsApp-Image-2025-08-04-at-10.21.45-1068x650.jpeg 1068w, https:\/\/prensa.sma.gob.ar\/wp-content\/uploads\/2025\/08\/WhatsApp-Image-2025-08-04-at-10.21.45.jpeg 1600w\" sizes=\"auto, (max-width: 1024px) 100vw, 1024px\" \/><\/figure>\n<\/figure>\n","protected":false},"excerpt":{"rendered":"<p>El jefe comunal recibi\u00f3 este lunes al nuevo coordinador del \u00e1rea de Cultos del Municipio, Jorge Le\u00f3n, a quien le pidi\u00f3 organizar un encuentro de trabajo entre representantes de todas las religiones que realizan tareas en en nuestra ciudad. Saloniti reafirm\u00f3 el valor que tienen todos los cultos para transitar los tiempos actuales, que demandan [&hellip;]<\/p>\n","protected":false},"author":2,"featured_media":8900,"comment_status":"closed","ping_status":"open","sticky":false,"template":"","format":"standard","meta":{"footnotes":""},"categories":[16,14],"tags":[],"class_list":{"0":"post-8899","1":"post","2":"type-post","3":"status-publish","4":"format-standard","5":"has-post-thumbnail","7":"category-destacadas","8":"category-noticias"},"_links":{"self":[{"href":"https:\/\/prensa.sma.gob.ar\/index.php?rest_route=\/wp\/v2\/posts\/8899","targetHints":{"allow":["GET"]}}],"collection":[{"href":"https:\/\/prensa.sma.gob.ar\/index.php?rest_route=\/wp\/v2\/posts"}],"about":[{"href":"https:\/\/prensa.sma.gob.ar\/index.php?rest_route=\/wp\/v2\/types\/post"}],"author":[{"embeddable":true,"href":"https:\/\/prensa.sma.gob.ar\/index.php?rest_route=\/wp\/v2\/users\/2"}],"replies":[{"embeddable":true,"href":"https:\/\/prensa.sma.gob.ar\/index.php?rest_route=%2Fwp%2Fv2%2Fcomments&post=8899"}],"version-history":[{"count":1,"href":"https:\/\/prensa.sma.gob.ar\/index.php?rest_route=\/wp\/v2\/posts\/8899\/revisions"}],"predecessor-version":[{"id":8903,"href":"https:\/\/prensa.sma.gob.ar\/index.php?rest_route=\/wp\/v2\/posts\/8899\/revisions\/8903"}],"wp:featuredmedia":[{"embeddable":true,"href":"https:\/\/prensa.sma.gob.ar\/index.php?rest_route=\/wp\/v2\/media\/8900"}],"wp:attachment":[{"href":"https:\/\/prensa.sma.gob.ar\/index.php?rest_route=%2Fwp%2Fv2%2Fmedia&parent=8899"}],"wp:term":[{"taxonomy":"category","embeddable":true,"href":"https:\/\/prensa.sma.gob.ar\/index.php?rest_route=%2Fwp%2Fv2%2Fcategories&post=8899"},{"taxonomy":"post_tag","embeddable":true,"href":"https:\/\/prensa.sma.gob.ar\/index.php?rest_route=%2Fwp%2Fv2%2Ftags&post=8899"}],"curies":[{"name":"wp","href":"https:\/\/api.w.org\/{rel}","templated":true}]}}