{"id":8907,"date":"2025-08-05T11:41:52","date_gmt":"2025-08-05T11:41:52","guid":{"rendered":"https:\/\/prensa.sma.gob.ar\/?p=8907"},"modified":"2025-08-05T11:41:54","modified_gmt":"2025-08-05T11:41:54","slug":"desarrollo-humano-refuerza-la-asistencia-alimentaria-ante-el-aumento-de-solicitudes","status":"publish","type":"post","link":"https:\/\/prensa.sma.gob.ar\/?p=8907","title":{"rendered":"Desarrollo Humano refuerza la asistencia alimentaria ante el aumento de solicitudes"},"content":{"rendered":"\n<p>La Secretar\u00eda de Desarrollo Humano intensific\u00f3 la asistencia para garantizar la seguridad alimentaria en diversas zonas clave de San Mart\u00edn de los Andes, mediante la cual, seg\u00fan los \u00faltimos relevamientos, asiste a 400 personas.<\/p>\n\n\n\n<p>A trav\u00e9s de un programa integral de gesti\u00f3n de comedores y merenderos, la Secretar\u00eda ofrece asistencia a 399 personas en los comedores de Cordones del Chapelco, Chacra 4 y de calle Rhode, donde se distribuyen 132, 140 y 127 viandas respectivamente.<\/p>\n\n\n\n<p>Este servicio responde tanto a listas preestablecidas por el \u00e1rea de Desarrollo Humano como a demandas espont\u00e1neas, cubriendo las necesidades tanto de adultos como de menores.<\/p>\n\n\n\n<p>El programa tambi\u00e9n respalda a m\u00e1s de 280 familias mediante la entrega de m\u00f3dulos de alimentos secos y frescos, adem\u00e1s de m\u00f3dulos de emergencia adaptados a necesidades detectadas en demandas espont\u00e1neas. Los equipos t\u00e9cnicos eval\u00faan a los beneficiarios en delegaciones espec\u00edficas:<\/p>\n\n\n\n<p>Cordones del Chapelco: 75 m\u00f3dulos y 60 vales nutricionales de verdura y fruta.<\/p>\n\n\n\n<p>Arenal: 106 m\u00f3dulos y 72 vales nutricionales de verdura y fruta.<\/p>\n\n\n\n<p>Centro: 100 m\u00f3dulos y 48 vales nutricionales de verdura y fruta.<\/p>\n\n\n\n<p>El secretario de Desarrollo Humano, Nicol\u00e1s Escobar, manifest\u00f3 su inquietud ante el incremento de las solicitudes de ayuda y reafirm\u00f3 el compromiso de que el \u00e1rea trabaja para abastecer esa demanda:<\/p>\n\n\n\n<p>\u201cEstamos observando un aumento significativo en la demanda de ayuda alimentaria, lo cual refleja la dif\u00edcil situaci\u00f3n que atraviesan muchas familias. Nuestro objetivo es no solo responder a estas necesidades urgentes, sino tambi\u00e9n trabajar en pol\u00edticas que promuevan la seguridad alimentaria sostenible a largo plazo\u201d, afirm\u00f3.<\/p>\n\n\n\n<p>Adem\u00e1s, Escobar destac\u00f3 el compromiso del equipo que hace posible este programa. \u201cQuiero reconocer el enorme esfuerzo de todos los que forman parte de este operativo: desde las cocineras que preparan cada vianda con dedicaci\u00f3n, los choferes que aseguran la distribuci\u00f3n en tiempo y forma, el personal administrativo que gestiona cada detalle log\u00edstico, hasta los equipos t\u00e9cnicos que eval\u00faan y acompa\u00f1an a las familias. Todos son esenciales para que esta asistencia llegue donde m\u00e1s se necesita\u201d, subray\u00f3.<\/p>\n\n\n\n<p>Asegur\u00f3, adem\u00e1s, que, desde la Secretar\u00eda de Desarrollo Humano, se realiza un gran esfuerzo para optimizar los recursos disponibles y garantizar la llegada eficiente de la asistencia. \u201cCada recurso cuenta. Estamos trabajando para mejorar la gesti\u00f3n y optimizaci\u00f3n de los insumos, garantizando que la ayuda llegue de manera efectiva a quienes m\u00e1s lo necesitan. La coordinaci\u00f3n y el uso responsable de los recursos son claves en este contexto\u201d, agreg\u00f3.<\/p>\n\n\n\n<figure class=\"wp-block-gallery has-nested-images columns-default is-cropped wp-block-gallery-1 is-layout-flex wp-block-gallery-is-layout-flex\">\n<figure class=\"wp-block-image size-large\"><img loading=\"lazy\" decoding=\"async\" width=\"1024\" height=\"678\" data-id=\"8914\" src=\"https:\/\/prensa.sma.gob.ar\/wp-content\/uploads\/2025\/08\/WhatsApp-Image-2025-08-05-at-08.31.55-1024x678.jpeg\" alt=\"\" class=\"wp-image-8914\" srcset=\"https:\/\/prensa.sma.gob.ar\/wp-content\/uploads\/2025\/08\/WhatsApp-Image-2025-08-05-at-08.31.55-1024x678.jpeg 1024w, https:\/\/prensa.sma.gob.ar\/wp-content\/uploads\/2025\/08\/WhatsApp-Image-2025-08-05-at-08.31.55-300x199.jpeg 300w, https:\/\/prensa.sma.gob.ar\/wp-content\/uploads\/2025\/08\/WhatsApp-Image-2025-08-05-at-08.31.55-768x509.jpeg 768w, https:\/\/prensa.sma.gob.ar\/wp-content\/uploads\/2025\/08\/WhatsApp-Image-2025-08-05-at-08.31.55-1536x1018.jpeg 1536w, https:\/\/prensa.sma.gob.ar\/wp-content\/uploads\/2025\/08\/WhatsApp-Image-2025-08-05-at-08.31.55-634x420.jpeg 634w, https:\/\/prensa.sma.gob.ar\/wp-content\/uploads\/2025\/08\/WhatsApp-Image-2025-08-05-at-08.31.55-696x461.jpeg 696w, https:\/\/prensa.sma.gob.ar\/wp-content\/uploads\/2025\/08\/WhatsApp-Image-2025-08-05-at-08.31.55-1068x708.jpeg 1068w, https:\/\/prensa.sma.gob.ar\/wp-content\/uploads\/2025\/08\/WhatsApp-Image-2025-08-05-at-08.31.55.jpeg 1600w\" sizes=\"auto, (max-width: 1024px) 100vw, 1024px\" \/><\/figure>\n\n\n\n<figure class=\"wp-block-image size-large\"><img loading=\"lazy\" decoding=\"async\" width=\"1024\" height=\"598\" data-id=\"8887\" src=\"https:\/\/prensa.sma.gob.ar\/wp-content\/uploads\/2025\/08\/WhatsApp-Image-2025-08-04-at-09.53.04-1024x598.jpeg\" alt=\"\" class=\"wp-image-8887\" srcset=\"https:\/\/prensa.sma.gob.ar\/wp-content\/uploads\/2025\/08\/WhatsApp-Image-2025-08-04-at-09.53.04-1024x598.jpeg 1024w, https:\/\/prensa.sma.gob.ar\/wp-content\/uploads\/2025\/08\/WhatsApp-Image-2025-08-04-at-09.53.04-300x175.jpeg 300w, https:\/\/prensa.sma.gob.ar\/wp-content\/uploads\/2025\/08\/WhatsApp-Image-2025-08-04-at-09.53.04-768x448.jpeg 768w, https:\/\/prensa.sma.gob.ar\/wp-content\/uploads\/2025\/08\/WhatsApp-Image-2025-08-04-at-09.53.04-1536x897.jpeg 1536w, https:\/\/prensa.sma.gob.ar\/wp-content\/uploads\/2025\/08\/WhatsApp-Image-2025-08-04-at-09.53.04-719x420.jpeg 719w, https:\/\/prensa.sma.gob.ar\/wp-content\/uploads\/2025\/08\/WhatsApp-Image-2025-08-04-at-09.53.04-696x406.jpeg 696w, https:\/\/prensa.sma.gob.ar\/wp-content\/uploads\/2025\/08\/WhatsApp-Image-2025-08-04-at-09.53.04-1068x623.jpeg 1068w, https:\/\/prensa.sma.gob.ar\/wp-content\/uploads\/2025\/08\/WhatsApp-Image-2025-08-04-at-09.53.04.jpeg 1600w\" sizes=\"auto, (max-width: 1024px) 100vw, 1024px\" \/><\/figure>\n\n\n\n<figure class=\"wp-block-image size-large\"><img loading=\"lazy\" decoding=\"async\" width=\"1024\" height=\"678\" data-id=\"8911\" src=\"https:\/\/prensa.sma.gob.ar\/wp-content\/uploads\/2025\/08\/WhatsApp-Image-2025-08-05-at-08.31.56-1024x678.jpeg\" alt=\"\" class=\"wp-image-8911\" srcset=\"https:\/\/prensa.sma.gob.ar\/wp-content\/uploads\/2025\/08\/WhatsApp-Image-2025-08-05-at-08.31.56-1024x678.jpeg 1024w, https:\/\/prensa.sma.gob.ar\/wp-content\/uploads\/2025\/08\/WhatsApp-Image-2025-08-05-at-08.31.56-300x199.jpeg 300w, https:\/\/prensa.sma.gob.ar\/wp-content\/uploads\/2025\/08\/WhatsApp-Image-2025-08-05-at-08.31.56-768x509.jpeg 768w, https:\/\/prensa.sma.gob.ar\/wp-content\/uploads\/2025\/08\/WhatsApp-Image-2025-08-05-at-08.31.56-1536x1018.jpeg 1536w, https:\/\/prensa.sma.gob.ar\/wp-content\/uploads\/2025\/08\/WhatsApp-Image-2025-08-05-at-08.31.56-634x420.jpeg 634w, https:\/\/prensa.sma.gob.ar\/wp-content\/uploads\/2025\/08\/WhatsApp-Image-2025-08-05-at-08.31.56-696x461.jpeg 696w, https:\/\/prensa.sma.gob.ar\/wp-content\/uploads\/2025\/08\/WhatsApp-Image-2025-08-05-at-08.31.56-1068x708.jpeg 1068w, https:\/\/prensa.sma.gob.ar\/wp-content\/uploads\/2025\/08\/WhatsApp-Image-2025-08-05-at-08.31.56.jpeg 1600w\" sizes=\"auto, (max-width: 1024px) 100vw, 1024px\" \/><\/figure>\n<\/figure>\n","protected":false},"excerpt":{"rendered":"<p>La Secretar\u00eda de Desarrollo Humano intensific\u00f3 la asistencia para garantizar la seguridad alimentaria en diversas zonas clave de San Mart\u00edn de los Andes, mediante la cual, seg\u00fan los \u00faltimos relevamientos, asiste a 400 personas. A trav\u00e9s de un programa integral de gesti\u00f3n de comedores y merenderos, la Secretar\u00eda ofrece asistencia a 399 personas en los [&hellip;]<\/p>\n","protected":false},"author":2,"featured_media":8912,"comment_status":"closed","ping_status":"open","sticky":false,"template":"","format":"standard","meta":{"footnotes":""},"categories":[16,14,17],"tags":[],"class_list":{"0":"post-8907","1":"post","2":"type-post","3":"status-publish","4":"format-standard","5":"has-post-thumbnail","7":"category-destacadas","8":"category-noticias","9":"category-portada"},"_links":{"self":[{"href":"https:\/\/prensa.sma.gob.ar\/index.php?rest_route=\/wp\/v2\/posts\/8907","targetHints":{"allow":["GET"]}}],"collection":[{"href":"https:\/\/prensa.sma.gob.ar\/index.php?rest_route=\/wp\/v2\/posts"}],"about":[{"href":"https:\/\/prensa.sma.gob.ar\/index.php?rest_route=\/wp\/v2\/types\/post"}],"author":[{"embeddable":true,"href":"https:\/\/prensa.sma.gob.ar\/index.php?rest_route=\/wp\/v2\/users\/2"}],"replies":[{"embeddable":true,"href":"https:\/\/prensa.sma.gob.ar\/index.php?rest_route=%2Fwp%2Fv2%2Fcomments&post=8907"}],"version-history":[{"count":2,"href":"https:\/\/prensa.sma.gob.ar\/index.php?rest_route=\/wp\/v2\/posts\/8907\/revisions"}],"predecessor-version":[{"id":8915,"href":"https:\/\/prensa.sma.gob.ar\/index.php?rest_route=\/wp\/v2\/posts\/8907\/revisions\/8915"}],"wp:featuredmedia":[{"embeddable":true,"href":"https:\/\/prensa.sma.gob.ar\/index.php?rest_route=\/wp\/v2\/media\/8912"}],"wp:attachment":[{"href":"https:\/\/prensa.sma.gob.ar\/index.php?rest_route=%2Fwp%2Fv2%2Fmedia&parent=8907"}],"wp:term":[{"taxonomy":"category","embeddable":true,"href":"https:\/\/prensa.sma.gob.ar\/index.php?rest_route=%2Fwp%2Fv2%2Fcategories&post=8907"},{"taxonomy":"post_tag","embeddable":true,"href":"https:\/\/prensa.sma.gob.ar\/index.php?rest_route=%2Fwp%2Fv2%2Ftags&post=8907"}],"curies":[{"name":"wp","href":"https:\/\/api.w.org\/{rel}","templated":true}]}}