{"id":893,"date":"2024-07-05T12:44:35","date_gmt":"2024-07-05T12:44:35","guid":{"rendered":"https:\/\/prensa.sma.gob.ar\/?p=893"},"modified":"2024-07-05T12:44:36","modified_gmt":"2024-07-05T12:44:36","slug":"el-intendente-saloniti-se-reunio-con-la-jefa-regional-del-epen","status":"publish","type":"post","link":"https:\/\/prensa.sma.gob.ar\/?p=893","title":{"rendered":"El intendente Saloniti se reuni\u00f3 con la jefa regional del Epen"},"content":{"rendered":"\n<p>El intendente de San Mart\u00edn de los Andes, Carlos Saloniti, se reuni\u00f3 este jueves con la jefa de la Regi\u00f3n Sur del Ente Provincial de Energ\u00eda del Neuqu\u00e9n (EPEN), Ver\u00f3nica Quesada.<\/p>\n\n\n\n<p>Durante el encuentro se acord\u00f3 la continuidad de las obras de electrificaci\u00f3n de las 38 viviendas de Chacra 32, en las que el Municipio aporta el personal y la maquinaria para el zanjeo y construcci\u00f3n de bases, mientras que EPEN suma al personal t\u00e9cnico para llevar el servicio a las viviendas y a las <a><\/a>luminarias de las calles del barrio.<\/p>\n\n\n\n<p>Tambi\u00e9n hubo coincidencias en evaluar la posibilidad de retomar el programa de reemplazo de l\u00e1mparas del alumbrado p\u00fablico por luces LED, una tarea que ya tuvo su primera etapa en calles del centro de la ciudad y en algunos barrios.<\/p>\n\n\n\n<p>Del encuentro participaron el secretario de Obras P\u00fablicas, Alfredo Mu\u00f1oz, y Ariel Barrera, del \u00e1rea Operativa de la empresa provincial de energ\u00eda.<\/p>\n","protected":false},"excerpt":{"rendered":"<p>El intendente de San Mart\u00edn de los Andes, Carlos Saloniti, se reuni\u00f3 este jueves con la jefa de la Regi\u00f3n Sur del Ente Provincial de Energ\u00eda del Neuqu\u00e9n (EPEN), Ver\u00f3nica Quesada. Durante el encuentro se acord\u00f3 la continuidad de las obras de electrificaci\u00f3n de las 38 viviendas de Chacra 32, en las que el Municipio [&hellip;]<\/p>\n","protected":false},"author":1,"featured_media":894,"comment_status":"closed","ping_status":"open","sticky":false,"template":"","format":"standard","meta":{"footnotes":""},"categories":[14],"tags":[],"class_list":{"0":"post-893","1":"post","2":"type-post","3":"status-publish","4":"format-standard","5":"has-post-thumbnail","7":"category-noticias"},"_links":{"self":[{"href":"https:\/\/prensa.sma.gob.ar\/index.php?rest_route=\/wp\/v2\/posts\/893","targetHints":{"allow":["GET"]}}],"collection":[{"href":"https:\/\/prensa.sma.gob.ar\/index.php?rest_route=\/wp\/v2\/posts"}],"about":[{"href":"https:\/\/prensa.sma.gob.ar\/index.php?rest_route=\/wp\/v2\/types\/post"}],"author":[{"embeddable":true,"href":"https:\/\/prensa.sma.gob.ar\/index.php?rest_route=\/wp\/v2\/users\/1"}],"replies":[{"embeddable":true,"href":"https:\/\/prensa.sma.gob.ar\/index.php?rest_route=%2Fwp%2Fv2%2Fcomments&post=893"}],"version-history":[{"count":1,"href":"https:\/\/prensa.sma.gob.ar\/index.php?rest_route=\/wp\/v2\/posts\/893\/revisions"}],"predecessor-version":[{"id":895,"href":"https:\/\/prensa.sma.gob.ar\/index.php?rest_route=\/wp\/v2\/posts\/893\/revisions\/895"}],"wp:featuredmedia":[{"embeddable":true,"href":"https:\/\/prensa.sma.gob.ar\/index.php?rest_route=\/wp\/v2\/media\/894"}],"wp:attachment":[{"href":"https:\/\/prensa.sma.gob.ar\/index.php?rest_route=%2Fwp%2Fv2%2Fmedia&parent=893"}],"wp:term":[{"taxonomy":"category","embeddable":true,"href":"https:\/\/prensa.sma.gob.ar\/index.php?rest_route=%2Fwp%2Fv2%2Fcategories&post=893"},{"taxonomy":"post_tag","embeddable":true,"href":"https:\/\/prensa.sma.gob.ar\/index.php?rest_route=%2Fwp%2Fv2%2Ftags&post=893"}],"curies":[{"name":"wp","href":"https:\/\/api.w.org\/{rel}","templated":true}]}}