{"id":9183,"date":"2025-08-14T18:03:22","date_gmt":"2025-08-14T18:03:22","guid":{"rendered":"https:\/\/prensa.sma.gob.ar\/?p=9183"},"modified":"2025-08-14T18:03:23","modified_gmt":"2025-08-14T18:03:23","slug":"reunion-extraordinaria-en-el-ensatur-para-definir-estrategias-de-promocion-turistica","status":"publish","type":"post","link":"https:\/\/prensa.sma.gob.ar\/?p=9183","title":{"rendered":"Reuni\u00f3n extraordinaria en el ENSATUR para definir estrategias de promoci\u00f3n tur\u00edstica"},"content":{"rendered":"\n<p>Representantes del sector tur\u00edstico, autoridades municipales y concejales definieron acciones para mitigar el impacto de la falta de nieve y promocionar las diversas actividades que ofrece San Mart\u00edn de los Andes, con foco en el spring break de septiembre y la temporada primavera\/verano.<\/p>\n\n\n\n<p>La reuni\u00f3n extraordinaria del Ente de Promoci\u00f3n Tur\u00edstica (ENSATUR) cont\u00f3 con la participaci\u00f3n de representantes de las distintas c\u00e1maras tur\u00edsticas, concejales y el secretario de Turismo, Alejandro Apaolaza, en representaci\u00f3n del Ejecutivo Municipal.<\/p>\n\n\n\n<p>El encuentro tuvo como eje principal analizar la situaci\u00f3n actual del destino ante la falta de nieve en los centros de ski Chapelco y Lago Hermoso, condici\u00f3n que ha impactado directamente en la afluencia tur\u00edstica. Frente a este escenario, se debatieron y evaluaron estrategias para potenciar la promoci\u00f3n de los m\u00faltiples atractivos que San Mart\u00edn de los Andes ofrece durante todo el a\u00f1o.<\/p>\n\n\n\n<p>Durante la reuni\u00f3n se propusieron acciones espec\u00edficas para impulsar actividades alternativas como excursiones terrestres y lacustres, salidas de mountain bike, trekking, experiencias gastron\u00f3micas y paseos por la ciudad y sus alrededores. El objetivo es diversificar la oferta y garantizar a los visitantes propuestas atractivas m\u00e1s all\u00e1 de la nieve.<\/p>\n\n\n\n<p>Asimismo, se delinearon campa\u00f1as y acciones promocionales orientadas a dos frentes: la semana del 15 al 19 de septiembre, conocida como <em>spring break<\/em> en Buenos Aires, y la temporada de primavera\/verano, con el fin de anticipar la comunicaci\u00f3n y captar al p\u00fablico que planifica sus viajes con antelaci\u00f3n.<\/p>\n\n\n\n<p>Con el compromiso de todos los sectores presentes, el ENSATUR continuar\u00e1 trabajando en conjunto para sostener la actividad tur\u00edstica, adaptarse a las condiciones actuales y proyectar un calendario de propuestas que permita mantener a San Mart\u00edn de los Andes como uno de los destinos m\u00e1s elegidos del pa\u00eds.<\/p>\n","protected":false},"excerpt":{"rendered":"<p>Representantes del sector tur\u00edstico, autoridades municipales y concejales definieron acciones para mitigar el impacto de la falta de nieve y promocionar las diversas actividades que ofrece San Mart\u00edn de los Andes, con foco en el spring break de septiembre y la temporada primavera\/verano. La reuni\u00f3n extraordinaria del Ente de Promoci\u00f3n Tur\u00edstica (ENSATUR) cont\u00f3 con la [&hellip;]<\/p>\n","protected":false},"author":2,"featured_media":9184,"comment_status":"closed","ping_status":"open","sticky":false,"template":"","format":"standard","meta":{"footnotes":""},"categories":[16,14,36],"tags":[],"class_list":{"0":"post-9183","1":"post","2":"type-post","3":"status-publish","4":"format-standard","5":"has-post-thumbnail","7":"category-destacadas","8":"category-noticias","9":"category-turismo"},"_links":{"self":[{"href":"https:\/\/prensa.sma.gob.ar\/index.php?rest_route=\/wp\/v2\/posts\/9183","targetHints":{"allow":["GET"]}}],"collection":[{"href":"https:\/\/prensa.sma.gob.ar\/index.php?rest_route=\/wp\/v2\/posts"}],"about":[{"href":"https:\/\/prensa.sma.gob.ar\/index.php?rest_route=\/wp\/v2\/types\/post"}],"author":[{"embeddable":true,"href":"https:\/\/prensa.sma.gob.ar\/index.php?rest_route=\/wp\/v2\/users\/2"}],"replies":[{"embeddable":true,"href":"https:\/\/prensa.sma.gob.ar\/index.php?rest_route=%2Fwp%2Fv2%2Fcomments&post=9183"}],"version-history":[{"count":1,"href":"https:\/\/prensa.sma.gob.ar\/index.php?rest_route=\/wp\/v2\/posts\/9183\/revisions"}],"predecessor-version":[{"id":9185,"href":"https:\/\/prensa.sma.gob.ar\/index.php?rest_route=\/wp\/v2\/posts\/9183\/revisions\/9185"}],"wp:featuredmedia":[{"embeddable":true,"href":"https:\/\/prensa.sma.gob.ar\/index.php?rest_route=\/wp\/v2\/media\/9184"}],"wp:attachment":[{"href":"https:\/\/prensa.sma.gob.ar\/index.php?rest_route=%2Fwp%2Fv2%2Fmedia&parent=9183"}],"wp:term":[{"taxonomy":"category","embeddable":true,"href":"https:\/\/prensa.sma.gob.ar\/index.php?rest_route=%2Fwp%2Fv2%2Fcategories&post=9183"},{"taxonomy":"post_tag","embeddable":true,"href":"https:\/\/prensa.sma.gob.ar\/index.php?rest_route=%2Fwp%2Fv2%2Ftags&post=9183"}],"curies":[{"name":"wp","href":"https:\/\/api.w.org\/{rel}","templated":true}]}}