{"id":9201,"date":"2025-08-16T15:49:18","date_gmt":"2025-08-16T15:49:18","guid":{"rendered":"https:\/\/prensa.sma.gob.ar\/?p=9201"},"modified":"2025-08-16T15:49:19","modified_gmt":"2025-08-16T15:49:19","slug":"el-municipio-realizo-refacciones-electricas-en-la-sede-de-la-comision-vecinal-del-barrio-cantera","status":"publish","type":"post","link":"https:\/\/prensa.sma.gob.ar\/?p=9201","title":{"rendered":"El Municipio realiz\u00f3 refacciones el\u00e9ctricas en la sede de la Comisi\u00f3n Vecinal del barrio Cantera"},"content":{"rendered":"\n<p>Varios trabajos de electricidad que incluyeron nuevas luminarias, recambio de elementos y medidas de seguridad, se realizaron en la sede vecinal del barrio Cantera.<\/p>\n\n\n\n<p>Los trabajos, coordinados por la Subsecretar\u00eda de Juntas Vecinales con apoyo de la Secretar\u00eda de Obras y Servicios P\u00fablicos, tuvieron en cuenta el pedido de la Comisi\u00f3n Vecinal y la importancia que tiene el lugar como centro comunitario, con espacios de talleres y otras actividades sociales.<\/p>\n\n\n\n<p>La obra, que demand\u00f3 inversi\u00f3n del Municipio por la mano de obra y provisi\u00f3n de materiales, incluy\u00f3 la colocaci\u00f3n de disyuntor y t\u00e9rmica; recambio de accesorios, tomas y llaves en varios sectores; recambio de artefactos de iluminaci\u00f3n en el sector del sal\u00f3n y en la cocina; recambio de cables en mal estado y recambio de artefactos de iluminaci\u00f3n del exterior.<\/p>\n\n\n\n<figure class=\"wp-block-gallery has-nested-images columns-default is-cropped wp-block-gallery-1 is-layout-flex wp-block-gallery-is-layout-flex\">\n<figure class=\"wp-block-image size-large\"><img loading=\"lazy\" decoding=\"async\" width=\"759\" height=\"1024\" data-id=\"9205\" src=\"https:\/\/prensa.sma.gob.ar\/wp-content\/uploads\/2025\/08\/cantera-4-759x1024.jpg\" alt=\"\" class=\"wp-image-9205\" srcset=\"https:\/\/prensa.sma.gob.ar\/wp-content\/uploads\/2025\/08\/cantera-4-759x1024.jpg 759w, https:\/\/prensa.sma.gob.ar\/wp-content\/uploads\/2025\/08\/cantera-4-222x300.jpg 222w, https:\/\/prensa.sma.gob.ar\/wp-content\/uploads\/2025\/08\/cantera-4-768x1036.jpg 768w, https:\/\/prensa.sma.gob.ar\/wp-content\/uploads\/2025\/08\/cantera-4-311x420.jpg 311w, https:\/\/prensa.sma.gob.ar\/wp-content\/uploads\/2025\/08\/cantera-4-696x939.jpg 696w, https:\/\/prensa.sma.gob.ar\/wp-content\/uploads\/2025\/08\/cantera-4.jpg 780w\" sizes=\"auto, (max-width: 759px) 100vw, 759px\" \/><\/figure>\n\n\n\n<figure class=\"wp-block-image size-large\"><img loading=\"lazy\" decoding=\"async\" width=\"759\" height=\"1024\" data-id=\"9204\" src=\"https:\/\/prensa.sma.gob.ar\/wp-content\/uploads\/2025\/08\/cantera-3-759x1024.jpg\" alt=\"\" class=\"wp-image-9204\" srcset=\"https:\/\/prensa.sma.gob.ar\/wp-content\/uploads\/2025\/08\/cantera-3-759x1024.jpg 759w, https:\/\/prensa.sma.gob.ar\/wp-content\/uploads\/2025\/08\/cantera-3-222x300.jpg 222w, https:\/\/prensa.sma.gob.ar\/wp-content\/uploads\/2025\/08\/cantera-3-768x1036.jpg 768w, https:\/\/prensa.sma.gob.ar\/wp-content\/uploads\/2025\/08\/cantera-3-311x420.jpg 311w, https:\/\/prensa.sma.gob.ar\/wp-content\/uploads\/2025\/08\/cantera-3-696x939.jpg 696w, https:\/\/prensa.sma.gob.ar\/wp-content\/uploads\/2025\/08\/cantera-3.jpg 780w\" sizes=\"auto, (max-width: 759px) 100vw, 759px\" \/><\/figure>\n\n\n\n<figure class=\"wp-block-image size-large\"><img loading=\"lazy\" decoding=\"async\" width=\"759\" height=\"1024\" data-id=\"9203\" src=\"https:\/\/prensa.sma.gob.ar\/wp-content\/uploads\/2025\/08\/cantera-2-759x1024.jpg\" alt=\"\" class=\"wp-image-9203\" srcset=\"https:\/\/prensa.sma.gob.ar\/wp-content\/uploads\/2025\/08\/cantera-2-759x1024.jpg 759w, https:\/\/prensa.sma.gob.ar\/wp-content\/uploads\/2025\/08\/cantera-2-222x300.jpg 222w, https:\/\/prensa.sma.gob.ar\/wp-content\/uploads\/2025\/08\/cantera-2-768x1036.jpg 768w, https:\/\/prensa.sma.gob.ar\/wp-content\/uploads\/2025\/08\/cantera-2-311x420.jpg 311w, https:\/\/prensa.sma.gob.ar\/wp-content\/uploads\/2025\/08\/cantera-2-696x939.jpg 696w, https:\/\/prensa.sma.gob.ar\/wp-content\/uploads\/2025\/08\/cantera-2.jpg 780w\" sizes=\"auto, (max-width: 759px) 100vw, 759px\" \/><\/figure>\n<\/figure>\n","protected":false},"excerpt":{"rendered":"<p>Varios trabajos de electricidad que incluyeron nuevas luminarias, recambio de elementos y medidas de seguridad, se realizaron en la sede vecinal del barrio Cantera. Los trabajos, coordinados por la Subsecretar\u00eda de Juntas Vecinales con apoyo de la Secretar\u00eda de Obras y Servicios P\u00fablicos, tuvieron en cuenta el pedido de la Comisi\u00f3n Vecinal y la importancia [&hellip;]<\/p>\n","protected":false},"author":2,"featured_media":9202,"comment_status":"closed","ping_status":"open","sticky":false,"template":"","format":"standard","meta":{"footnotes":""},"categories":[16,39,14],"tags":[],"class_list":{"0":"post-9201","1":"post","2":"type-post","3":"status-publish","4":"format-standard","5":"has-post-thumbnail","7":"category-destacadas","8":"category-subs-juntas-vecinales","9":"category-noticias"},"_links":{"self":[{"href":"https:\/\/prensa.sma.gob.ar\/index.php?rest_route=\/wp\/v2\/posts\/9201","targetHints":{"allow":["GET"]}}],"collection":[{"href":"https:\/\/prensa.sma.gob.ar\/index.php?rest_route=\/wp\/v2\/posts"}],"about":[{"href":"https:\/\/prensa.sma.gob.ar\/index.php?rest_route=\/wp\/v2\/types\/post"}],"author":[{"embeddable":true,"href":"https:\/\/prensa.sma.gob.ar\/index.php?rest_route=\/wp\/v2\/users\/2"}],"replies":[{"embeddable":true,"href":"https:\/\/prensa.sma.gob.ar\/index.php?rest_route=%2Fwp%2Fv2%2Fcomments&post=9201"}],"version-history":[{"count":1,"href":"https:\/\/prensa.sma.gob.ar\/index.php?rest_route=\/wp\/v2\/posts\/9201\/revisions"}],"predecessor-version":[{"id":9206,"href":"https:\/\/prensa.sma.gob.ar\/index.php?rest_route=\/wp\/v2\/posts\/9201\/revisions\/9206"}],"wp:featuredmedia":[{"embeddable":true,"href":"https:\/\/prensa.sma.gob.ar\/index.php?rest_route=\/wp\/v2\/media\/9202"}],"wp:attachment":[{"href":"https:\/\/prensa.sma.gob.ar\/index.php?rest_route=%2Fwp%2Fv2%2Fmedia&parent=9201"}],"wp:term":[{"taxonomy":"category","embeddable":true,"href":"https:\/\/prensa.sma.gob.ar\/index.php?rest_route=%2Fwp%2Fv2%2Fcategories&post=9201"},{"taxonomy":"post_tag","embeddable":true,"href":"https:\/\/prensa.sma.gob.ar\/index.php?rest_route=%2Fwp%2Fv2%2Ftags&post=9201"}],"curies":[{"name":"wp","href":"https:\/\/api.w.org\/{rel}","templated":true}]}}