{"id":9207,"date":"2025-08-18T02:45:53","date_gmt":"2025-08-18T02:45:53","guid":{"rendered":"https:\/\/prensa.sma.gob.ar\/?p=9207"},"modified":"2025-08-18T02:45:55","modified_gmt":"2025-08-18T02:45:55","slug":"vecinas-vecinos-y-autoridades-rindieron-homenaje-al-general-jose-de-san-martin","status":"publish","type":"post","link":"https:\/\/prensa.sma.gob.ar\/?p=9207","title":{"rendered":"Vecinas, vecinos y autoridades rindieron homenaje al General Jos\u00e9 de San Mart\u00edn"},"content":{"rendered":"\n<p>El intendente Carlos Saloniti encabez\u00f3 la ceremonia oficial por el 175\u00b0 aniversario del Paso a la Inmortalidad del General Jos\u00e9 de San Mart\u00edn, que se realiz\u00f3 este domingo y que incluy\u00f3 un minuto de silencio y la colocaci\u00f3n de ofrendas florales.<\/p>\n\n\n\n<p>El jefe comunal estuvo acompa\u00f1ado por concejales, el guardaparque Jorge Blanco, en representaci\u00f3n de la intendenta del Parque Nacional Lanin, Monin Aquin; veteranos de la Guerra de Malvinas, jefes militares y de las fuerzas de seguridad, abanderados de escuelas e instituciones, funcionarios municipales y representantes de otras instituciones.<\/p>\n\n\n\n<p>En representaci\u00f3n del Concejo Deliberante hizo uso de la palabra la concejal Jovita Brondo mientras que la alumna Josefina Gluzman, del 5\u00b0 a\u00f1o del Colegio San Pablo Ap\u00f3stol, habl\u00f3 en representaci\u00f3n de las instituciones educativas de nivel medio de nuestra ciudad. La invocaci\u00f3n religiosa estuvo a cargo del padre Alberto Rossi.<\/p>\n\n\n\n<p>Sobre el final del acto, la Guardia de Honor del Regimiento de Caballer\u00eda de Exploraci\u00f3n de Monta\u00f1a IV coloc\u00f3 al pie del monumento al General San Mart\u00edn las ofrendas florales del Municipio, de la Fuerza Armada y Fuerzas de Seguridad y del Concejo Deliberante.<\/p>\n\n\n\n<p>La ceremonia concluy\u00f3 con un minuto de silencio en gratitud y respeto al General San Mart\u00edn por sus sacrificios y su incansable dedicaci\u00f3n a la causa de la libertad, la justicia, la unidad y el respeto a la soberan\u00eda de los pueblos.<\/p>\n\n\n\n<figure class=\"wp-block-gallery has-nested-images columns-default is-cropped wp-block-gallery-1 is-layout-flex wp-block-gallery-is-layout-flex\">\n<figure class=\"wp-block-image size-large\"><img loading=\"lazy\" decoding=\"async\" width=\"1024\" height=\"576\" data-id=\"9211\" src=\"https:\/\/prensa.sma.gob.ar\/wp-content\/uploads\/2025\/08\/WhatsApp-Image-2025-08-17-at-17.15.03-3-1024x576.jpeg\" alt=\"\" class=\"wp-image-9211\" srcset=\"https:\/\/prensa.sma.gob.ar\/wp-content\/uploads\/2025\/08\/WhatsApp-Image-2025-08-17-at-17.15.03-3-1024x576.jpeg 1024w, https:\/\/prensa.sma.gob.ar\/wp-content\/uploads\/2025\/08\/WhatsApp-Image-2025-08-17-at-17.15.03-3-300x169.jpeg 300w, https:\/\/prensa.sma.gob.ar\/wp-content\/uploads\/2025\/08\/WhatsApp-Image-2025-08-17-at-17.15.03-3-768x432.jpeg 768w, https:\/\/prensa.sma.gob.ar\/wp-content\/uploads\/2025\/08\/WhatsApp-Image-2025-08-17-at-17.15.03-3-1536x864.jpeg 1536w, https:\/\/prensa.sma.gob.ar\/wp-content\/uploads\/2025\/08\/WhatsApp-Image-2025-08-17-at-17.15.03-3-747x420.jpeg 747w, https:\/\/prensa.sma.gob.ar\/wp-content\/uploads\/2025\/08\/WhatsApp-Image-2025-08-17-at-17.15.03-3-696x392.jpeg 696w, https:\/\/prensa.sma.gob.ar\/wp-content\/uploads\/2025\/08\/WhatsApp-Image-2025-08-17-at-17.15.03-3-1068x601.jpeg 1068w, https:\/\/prensa.sma.gob.ar\/wp-content\/uploads\/2025\/08\/WhatsApp-Image-2025-08-17-at-17.15.03-3.jpeg 1600w\" sizes=\"auto, (max-width: 1024px) 100vw, 1024px\" \/><\/figure>\n\n\n\n<figure class=\"wp-block-image size-large\"><img loading=\"lazy\" decoding=\"async\" width=\"1024\" height=\"576\" data-id=\"9213\" src=\"https:\/\/prensa.sma.gob.ar\/wp-content\/uploads\/2025\/08\/WhatsApp-Image-2025-08-17-at-17.15.03-1-1024x576.jpeg\" alt=\"\" class=\"wp-image-9213\" srcset=\"https:\/\/prensa.sma.gob.ar\/wp-content\/uploads\/2025\/08\/WhatsApp-Image-2025-08-17-at-17.15.03-1-1024x576.jpeg 1024w, https:\/\/prensa.sma.gob.ar\/wp-content\/uploads\/2025\/08\/WhatsApp-Image-2025-08-17-at-17.15.03-1-300x169.jpeg 300w, https:\/\/prensa.sma.gob.ar\/wp-content\/uploads\/2025\/08\/WhatsApp-Image-2025-08-17-at-17.15.03-1-768x432.jpeg 768w, https:\/\/prensa.sma.gob.ar\/wp-content\/uploads\/2025\/08\/WhatsApp-Image-2025-08-17-at-17.15.03-1-1536x864.jpeg 1536w, https:\/\/prensa.sma.gob.ar\/wp-content\/uploads\/2025\/08\/WhatsApp-Image-2025-08-17-at-17.15.03-1-747x420.jpeg 747w, https:\/\/prensa.sma.gob.ar\/wp-content\/uploads\/2025\/08\/WhatsApp-Image-2025-08-17-at-17.15.03-1-696x392.jpeg 696w, https:\/\/prensa.sma.gob.ar\/wp-content\/uploads\/2025\/08\/WhatsApp-Image-2025-08-17-at-17.15.03-1-1068x601.jpeg 1068w, https:\/\/prensa.sma.gob.ar\/wp-content\/uploads\/2025\/08\/WhatsApp-Image-2025-08-17-at-17.15.03-1.jpeg 1600w\" sizes=\"auto, (max-width: 1024px) 100vw, 1024px\" \/><\/figure>\n\n\n\n<figure class=\"wp-block-image size-large\"><img loading=\"lazy\" decoding=\"async\" width=\"1024\" height=\"643\" data-id=\"9219\" src=\"https:\/\/prensa.sma.gob.ar\/wp-content\/uploads\/2025\/08\/WhatsApp-Image-2025-08-17-at-17.15.01-1-1024x643.jpeg\" alt=\"\" class=\"wp-image-9219\" srcset=\"https:\/\/prensa.sma.gob.ar\/wp-content\/uploads\/2025\/08\/WhatsApp-Image-2025-08-17-at-17.15.01-1-1024x643.jpeg 1024w, https:\/\/prensa.sma.gob.ar\/wp-content\/uploads\/2025\/08\/WhatsApp-Image-2025-08-17-at-17.15.01-1-300x188.jpeg 300w, https:\/\/prensa.sma.gob.ar\/wp-content\/uploads\/2025\/08\/WhatsApp-Image-2025-08-17-at-17.15.01-1-768x482.jpeg 768w, https:\/\/prensa.sma.gob.ar\/wp-content\/uploads\/2025\/08\/WhatsApp-Image-2025-08-17-at-17.15.01-1-1536x964.jpeg 1536w, https:\/\/prensa.sma.gob.ar\/wp-content\/uploads\/2025\/08\/WhatsApp-Image-2025-08-17-at-17.15.01-1-669x420.jpeg 669w, https:\/\/prensa.sma.gob.ar\/wp-content\/uploads\/2025\/08\/WhatsApp-Image-2025-08-17-at-17.15.01-1-696x437.jpeg 696w, https:\/\/prensa.sma.gob.ar\/wp-content\/uploads\/2025\/08\/WhatsApp-Image-2025-08-17-at-17.15.01-1-1068x670.jpeg 1068w, https:\/\/prensa.sma.gob.ar\/wp-content\/uploads\/2025\/08\/WhatsApp-Image-2025-08-17-at-17.15.01-1.jpeg 1600w\" sizes=\"auto, (max-width: 1024px) 100vw, 1024px\" \/><\/figure>\n\n\n\n<figure class=\"wp-block-image size-large\"><img loading=\"lazy\" decoding=\"async\" width=\"1024\" height=\"566\" data-id=\"9218\" src=\"https:\/\/prensa.sma.gob.ar\/wp-content\/uploads\/2025\/08\/WhatsApp-Image-2025-08-17-at-17.15.01-2-1024x566.jpeg\" alt=\"\" class=\"wp-image-9218\" srcset=\"https:\/\/prensa.sma.gob.ar\/wp-content\/uploads\/2025\/08\/WhatsApp-Image-2025-08-17-at-17.15.01-2-1024x566.jpeg 1024w, https:\/\/prensa.sma.gob.ar\/wp-content\/uploads\/2025\/08\/WhatsApp-Image-2025-08-17-at-17.15.01-2-300x166.jpeg 300w, https:\/\/prensa.sma.gob.ar\/wp-content\/uploads\/2025\/08\/WhatsApp-Image-2025-08-17-at-17.15.01-2-768x424.jpeg 768w, https:\/\/prensa.sma.gob.ar\/wp-content\/uploads\/2025\/08\/WhatsApp-Image-2025-08-17-at-17.15.01-2-1536x849.jpeg 1536w, https:\/\/prensa.sma.gob.ar\/wp-content\/uploads\/2025\/08\/WhatsApp-Image-2025-08-17-at-17.15.01-2-760x420.jpeg 760w, https:\/\/prensa.sma.gob.ar\/wp-content\/uploads\/2025\/08\/WhatsApp-Image-2025-08-17-at-17.15.01-2-696x385.jpeg 696w, https:\/\/prensa.sma.gob.ar\/wp-content\/uploads\/2025\/08\/WhatsApp-Image-2025-08-17-at-17.15.01-2-1068x590.jpeg 1068w, https:\/\/prensa.sma.gob.ar\/wp-content\/uploads\/2025\/08\/WhatsApp-Image-2025-08-17-at-17.15.01-2.jpeg 1600w\" sizes=\"auto, (max-width: 1024px) 100vw, 1024px\" \/><\/figure>\n\n\n\n<figure class=\"wp-block-image size-large\"><img loading=\"lazy\" decoding=\"async\" width=\"1024\" height=\"576\" data-id=\"9216\" src=\"https:\/\/prensa.sma.gob.ar\/wp-content\/uploads\/2025\/08\/WhatsApp-Image-2025-08-17-at-17.15.02-2-1024x576.jpeg\" alt=\"\" class=\"wp-image-9216\" srcset=\"https:\/\/prensa.sma.gob.ar\/wp-content\/uploads\/2025\/08\/WhatsApp-Image-2025-08-17-at-17.15.02-2-1024x576.jpeg 1024w, https:\/\/prensa.sma.gob.ar\/wp-content\/uploads\/2025\/08\/WhatsApp-Image-2025-08-17-at-17.15.02-2-300x169.jpeg 300w, https:\/\/prensa.sma.gob.ar\/wp-content\/uploads\/2025\/08\/WhatsApp-Image-2025-08-17-at-17.15.02-2-768x432.jpeg 768w, https:\/\/prensa.sma.gob.ar\/wp-content\/uploads\/2025\/08\/WhatsApp-Image-2025-08-17-at-17.15.02-2-1536x864.jpeg 1536w, https:\/\/prensa.sma.gob.ar\/wp-content\/uploads\/2025\/08\/WhatsApp-Image-2025-08-17-at-17.15.02-2-747x420.jpeg 747w, https:\/\/prensa.sma.gob.ar\/wp-content\/uploads\/2025\/08\/WhatsApp-Image-2025-08-17-at-17.15.02-2-696x392.jpeg 696w, https:\/\/prensa.sma.gob.ar\/wp-content\/uploads\/2025\/08\/WhatsApp-Image-2025-08-17-at-17.15.02-2-1068x601.jpeg 1068w, https:\/\/prensa.sma.gob.ar\/wp-content\/uploads\/2025\/08\/WhatsApp-Image-2025-08-17-at-17.15.02-2.jpeg 1600w\" sizes=\"auto, (max-width: 1024px) 100vw, 1024px\" \/><\/figure>\n\n\n\n<figure class=\"wp-block-image size-large\"><img loading=\"lazy\" decoding=\"async\" width=\"1024\" height=\"576\" data-id=\"9209\" src=\"https:\/\/prensa.sma.gob.ar\/wp-content\/uploads\/2025\/08\/WhatsApp-Image-2025-08-17-at-17.15.04-3-1024x576.jpeg\" alt=\"\" class=\"wp-image-9209\" srcset=\"https:\/\/prensa.sma.gob.ar\/wp-content\/uploads\/2025\/08\/WhatsApp-Image-2025-08-17-at-17.15.04-3-1024x576.jpeg 1024w, https:\/\/prensa.sma.gob.ar\/wp-content\/uploads\/2025\/08\/WhatsApp-Image-2025-08-17-at-17.15.04-3-300x169.jpeg 300w, https:\/\/prensa.sma.gob.ar\/wp-content\/uploads\/2025\/08\/WhatsApp-Image-2025-08-17-at-17.15.04-3-768x432.jpeg 768w, https:\/\/prensa.sma.gob.ar\/wp-content\/uploads\/2025\/08\/WhatsApp-Image-2025-08-17-at-17.15.04-3-1536x864.jpeg 1536w, https:\/\/prensa.sma.gob.ar\/wp-content\/uploads\/2025\/08\/WhatsApp-Image-2025-08-17-at-17.15.04-3-747x420.jpeg 747w, https:\/\/prensa.sma.gob.ar\/wp-content\/uploads\/2025\/08\/WhatsApp-Image-2025-08-17-at-17.15.04-3-696x392.jpeg 696w, https:\/\/prensa.sma.gob.ar\/wp-content\/uploads\/2025\/08\/WhatsApp-Image-2025-08-17-at-17.15.04-3-1068x601.jpeg 1068w, https:\/\/prensa.sma.gob.ar\/wp-content\/uploads\/2025\/08\/WhatsApp-Image-2025-08-17-at-17.15.04-3.jpeg 1600w\" sizes=\"auto, (max-width: 1024px) 100vw, 1024px\" \/><\/figure>\n\n\n\n<figure class=\"wp-block-image size-large\"><img loading=\"lazy\" decoding=\"async\" width=\"1024\" height=\"658\" data-id=\"9208\" src=\"https:\/\/prensa.sma.gob.ar\/wp-content\/uploads\/2025\/08\/WhatsApp-Image-2025-08-17-at-17.15.04-4-1024x658.jpeg\" alt=\"\" class=\"wp-image-9208\" srcset=\"https:\/\/prensa.sma.gob.ar\/wp-content\/uploads\/2025\/08\/WhatsApp-Image-2025-08-17-at-17.15.04-4-1024x658.jpeg 1024w, https:\/\/prensa.sma.gob.ar\/wp-content\/uploads\/2025\/08\/WhatsApp-Image-2025-08-17-at-17.15.04-4-300x193.jpeg 300w, https:\/\/prensa.sma.gob.ar\/wp-content\/uploads\/2025\/08\/WhatsApp-Image-2025-08-17-at-17.15.04-4-768x493.jpeg 768w, https:\/\/prensa.sma.gob.ar\/wp-content\/uploads\/2025\/08\/WhatsApp-Image-2025-08-17-at-17.15.04-4-1536x987.jpeg 1536w, https:\/\/prensa.sma.gob.ar\/wp-content\/uploads\/2025\/08\/WhatsApp-Image-2025-08-17-at-17.15.04-4-654x420.jpeg 654w, https:\/\/prensa.sma.gob.ar\/wp-content\/uploads\/2025\/08\/WhatsApp-Image-2025-08-17-at-17.15.04-4-696x447.jpeg 696w, https:\/\/prensa.sma.gob.ar\/wp-content\/uploads\/2025\/08\/WhatsApp-Image-2025-08-17-at-17.15.04-4-1068x686.jpeg 1068w, https:\/\/prensa.sma.gob.ar\/wp-content\/uploads\/2025\/08\/WhatsApp-Image-2025-08-17-at-17.15.04-4.jpeg 1600w\" sizes=\"auto, (max-width: 1024px) 100vw, 1024px\" \/><\/figure>\n\n\n\n<figure class=\"wp-block-image size-large\"><img loading=\"lazy\" decoding=\"async\" width=\"1024\" height=\"625\" data-id=\"9214\" src=\"https:\/\/prensa.sma.gob.ar\/wp-content\/uploads\/2025\/08\/WhatsApp-Image-2025-08-17-at-17.15.02-4-1024x625.jpeg\" alt=\"\" class=\"wp-image-9214\" srcset=\"https:\/\/prensa.sma.gob.ar\/wp-content\/uploads\/2025\/08\/WhatsApp-Image-2025-08-17-at-17.15.02-4-1024x625.jpeg 1024w, https:\/\/prensa.sma.gob.ar\/wp-content\/uploads\/2025\/08\/WhatsApp-Image-2025-08-17-at-17.15.02-4-300x183.jpeg 300w, https:\/\/prensa.sma.gob.ar\/wp-content\/uploads\/2025\/08\/WhatsApp-Image-2025-08-17-at-17.15.02-4-768x468.jpeg 768w, https:\/\/prensa.sma.gob.ar\/wp-content\/uploads\/2025\/08\/WhatsApp-Image-2025-08-17-at-17.15.02-4-1536x937.jpeg 1536w, https:\/\/prensa.sma.gob.ar\/wp-content\/uploads\/2025\/08\/WhatsApp-Image-2025-08-17-at-17.15.02-4-689x420.jpeg 689w, https:\/\/prensa.sma.gob.ar\/wp-content\/uploads\/2025\/08\/WhatsApp-Image-2025-08-17-at-17.15.02-4-696x425.jpeg 696w, https:\/\/prensa.sma.gob.ar\/wp-content\/uploads\/2025\/08\/WhatsApp-Image-2025-08-17-at-17.15.02-4-1068x651.jpeg 1068w, https:\/\/prensa.sma.gob.ar\/wp-content\/uploads\/2025\/08\/WhatsApp-Image-2025-08-17-at-17.15.02-4.jpeg 1600w\" sizes=\"auto, (max-width: 1024px) 100vw, 1024px\" \/><\/figure>\n\n\n\n<figure class=\"wp-block-image size-large\"><img loading=\"lazy\" decoding=\"async\" width=\"1024\" height=\"617\" data-id=\"9215\" src=\"https:\/\/prensa.sma.gob.ar\/wp-content\/uploads\/2025\/08\/WhatsApp-Image-2025-08-17-at-17.15.02-3-1024x617.jpeg\" alt=\"\" class=\"wp-image-9215\" srcset=\"https:\/\/prensa.sma.gob.ar\/wp-content\/uploads\/2025\/08\/WhatsApp-Image-2025-08-17-at-17.15.02-3-1024x617.jpeg 1024w, https:\/\/prensa.sma.gob.ar\/wp-content\/uploads\/2025\/08\/WhatsApp-Image-2025-08-17-at-17.15.02-3-300x181.jpeg 300w, https:\/\/prensa.sma.gob.ar\/wp-content\/uploads\/2025\/08\/WhatsApp-Image-2025-08-17-at-17.15.02-3-768x463.jpeg 768w, https:\/\/prensa.sma.gob.ar\/wp-content\/uploads\/2025\/08\/WhatsApp-Image-2025-08-17-at-17.15.02-3-1536x925.jpeg 1536w, https:\/\/prensa.sma.gob.ar\/wp-content\/uploads\/2025\/08\/WhatsApp-Image-2025-08-17-at-17.15.02-3-697x420.jpeg 697w, https:\/\/prensa.sma.gob.ar\/wp-content\/uploads\/2025\/08\/WhatsApp-Image-2025-08-17-at-17.15.02-3-696x419.jpeg 696w, https:\/\/prensa.sma.gob.ar\/wp-content\/uploads\/2025\/08\/WhatsApp-Image-2025-08-17-at-17.15.02-3-1068x643.jpeg 1068w, https:\/\/prensa.sma.gob.ar\/wp-content\/uploads\/2025\/08\/WhatsApp-Image-2025-08-17-at-17.15.02-3.jpeg 1600w\" sizes=\"auto, (max-width: 1024px) 100vw, 1024px\" \/><\/figure>\n\n\n\n<figure class=\"wp-block-image size-large\"><img loading=\"lazy\" decoding=\"async\" width=\"1024\" height=\"576\" data-id=\"9212\" src=\"https:\/\/prensa.sma.gob.ar\/wp-content\/uploads\/2025\/08\/WhatsApp-Image-2025-08-17-at-17.15.03-2-1024x576.jpeg\" alt=\"\" class=\"wp-image-9212\" srcset=\"https:\/\/prensa.sma.gob.ar\/wp-content\/uploads\/2025\/08\/WhatsApp-Image-2025-08-17-at-17.15.03-2-1024x576.jpeg 1024w, https:\/\/prensa.sma.gob.ar\/wp-content\/uploads\/2025\/08\/WhatsApp-Image-2025-08-17-at-17.15.03-2-300x169.jpeg 300w, https:\/\/prensa.sma.gob.ar\/wp-content\/uploads\/2025\/08\/WhatsApp-Image-2025-08-17-at-17.15.03-2-768x432.jpeg 768w, https:\/\/prensa.sma.gob.ar\/wp-content\/uploads\/2025\/08\/WhatsApp-Image-2025-08-17-at-17.15.03-2-1536x864.jpeg 1536w, https:\/\/prensa.sma.gob.ar\/wp-content\/uploads\/2025\/08\/WhatsApp-Image-2025-08-17-at-17.15.03-2-747x420.jpeg 747w, https:\/\/prensa.sma.gob.ar\/wp-content\/uploads\/2025\/08\/WhatsApp-Image-2025-08-17-at-17.15.03-2-696x392.jpeg 696w, https:\/\/prensa.sma.gob.ar\/wp-content\/uploads\/2025\/08\/WhatsApp-Image-2025-08-17-at-17.15.03-2-1068x601.jpeg 1068w, https:\/\/prensa.sma.gob.ar\/wp-content\/uploads\/2025\/08\/WhatsApp-Image-2025-08-17-at-17.15.03-2.jpeg 1600w\" sizes=\"auto, (max-width: 1024px) 100vw, 1024px\" \/><\/figure>\n<\/figure>\n","protected":false},"excerpt":{"rendered":"<p>El intendente Carlos Saloniti encabez\u00f3 la ceremonia oficial por el 175\u00b0 aniversario del Paso a la Inmortalidad del General Jos\u00e9 de San Mart\u00edn, que se realiz\u00f3 este domingo y que incluy\u00f3 un minuto de silencio y la colocaci\u00f3n de ofrendas florales. El jefe comunal estuvo acompa\u00f1ado por concejales, el guardaparque Jorge Blanco, en representaci\u00f3n de [&hellip;]<\/p>\n","protected":false},"author":2,"featured_media":9212,"comment_status":"closed","ping_status":"open","sticky":false,"template":"","format":"standard","meta":{"footnotes":""},"categories":[16,14,17],"tags":[],"class_list":{"0":"post-9207","1":"post","2":"type-post","3":"status-publish","4":"format-standard","5":"has-post-thumbnail","7":"category-destacadas","8":"category-noticias","9":"category-portada"},"_links":{"self":[{"href":"https:\/\/prensa.sma.gob.ar\/index.php?rest_route=\/wp\/v2\/posts\/9207","targetHints":{"allow":["GET"]}}],"collection":[{"href":"https:\/\/prensa.sma.gob.ar\/index.php?rest_route=\/wp\/v2\/posts"}],"about":[{"href":"https:\/\/prensa.sma.gob.ar\/index.php?rest_route=\/wp\/v2\/types\/post"}],"author":[{"embeddable":true,"href":"https:\/\/prensa.sma.gob.ar\/index.php?rest_route=\/wp\/v2\/users\/2"}],"replies":[{"embeddable":true,"href":"https:\/\/prensa.sma.gob.ar\/index.php?rest_route=%2Fwp%2Fv2%2Fcomments&post=9207"}],"version-history":[{"count":1,"href":"https:\/\/prensa.sma.gob.ar\/index.php?rest_route=\/wp\/v2\/posts\/9207\/revisions"}],"predecessor-version":[{"id":9221,"href":"https:\/\/prensa.sma.gob.ar\/index.php?rest_route=\/wp\/v2\/posts\/9207\/revisions\/9221"}],"wp:featuredmedia":[{"embeddable":true,"href":"https:\/\/prensa.sma.gob.ar\/index.php?rest_route=\/wp\/v2\/media\/9212"}],"wp:attachment":[{"href":"https:\/\/prensa.sma.gob.ar\/index.php?rest_route=%2Fwp%2Fv2%2Fmedia&parent=9207"}],"wp:term":[{"taxonomy":"category","embeddable":true,"href":"https:\/\/prensa.sma.gob.ar\/index.php?rest_route=%2Fwp%2Fv2%2Fcategories&post=9207"},{"taxonomy":"post_tag","embeddable":true,"href":"https:\/\/prensa.sma.gob.ar\/index.php?rest_route=%2Fwp%2Fv2%2Ftags&post=9207"}],"curies":[{"name":"wp","href":"https:\/\/api.w.org\/{rel}","templated":true}]}}