{"id":9222,"date":"2025-08-16T15:50:06","date_gmt":"2025-08-16T15:50:06","guid":{"rendered":"https:\/\/prensa.sma.gob.ar\/?p=9222"},"modified":"2025-08-18T03:26:47","modified_gmt":"2025-08-18T03:26:47","slug":"el-municipio-incorporo-un-carro-para-el-transporte-de-animales-de-gran-porte","status":"publish","type":"post","link":"https:\/\/prensa.sma.gob.ar\/?p=9222","title":{"rendered":"El Municipio incorpor\u00f3 un carro para el transporte de animales de gran porte"},"content":{"rendered":"\n<p><a><\/a>La incorporaci\u00f3n de un carro para el transporte de animales de gran porte es una herramienta fundamental para realizar una de las tantas tareas que realiza el \u00e1rea de Guardas Ambientales del Municipio.<\/p>\n\n\n\n<p>En 2024 sali\u00f3 a concurso de precios la compra del carro, que fue ganado por la firma Robles Servicios, de Salvador Robles, de la ciudad de Plottier.<\/p>\n\n\n\n<p>El carro, con capacidad para cuatro equinos, signific\u00f3 una erogaci\u00f3n de $10.757.000 con fondos recaudados de la captura de animales de gran porte, seg\u00fan la Ordenanza N\u00b0 14491\/23.<\/p>\n\n\n\n<p>El carro permitir\u00e1 acarrear todos los animales de gran porte que deambulan por los espacios p\u00fablicos y tambi\u00e9n dar\u00e1 seguridad a los automovilistas que circulan por las mismas rutas y calles donde se realizan actualmente los acarreos.<\/p>\n\n\n\n<p>El transporte fue presentado por el intendente Carlos Saloniti y por el director de Guardas Ambientales, Antonio Soto.<\/p>\n\n\n\n<figure class=\"wp-block-gallery has-nested-images columns-default is-cropped wp-block-gallery-1 is-layout-flex wp-block-gallery-is-layout-flex\">\n<figure class=\"wp-block-image size-large\"><img loading=\"lazy\" decoding=\"async\" width=\"1024\" height=\"768\" data-id=\"9225\" src=\"https:\/\/prensa.sma.gob.ar\/wp-content\/uploads\/2025\/08\/532989193_1206946381460851_2860014840593709945_n-1-1024x768.jpg\" alt=\"\" class=\"wp-image-9225\" srcset=\"https:\/\/prensa.sma.gob.ar\/wp-content\/uploads\/2025\/08\/532989193_1206946381460851_2860014840593709945_n-1-1024x768.jpg 1024w, https:\/\/prensa.sma.gob.ar\/wp-content\/uploads\/2025\/08\/532989193_1206946381460851_2860014840593709945_n-1-300x225.jpg 300w, https:\/\/prensa.sma.gob.ar\/wp-content\/uploads\/2025\/08\/532989193_1206946381460851_2860014840593709945_n-1-768x576.jpg 768w, https:\/\/prensa.sma.gob.ar\/wp-content\/uploads\/2025\/08\/532989193_1206946381460851_2860014840593709945_n-1-1536x1152.jpg 1536w, https:\/\/prensa.sma.gob.ar\/wp-content\/uploads\/2025\/08\/532989193_1206946381460851_2860014840593709945_n-1-560x420.jpg 560w, https:\/\/prensa.sma.gob.ar\/wp-content\/uploads\/2025\/08\/532989193_1206946381460851_2860014840593709945_n-1-80x60.jpg 80w, https:\/\/prensa.sma.gob.ar\/wp-content\/uploads\/2025\/08\/532989193_1206946381460851_2860014840593709945_n-1-696x522.jpg 696w, https:\/\/prensa.sma.gob.ar\/wp-content\/uploads\/2025\/08\/532989193_1206946381460851_2860014840593709945_n-1-1068x801.jpg 1068w, https:\/\/prensa.sma.gob.ar\/wp-content\/uploads\/2025\/08\/532989193_1206946381460851_2860014840593709945_n-1.jpg 1600w\" sizes=\"auto, (max-width: 1024px) 100vw, 1024px\" \/><\/figure>\n\n\n\n<figure class=\"wp-block-image size-large\"><img loading=\"lazy\" decoding=\"async\" width=\"1024\" height=\"788\" data-id=\"9223\" src=\"https:\/\/prensa.sma.gob.ar\/wp-content\/uploads\/2025\/08\/carro-2-1024x788.jpg\" alt=\"\" class=\"wp-image-9223\" srcset=\"https:\/\/prensa.sma.gob.ar\/wp-content\/uploads\/2025\/08\/carro-2-1024x788.jpg 1024w, https:\/\/prensa.sma.gob.ar\/wp-content\/uploads\/2025\/08\/carro-2-300x231.jpg 300w, https:\/\/prensa.sma.gob.ar\/wp-content\/uploads\/2025\/08\/carro-2-768x591.jpg 768w, https:\/\/prensa.sma.gob.ar\/wp-content\/uploads\/2025\/08\/carro-2-545x420.jpg 545w, https:\/\/prensa.sma.gob.ar\/wp-content\/uploads\/2025\/08\/carro-2-696x536.jpg 696w, https:\/\/prensa.sma.gob.ar\/wp-content\/uploads\/2025\/08\/carro-2-1068x822.jpg 1068w, https:\/\/prensa.sma.gob.ar\/wp-content\/uploads\/2025\/08\/carro-2.jpg 1200w\" sizes=\"auto, (max-width: 1024px) 100vw, 1024px\" \/><\/figure>\n<\/figure>\n","protected":false},"excerpt":{"rendered":"<p>La incorporaci\u00f3n de un carro para el transporte de animales de gran porte es una herramienta fundamental para realizar una de las tantas tareas que realiza el \u00e1rea de Guardas Ambientales del Municipio. En 2024 sali\u00f3 a concurso de precios la compra del carro, que fue ganado por la firma Robles Servicios, de Salvador Robles, [&hellip;]<\/p>\n","protected":false},"author":2,"featured_media":9224,"comment_status":"closed","ping_status":"open","sticky":false,"template":"","format":"standard","meta":{"footnotes":""},"categories":[16,14],"tags":[],"class_list":{"0":"post-9222","1":"post","2":"type-post","3":"status-publish","4":"format-standard","5":"has-post-thumbnail","7":"category-destacadas","8":"category-noticias"},"_links":{"self":[{"href":"https:\/\/prensa.sma.gob.ar\/index.php?rest_route=\/wp\/v2\/posts\/9222","targetHints":{"allow":["GET"]}}],"collection":[{"href":"https:\/\/prensa.sma.gob.ar\/index.php?rest_route=\/wp\/v2\/posts"}],"about":[{"href":"https:\/\/prensa.sma.gob.ar\/index.php?rest_route=\/wp\/v2\/types\/post"}],"author":[{"embeddable":true,"href":"https:\/\/prensa.sma.gob.ar\/index.php?rest_route=\/wp\/v2\/users\/2"}],"replies":[{"embeddable":true,"href":"https:\/\/prensa.sma.gob.ar\/index.php?rest_route=%2Fwp%2Fv2%2Fcomments&post=9222"}],"version-history":[{"count":1,"href":"https:\/\/prensa.sma.gob.ar\/index.php?rest_route=\/wp\/v2\/posts\/9222\/revisions"}],"predecessor-version":[{"id":9226,"href":"https:\/\/prensa.sma.gob.ar\/index.php?rest_route=\/wp\/v2\/posts\/9222\/revisions\/9226"}],"wp:featuredmedia":[{"embeddable":true,"href":"https:\/\/prensa.sma.gob.ar\/index.php?rest_route=\/wp\/v2\/media\/9224"}],"wp:attachment":[{"href":"https:\/\/prensa.sma.gob.ar\/index.php?rest_route=%2Fwp%2Fv2%2Fmedia&parent=9222"}],"wp:term":[{"taxonomy":"category","embeddable":true,"href":"https:\/\/prensa.sma.gob.ar\/index.php?rest_route=%2Fwp%2Fv2%2Fcategories&post=9222"},{"taxonomy":"post_tag","embeddable":true,"href":"https:\/\/prensa.sma.gob.ar\/index.php?rest_route=%2Fwp%2Fv2%2Ftags&post=9222"}],"curies":[{"name":"wp","href":"https:\/\/api.w.org\/{rel}","templated":true}]}}