{"id":9231,"date":"2025-08-18T11:41:28","date_gmt":"2025-08-18T11:41:28","guid":{"rendered":"https:\/\/prensa.sma.gob.ar\/?p=9231"},"modified":"2025-08-18T11:41:29","modified_gmt":"2025-08-18T11:41:29","slug":"el-municipio-a-traves-del-cdi-aitue-agradece-a-la-nutricionista-karen-gili","status":"publish","type":"post","link":"https:\/\/prensa.sma.gob.ar\/?p=9231","title":{"rendered":"El Municipio, a trav\u00e9s del CDI Aitue, agradece a la nutricionista Karen Gili"},"content":{"rendered":"\n<p>El equipo de trabajo del Centro de Desarrollo Infantil Aitue expres\u00f3 su agradecimiento a la Licenciada en Nutrici\u00f3n Karen Gili por su vista a esta instituci\u00f3n de Cordones del Chapelco.<\/p>\n\n\n\n<p>El Municipio considera que su presencia y aporte son fundamentales para construir saberes en torno a la alimentaci\u00f3n saludable de las personas en general y de nuestras infancias en especial.<\/p>\n\n\n\n<p>La Licenciada Gili comparti\u00f3 su experiencia y conocimientos en nutrici\u00f3n infantil y trabaj\u00f3 con nuestro equipo para comenzar a dise\u00f1ar herramientas que promuevan h\u00e1bitos de alimentaci\u00f3n saludable en las infancias.<\/p>\n\n\n\n<figure class=\"wp-block-gallery has-nested-images columns-default is-cropped wp-block-gallery-1 is-layout-flex wp-block-gallery-is-layout-flex\">\n<figure class=\"wp-block-image size-large\"><img loading=\"lazy\" decoding=\"async\" width=\"576\" height=\"1024\" data-id=\"9235\" src=\"https:\/\/prensa.sma.gob.ar\/wp-content\/uploads\/2025\/08\/WhatsApp-Image-2025-08-18-at-08.05.14-576x1024.jpeg\" alt=\"\" class=\"wp-image-9235\" srcset=\"https:\/\/prensa.sma.gob.ar\/wp-content\/uploads\/2025\/08\/WhatsApp-Image-2025-08-18-at-08.05.14-576x1024.jpeg 576w, https:\/\/prensa.sma.gob.ar\/wp-content\/uploads\/2025\/08\/WhatsApp-Image-2025-08-18-at-08.05.14-169x300.jpeg 169w, https:\/\/prensa.sma.gob.ar\/wp-content\/uploads\/2025\/08\/WhatsApp-Image-2025-08-18-at-08.05.14-768x1365.jpeg 768w, https:\/\/prensa.sma.gob.ar\/wp-content\/uploads\/2025\/08\/WhatsApp-Image-2025-08-18-at-08.05.14-864x1536.jpeg 864w, https:\/\/prensa.sma.gob.ar\/wp-content\/uploads\/2025\/08\/WhatsApp-Image-2025-08-18-at-08.05.14-236x420.jpeg 236w, https:\/\/prensa.sma.gob.ar\/wp-content\/uploads\/2025\/08\/WhatsApp-Image-2025-08-18-at-08.05.14-696x1237.jpeg 696w, https:\/\/prensa.sma.gob.ar\/wp-content\/uploads\/2025\/08\/WhatsApp-Image-2025-08-18-at-08.05.14.jpeg 900w\" sizes=\"auto, (max-width: 576px) 100vw, 576px\" \/><\/figure>\n\n\n\n<figure class=\"wp-block-image size-large\"><img loading=\"lazy\" decoding=\"async\" width=\"484\" height=\"505\" data-id=\"9234\" src=\"https:\/\/prensa.sma.gob.ar\/wp-content\/uploads\/2025\/08\/WhatsApp-Image-2025-08-18-at-08.04.34.jpeg\" alt=\"\" class=\"wp-image-9234\" srcset=\"https:\/\/prensa.sma.gob.ar\/wp-content\/uploads\/2025\/08\/WhatsApp-Image-2025-08-18-at-08.04.34.jpeg 484w, https:\/\/prensa.sma.gob.ar\/wp-content\/uploads\/2025\/08\/WhatsApp-Image-2025-08-18-at-08.04.34-288x300.jpeg 288w, https:\/\/prensa.sma.gob.ar\/wp-content\/uploads\/2025\/08\/WhatsApp-Image-2025-08-18-at-08.04.34-403x420.jpeg 403w\" sizes=\"auto, (max-width: 484px) 100vw, 484px\" \/><\/figure>\n<\/figure>\n","protected":false},"excerpt":{"rendered":"<p>El equipo de trabajo del Centro de Desarrollo Infantil Aitue expres\u00f3 su agradecimiento a la Licenciada en Nutrici\u00f3n Karen Gili por su vista a esta instituci\u00f3n de Cordones del Chapelco. El Municipio considera que su presencia y aporte son fundamentales para construir saberes en torno a la alimentaci\u00f3n saludable de las personas en general y [&hellip;]<\/p>\n","protected":false},"author":2,"featured_media":9233,"comment_status":"closed","ping_status":"open","sticky":false,"template":"","format":"standard","meta":{"footnotes":""},"categories":[16,14],"tags":[],"class_list":{"0":"post-9231","1":"post","2":"type-post","3":"status-publish","4":"format-standard","5":"has-post-thumbnail","7":"category-destacadas","8":"category-noticias"},"_links":{"self":[{"href":"https:\/\/prensa.sma.gob.ar\/index.php?rest_route=\/wp\/v2\/posts\/9231","targetHints":{"allow":["GET"]}}],"collection":[{"href":"https:\/\/prensa.sma.gob.ar\/index.php?rest_route=\/wp\/v2\/posts"}],"about":[{"href":"https:\/\/prensa.sma.gob.ar\/index.php?rest_route=\/wp\/v2\/types\/post"}],"author":[{"embeddable":true,"href":"https:\/\/prensa.sma.gob.ar\/index.php?rest_route=\/wp\/v2\/users\/2"}],"replies":[{"embeddable":true,"href":"https:\/\/prensa.sma.gob.ar\/index.php?rest_route=%2Fwp%2Fv2%2Fcomments&post=9231"}],"version-history":[{"count":1,"href":"https:\/\/prensa.sma.gob.ar\/index.php?rest_route=\/wp\/v2\/posts\/9231\/revisions"}],"predecessor-version":[{"id":9236,"href":"https:\/\/prensa.sma.gob.ar\/index.php?rest_route=\/wp\/v2\/posts\/9231\/revisions\/9236"}],"wp:featuredmedia":[{"embeddable":true,"href":"https:\/\/prensa.sma.gob.ar\/index.php?rest_route=\/wp\/v2\/media\/9233"}],"wp:attachment":[{"href":"https:\/\/prensa.sma.gob.ar\/index.php?rest_route=%2Fwp%2Fv2%2Fmedia&parent=9231"}],"wp:term":[{"taxonomy":"category","embeddable":true,"href":"https:\/\/prensa.sma.gob.ar\/index.php?rest_route=%2Fwp%2Fv2%2Fcategories&post=9231"},{"taxonomy":"post_tag","embeddable":true,"href":"https:\/\/prensa.sma.gob.ar\/index.php?rest_route=%2Fwp%2Fv2%2Ftags&post=9231"}],"curies":[{"name":"wp","href":"https:\/\/api.w.org\/{rel}","templated":true}]}}