{"id":9263,"date":"2025-08-21T11:31:08","date_gmt":"2025-08-21T11:31:08","guid":{"rendered":"https:\/\/prensa.sma.gob.ar\/?p=9263"},"modified":"2025-08-21T11:31:09","modified_gmt":"2025-08-21T11:31:09","slug":"excelente-jornada-de-aprendizaje-en-el-taller-de-introduccion-al-mapeo-digital","status":"publish","type":"post","link":"https:\/\/prensa.sma.gob.ar\/?p=9263","title":{"rendered":"\u00a1Excelente jornada de aprendizaje en el taller de introducci\u00f3n al Mapeo Digital!"},"content":{"rendered":"\n<p>Este mi\u00e9rcoles 20 de agosto, el Ingeniero Tim DeWinter dict\u00f3 el primer taller de Introducci\u00f3n al Mapeo Digital.<\/p>\n\n\n\n<p>Esta iniciativa fue organizada por la Subsecretar\u00eda de Producci\u00f3n, Empleo y Juventud de San Mart\u00edn de los Andes, a trav\u00e9s del Departamento de Juventud, en colaboraci\u00f3n con el Humanitarian OpenStreetMap Team (HOT) y el Hub de Mapeo Abierto de Latinoam\u00e9rica y el Caribe.<\/p>\n\n\n\n<p>La jornada fue un \u00e9xito rotundo. \u00a1Gracias a todos los que participaron y fueron parte de esta experiencia!<\/p>\n","protected":false},"excerpt":{"rendered":"<p>Este mi\u00e9rcoles 20 de agosto, el Ingeniero Tim DeWinter dict\u00f3 el primer taller de Introducci\u00f3n al Mapeo Digital. Esta iniciativa fue organizada por la Subsecretar\u00eda de Producci\u00f3n, Empleo y Juventud de San Mart\u00edn de los Andes, a trav\u00e9s del Departamento de Juventud, en colaboraci\u00f3n con el Humanitarian OpenStreetMap Team (HOT) y el Hub de Mapeo [&hellip;]<\/p>\n","protected":false},"author":2,"featured_media":9264,"comment_status":"closed","ping_status":"open","sticky":false,"template":"","format":"standard","meta":{"footnotes":""},"categories":[16,14,38],"tags":[],"class_list":{"0":"post-9263","1":"post","2":"type-post","3":"status-publish","4":"format-standard","5":"has-post-thumbnail","7":"category-destacadas","8":"category-noticias","9":"category-subsecretaria-produccion-empleo-y-juventud"},"_links":{"self":[{"href":"https:\/\/prensa.sma.gob.ar\/index.php?rest_route=\/wp\/v2\/posts\/9263","targetHints":{"allow":["GET"]}}],"collection":[{"href":"https:\/\/prensa.sma.gob.ar\/index.php?rest_route=\/wp\/v2\/posts"}],"about":[{"href":"https:\/\/prensa.sma.gob.ar\/index.php?rest_route=\/wp\/v2\/types\/post"}],"author":[{"embeddable":true,"href":"https:\/\/prensa.sma.gob.ar\/index.php?rest_route=\/wp\/v2\/users\/2"}],"replies":[{"embeddable":true,"href":"https:\/\/prensa.sma.gob.ar\/index.php?rest_route=%2Fwp%2Fv2%2Fcomments&post=9263"}],"version-history":[{"count":1,"href":"https:\/\/prensa.sma.gob.ar\/index.php?rest_route=\/wp\/v2\/posts\/9263\/revisions"}],"predecessor-version":[{"id":9265,"href":"https:\/\/prensa.sma.gob.ar\/index.php?rest_route=\/wp\/v2\/posts\/9263\/revisions\/9265"}],"wp:featuredmedia":[{"embeddable":true,"href":"https:\/\/prensa.sma.gob.ar\/index.php?rest_route=\/wp\/v2\/media\/9264"}],"wp:attachment":[{"href":"https:\/\/prensa.sma.gob.ar\/index.php?rest_route=%2Fwp%2Fv2%2Fmedia&parent=9263"}],"wp:term":[{"taxonomy":"category","embeddable":true,"href":"https:\/\/prensa.sma.gob.ar\/index.php?rest_route=%2Fwp%2Fv2%2Fcategories&post=9263"},{"taxonomy":"post_tag","embeddable":true,"href":"https:\/\/prensa.sma.gob.ar\/index.php?rest_route=%2Fwp%2Fv2%2Ftags&post=9263"}],"curies":[{"name":"wp","href":"https:\/\/api.w.org\/{rel}","templated":true}]}}