{"id":9295,"date":"2025-08-21T11:30:24","date_gmt":"2025-08-21T11:30:24","guid":{"rendered":"https:\/\/prensa.sma.gob.ar\/?p=9295"},"modified":"2025-08-22T03:35:47","modified_gmt":"2025-08-22T03:35:47","slug":"avanza-el-analisis-para-modificar-la-ordenanza-de-juntas-vecinales","status":"publish","type":"post","link":"https:\/\/prensa.sma.gob.ar\/?p=9295","title":{"rendered":"Avanza el an\u00e1lisis para modificar la Ordenanza de Juntas Vecinales"},"content":{"rendered":"\n<p>Con el compromiso de mejorar la participaci\u00f3n comunitaria y potenciar a las comisiones barriales, se realiz\u00f3 una nueva reuni\u00f3n para analizar cambios a la Ordenanza 9439, que norma las organizaciones vecinales y las funciones y alcances de la Subsecretar\u00eda de Juntas Vecinales.<\/p>\n\n\n\n<p>En el inicio del Cap\u00edtulo II de la referida Ordenanza, se analiz\u00f3 especialmente el Art\u00edculo 9, que establece las atribuciones y deberes de la actual Subsecretar\u00eda de Juntas Vecinales. El aporte de las vecinas y vecinos enriqueci\u00f3 este punto coincidiendo en que el fortalecimiento de esta \u00e1rea del Ejecutivo municipal implica un mayor potencial de las comisiones barriales.<\/p>\n\n\n\n<p>El texto actual menciona que, entre las atribuciones y deberes, el \u00e1rea municipal de Juntas Vecinales debe gestionar, colaborar y solucionar con todos los medios a su alcance las presentaciones que hagan las Juntas Vecinales; proponer nuevos temas de inter\u00e9s y canalizar la comunicaci\u00f3n.<\/p>\n\n\n\n<p>Adem\u00e1s, promueve que la Subsecretar\u00eda debe interiorizase de la problem\u00e1tica de los distintos barrios, fomentar la elecci\u00f3n de Comisiones Directivas, convocar a elecciones en las Juntas Vecinales, constituirse en Junta Electoral en oportunidad de llevarse a cabo elecciones vecinales e inscribir las Juntas Vecinales en el registro, otorgando la constancia respectiva de la Personer\u00eda Municipal.<\/p>\n\n\n\n<p>Tras el debate, el Art\u00edculo recibi\u00f3 numerosos aportes que, por seg\u00fan el consenso, fortaleci\u00f3 a las comisiones barriales e incentiv\u00f3 la participaci\u00f3n comunitaria en la constituci\u00f3n de estos \u00e1mbitos de representaci\u00f3n, incluyendo el rol del Consejo de Juntas Vecinales.<\/p>\n\n\n\n<p>Convocada por la Subsecretar\u00eda de Juntas Vecinales y el Consejo de Juntas Vecinales, este octavo encuentro se realiz\u00f3 este martes 19 de agosto, en la Delegaci\u00f3n Municipal de Cordones del Chapelco.<\/p>\n\n\n\n<p>Sobre el final de la jornada, comenz\u00f3 el abordaje de los art\u00edculos que conforman el Cap\u00edtulo III, desde el 10\u00b0 al 22\u00b0, que establecen la constituci\u00f3n y funcionamiento de las Juntas Vecinales. El an\u00e1lisis continuar\u00e1 en la pr\u00f3xima reuni\u00f3n, que tendr\u00e1 lugar el martes 2 de septiembre, a las 18, en la Delegaci\u00f3n Municipal de Vega Centro.<\/p>\n","protected":false},"excerpt":{"rendered":"<p>Con el compromiso de mejorar la participaci\u00f3n comunitaria y potenciar a las comisiones barriales, se realiz\u00f3 una nueva reuni\u00f3n para analizar cambios a la Ordenanza 9439, que norma las organizaciones vecinales y las funciones y alcances de la Subsecretar\u00eda de Juntas Vecinales. En el inicio del Cap\u00edtulo II de la referida Ordenanza, se analiz\u00f3 especialmente [&hellip;]<\/p>\n","protected":false},"author":2,"featured_media":9297,"comment_status":"closed","ping_status":"open","sticky":false,"template":"","format":"standard","meta":{"footnotes":""},"categories":[16,11,39,14],"tags":[],"class_list":{"0":"post-9295","1":"post","2":"type-post","3":"status-publish","4":"format-standard","5":"has-post-thumbnail","7":"category-destacadas","8":"category-gobierno","9":"category-subs-juntas-vecinales","10":"category-noticias"},"_links":{"self":[{"href":"https:\/\/prensa.sma.gob.ar\/index.php?rest_route=\/wp\/v2\/posts\/9295","targetHints":{"allow":["GET"]}}],"collection":[{"href":"https:\/\/prensa.sma.gob.ar\/index.php?rest_route=\/wp\/v2\/posts"}],"about":[{"href":"https:\/\/prensa.sma.gob.ar\/index.php?rest_route=\/wp\/v2\/types\/post"}],"author":[{"embeddable":true,"href":"https:\/\/prensa.sma.gob.ar\/index.php?rest_route=\/wp\/v2\/users\/2"}],"replies":[{"embeddable":true,"href":"https:\/\/prensa.sma.gob.ar\/index.php?rest_route=%2Fwp%2Fv2%2Fcomments&post=9295"}],"version-history":[{"count":2,"href":"https:\/\/prensa.sma.gob.ar\/index.php?rest_route=\/wp\/v2\/posts\/9295\/revisions"}],"predecessor-version":[{"id":9299,"href":"https:\/\/prensa.sma.gob.ar\/index.php?rest_route=\/wp\/v2\/posts\/9295\/revisions\/9299"}],"wp:featuredmedia":[{"embeddable":true,"href":"https:\/\/prensa.sma.gob.ar\/index.php?rest_route=\/wp\/v2\/media\/9297"}],"wp:attachment":[{"href":"https:\/\/prensa.sma.gob.ar\/index.php?rest_route=%2Fwp%2Fv2%2Fmedia&parent=9295"}],"wp:term":[{"taxonomy":"category","embeddable":true,"href":"https:\/\/prensa.sma.gob.ar\/index.php?rest_route=%2Fwp%2Fv2%2Fcategories&post=9295"},{"taxonomy":"post_tag","embeddable":true,"href":"https:\/\/prensa.sma.gob.ar\/index.php?rest_route=%2Fwp%2Fv2%2Ftags&post=9295"}],"curies":[{"name":"wp","href":"https:\/\/api.w.org\/{rel}","templated":true}]}}