{"id":9310,"date":"2025-08-22T18:30:21","date_gmt":"2025-08-22T18:30:21","guid":{"rendered":"https:\/\/prensa.sma.gob.ar\/?p=9310"},"modified":"2025-08-22T18:30:22","modified_gmt":"2025-08-22T18:30:22","slug":"en-el-municipio-de-san-martin-de-los-andes-no-avalamos-el-transporte-de-pasajeros-ilegal","status":"publish","type":"post","link":"https:\/\/prensa.sma.gob.ar\/?p=9310","title":{"rendered":"En el municipio de San Mart\u00edn de los Andes no avalamos el transporte de pasajeros ilegal"},"content":{"rendered":"\n<p>Cuando tengas que viajar, hacelo en un veh\u00edculo habilitado y con un chofer en regla.<\/p>\n\n\n\n<p>Debe tener licencia habilitante para el transporte de pasajeros, licencia comercial al d\u00eda, un seguro para sus pasajeros, la habilitaci\u00f3n de sus veh\u00edculos y todos los requerimientos que exigen las ordenanzas municipales.<\/p>\n","protected":false},"excerpt":{"rendered":"<p>Cuando tengas que viajar, hacelo en un veh\u00edculo habilitado y con un chofer en regla. Debe tener licencia habilitante para el transporte de pasajeros, licencia comercial al d\u00eda, un seguro para sus pasajeros, la habilitaci\u00f3n de sus veh\u00edculos y todos los requerimientos que exigen las ordenanzas municipales.<\/p>\n","protected":false},"author":2,"featured_media":9311,"comment_status":"closed","ping_status":"open","sticky":false,"template":"","format":"standard","meta":{"footnotes":""},"categories":[16,14,17],"tags":[],"class_list":{"0":"post-9310","1":"post","2":"type-post","3":"status-publish","4":"format-standard","5":"has-post-thumbnail","7":"category-destacadas","8":"category-noticias","9":"category-portada"},"_links":{"self":[{"href":"https:\/\/prensa.sma.gob.ar\/index.php?rest_route=\/wp\/v2\/posts\/9310","targetHints":{"allow":["GET"]}}],"collection":[{"href":"https:\/\/prensa.sma.gob.ar\/index.php?rest_route=\/wp\/v2\/posts"}],"about":[{"href":"https:\/\/prensa.sma.gob.ar\/index.php?rest_route=\/wp\/v2\/types\/post"}],"author":[{"embeddable":true,"href":"https:\/\/prensa.sma.gob.ar\/index.php?rest_route=\/wp\/v2\/users\/2"}],"replies":[{"embeddable":true,"href":"https:\/\/prensa.sma.gob.ar\/index.php?rest_route=%2Fwp%2Fv2%2Fcomments&post=9310"}],"version-history":[{"count":1,"href":"https:\/\/prensa.sma.gob.ar\/index.php?rest_route=\/wp\/v2\/posts\/9310\/revisions"}],"predecessor-version":[{"id":9312,"href":"https:\/\/prensa.sma.gob.ar\/index.php?rest_route=\/wp\/v2\/posts\/9310\/revisions\/9312"}],"wp:featuredmedia":[{"embeddable":true,"href":"https:\/\/prensa.sma.gob.ar\/index.php?rest_route=\/wp\/v2\/media\/9311"}],"wp:attachment":[{"href":"https:\/\/prensa.sma.gob.ar\/index.php?rest_route=%2Fwp%2Fv2%2Fmedia&parent=9310"}],"wp:term":[{"taxonomy":"category","embeddable":true,"href":"https:\/\/prensa.sma.gob.ar\/index.php?rest_route=%2Fwp%2Fv2%2Fcategories&post=9310"},{"taxonomy":"post_tag","embeddable":true,"href":"https:\/\/prensa.sma.gob.ar\/index.php?rest_route=%2Fwp%2Fv2%2Ftags&post=9310"}],"curies":[{"name":"wp","href":"https:\/\/api.w.org\/{rel}","templated":true}]}}