{"id":9313,"date":"2025-08-22T18:28:57","date_gmt":"2025-08-22T18:28:57","guid":{"rendered":"https:\/\/prensa.sma.gob.ar\/?p=9313"},"modified":"2025-08-22T20:12:12","modified_gmt":"2025-08-22T20:12:12","slug":"reafirman-el-comienzo-de-las-obras-para-mejorar-el-servicio-de-agua-en-payla-menuko-y-newen-antug","status":"publish","type":"post","link":"https:\/\/prensa.sma.gob.ar\/?p=9313","title":{"rendered":"Reafirman el comienzo de las obras para mejorar el servicio de agua en Payla Menuko y Newen Antug"},"content":{"rendered":"\n<p>Funcionarios y t\u00e9cnicos de Recursos H\u00eddricos de la provincia de Neuqu\u00e9n, del Municipio, de la Comunidad Curruhuinca y de la Cooperativa de Agua, se reunieron este jueves para confirmar el inicio de los trabajos que mejorar\u00e1n el servicio de agua en los parajes Payla Menuko y Newen Antug.<\/p>\n\n\n\n<p>En la reuni\u00f3n tambi\u00e9n se analizaron otras propuestas complementarias a las obras que se iniciar\u00e1n en los pr\u00f3ximos d\u00edas con fondos del Estado provincial y mano de obra municipal y que incluyen nuevo sistema de captaci\u00f3n y filtrado, para hacer frente a los per\u00edodos de escasez y de turbiedad del agua.<\/p>\n\n\n\n<p>El encuentro tuvo lugar en el Sal\u00f3n Municipal luego de que el Estado provincial enviara al Municipio los fondos del aporte no reintegrable por $151.528.859, destinado a la adquisici\u00f3n y construcci\u00f3n de un sistema de captaci\u00f3n, traslado e interconexi\u00f3n de recursos h\u00eddricos.<\/p>\n\n\n\n<p>De la reuni\u00f3n participaron el director provincial de Administraci\u00f3n del Agua, Emilio Molina, y el t\u00e9cnico de este organismo Juan Manuel L\u00f3pez Osorni, quienes por la ma\u00f1ana se hab\u00edan reunido con el intendente municipal, Carlos Saloniti. El jefe comunal insisti\u00f3 en la necesidad de comenzar cuanto antes las obras, tras la llegada de los fondos provinciales.<\/p>\n\n\n\n<p>Adem\u00e1s de los representantes del organismo provincial, del encuentro en el Sal\u00f3n Municipal participaron el secretario de Gobierno del Municipio, Alejandro Apaolaza; la subsecretaria de Juntas Vecinales, Lorena Gonz\u00e1lez; el lonko de la comunidad Curruhuinca, Ariel Epulef; la kona del paraje, Virginia Colipan; el gerente de Agua Potable de la Cooperativa de Agua Potable y Saneamiento, Federico Bontempo; y el coordinador de Prensa del Municipio, Adri\u00e1n Fern\u00e1ndez.<\/p>\n\n\n\n<p>La obra financiada por la Provincia contempla \u201cequipamiento de captaci\u00f3n, recintos de protecci\u00f3n, un tanque australiano de gran capacidad y la ejecuci\u00f3n de obras civiles destinadas a garantizar la conducci\u00f3n y distribuci\u00f3n eficiente del recurso en el territorio\u201d, seg\u00fan el convenio firmado en mayo pasado por el gobernador Rolando Figueroa, el intendente Saloniti y miembros de la comunidad Curruhuinca.<\/p>\n\n\n\n<p>El nuevo sistema incluir\u00e1 una nueva planta potabilizadora (en reemplazo del filtro actual), que se compone de tres unidades: prefiltraci\u00f3n con un filtro est\u00e1tico sin energ\u00eda el\u00e9ctrica; filtraci\u00f3n multimedia y desinfecci\u00f3n.<\/p>\n\n\n\n<p>Previamente, el mi\u00e9rcoles, se realiz\u00f3 una reuni\u00f3n en la Cooperativa de Agua de la que participaron Federico Bontempo, el subsecretario de Obras P\u00fablicas, Leonardo Manr\u00edquez, junto a la arquitecta Marcela \u00c1lvarez y el director de Mantenimiento, Daniel Opel.<\/p>\n\n\n\n<figure class=\"wp-block-gallery has-nested-images columns-default is-cropped wp-block-gallery-1 is-layout-flex wp-block-gallery-is-layout-flex\">\n<figure class=\"wp-block-image size-large\"><img loading=\"lazy\" decoding=\"async\" width=\"1024\" height=\"577\" data-id=\"9314\" src=\"https:\/\/prensa.sma.gob.ar\/wp-content\/uploads\/2025\/08\/WhatsApp-Image-2025-08-21-at-15.15.59-1-1024x577.jpeg\" alt=\"\" class=\"wp-image-9314\" srcset=\"https:\/\/prensa.sma.gob.ar\/wp-content\/uploads\/2025\/08\/WhatsApp-Image-2025-08-21-at-15.15.59-1-1024x577.jpeg 1024w, https:\/\/prensa.sma.gob.ar\/wp-content\/uploads\/2025\/08\/WhatsApp-Image-2025-08-21-at-15.15.59-1-300x169.jpeg 300w, https:\/\/prensa.sma.gob.ar\/wp-content\/uploads\/2025\/08\/WhatsApp-Image-2025-08-21-at-15.15.59-1-768x433.jpeg 768w, https:\/\/prensa.sma.gob.ar\/wp-content\/uploads\/2025\/08\/WhatsApp-Image-2025-08-21-at-15.15.59-1-1536x866.jpeg 1536w, https:\/\/prensa.sma.gob.ar\/wp-content\/uploads\/2025\/08\/WhatsApp-Image-2025-08-21-at-15.15.59-1-745x420.jpeg 745w, https:\/\/prensa.sma.gob.ar\/wp-content\/uploads\/2025\/08\/WhatsApp-Image-2025-08-21-at-15.15.59-1-696x392.jpeg 696w, https:\/\/prensa.sma.gob.ar\/wp-content\/uploads\/2025\/08\/WhatsApp-Image-2025-08-21-at-15.15.59-1-1068x602.jpeg 1068w, https:\/\/prensa.sma.gob.ar\/wp-content\/uploads\/2025\/08\/WhatsApp-Image-2025-08-21-at-15.15.59-1.jpeg 1600w\" sizes=\"auto, (max-width: 1024px) 100vw, 1024px\" \/><\/figure>\n\n\n\n<figure class=\"wp-block-image size-large\"><img loading=\"lazy\" decoding=\"async\" width=\"1024\" height=\"646\" data-id=\"9315\" src=\"https:\/\/prensa.sma.gob.ar\/wp-content\/uploads\/2025\/08\/WhatsApp-Image-2025-08-21-at-15.15.59-1024x646.jpeg\" alt=\"\" class=\"wp-image-9315\" srcset=\"https:\/\/prensa.sma.gob.ar\/wp-content\/uploads\/2025\/08\/WhatsApp-Image-2025-08-21-at-15.15.59-1024x646.jpeg 1024w, https:\/\/prensa.sma.gob.ar\/wp-content\/uploads\/2025\/08\/WhatsApp-Image-2025-08-21-at-15.15.59-300x189.jpeg 300w, https:\/\/prensa.sma.gob.ar\/wp-content\/uploads\/2025\/08\/WhatsApp-Image-2025-08-21-at-15.15.59-768x485.jpeg 768w, https:\/\/prensa.sma.gob.ar\/wp-content\/uploads\/2025\/08\/WhatsApp-Image-2025-08-21-at-15.15.59-1536x970.jpeg 1536w, https:\/\/prensa.sma.gob.ar\/wp-content\/uploads\/2025\/08\/WhatsApp-Image-2025-08-21-at-15.15.59-665x420.jpeg 665w, https:\/\/prensa.sma.gob.ar\/wp-content\/uploads\/2025\/08\/WhatsApp-Image-2025-08-21-at-15.15.59-696x439.jpeg 696w, https:\/\/prensa.sma.gob.ar\/wp-content\/uploads\/2025\/08\/WhatsApp-Image-2025-08-21-at-15.15.59-1068x674.jpeg 1068w, https:\/\/prensa.sma.gob.ar\/wp-content\/uploads\/2025\/08\/WhatsApp-Image-2025-08-21-at-15.15.59.jpeg 1600w\" sizes=\"auto, (max-width: 1024px) 100vw, 1024px\" \/><\/figure>\n\n\n\n<figure class=\"wp-block-image size-large\"><img loading=\"lazy\" decoding=\"async\" width=\"1024\" height=\"576\" data-id=\"9316\" src=\"https:\/\/prensa.sma.gob.ar\/wp-content\/uploads\/2025\/08\/WhatsApp-Image-2025-08-21-at-15.15.58-3-1024x576.jpeg\" alt=\"\" class=\"wp-image-9316\" srcset=\"https:\/\/prensa.sma.gob.ar\/wp-content\/uploads\/2025\/08\/WhatsApp-Image-2025-08-21-at-15.15.58-3-1024x576.jpeg 1024w, https:\/\/prensa.sma.gob.ar\/wp-content\/uploads\/2025\/08\/WhatsApp-Image-2025-08-21-at-15.15.58-3-300x169.jpeg 300w, https:\/\/prensa.sma.gob.ar\/wp-content\/uploads\/2025\/08\/WhatsApp-Image-2025-08-21-at-15.15.58-3-768x432.jpeg 768w, https:\/\/prensa.sma.gob.ar\/wp-content\/uploads\/2025\/08\/WhatsApp-Image-2025-08-21-at-15.15.58-3-1536x864.jpeg 1536w, https:\/\/prensa.sma.gob.ar\/wp-content\/uploads\/2025\/08\/WhatsApp-Image-2025-08-21-at-15.15.58-3-747x420.jpeg 747w, https:\/\/prensa.sma.gob.ar\/wp-content\/uploads\/2025\/08\/WhatsApp-Image-2025-08-21-at-15.15.58-3-696x392.jpeg 696w, https:\/\/prensa.sma.gob.ar\/wp-content\/uploads\/2025\/08\/WhatsApp-Image-2025-08-21-at-15.15.58-3-1068x601.jpeg 1068w, https:\/\/prensa.sma.gob.ar\/wp-content\/uploads\/2025\/08\/WhatsApp-Image-2025-08-21-at-15.15.58-3.jpeg 1600w\" sizes=\"auto, (max-width: 1024px) 100vw, 1024px\" \/><\/figure>\n\n\n\n<figure class=\"wp-block-image size-large\"><img loading=\"lazy\" decoding=\"async\" width=\"1024\" height=\"576\" data-id=\"9322\" src=\"https:\/\/prensa.sma.gob.ar\/wp-content\/uploads\/2025\/08\/WhatsApp-Image-2025-08-20-at-12.47.56-1024x576.jpeg\" alt=\"\" class=\"wp-image-9322\" srcset=\"https:\/\/prensa.sma.gob.ar\/wp-content\/uploads\/2025\/08\/WhatsApp-Image-2025-08-20-at-12.47.56-1024x576.jpeg 1024w, https:\/\/prensa.sma.gob.ar\/wp-content\/uploads\/2025\/08\/WhatsApp-Image-2025-08-20-at-12.47.56-300x169.jpeg 300w, https:\/\/prensa.sma.gob.ar\/wp-content\/uploads\/2025\/08\/WhatsApp-Image-2025-08-20-at-12.47.56-768x432.jpeg 768w, https:\/\/prensa.sma.gob.ar\/wp-content\/uploads\/2025\/08\/WhatsApp-Image-2025-08-20-at-12.47.56-1536x864.jpeg 1536w, https:\/\/prensa.sma.gob.ar\/wp-content\/uploads\/2025\/08\/WhatsApp-Image-2025-08-20-at-12.47.56-747x420.jpeg 747w, https:\/\/prensa.sma.gob.ar\/wp-content\/uploads\/2025\/08\/WhatsApp-Image-2025-08-20-at-12.47.56-696x392.jpeg 696w, https:\/\/prensa.sma.gob.ar\/wp-content\/uploads\/2025\/08\/WhatsApp-Image-2025-08-20-at-12.47.56-1068x601.jpeg 1068w, https:\/\/prensa.sma.gob.ar\/wp-content\/uploads\/2025\/08\/WhatsApp-Image-2025-08-20-at-12.47.56.jpeg 1600w\" sizes=\"auto, (max-width: 1024px) 100vw, 1024px\" \/><\/figure>\n\n\n\n<figure class=\"wp-block-image size-large\"><img loading=\"lazy\" decoding=\"async\" width=\"1024\" height=\"576\" data-id=\"9321\" src=\"https:\/\/prensa.sma.gob.ar\/wp-content\/uploads\/2025\/08\/WhatsApp-Image-2025-08-20-at-12.47.57-1024x576.jpeg\" alt=\"\" class=\"wp-image-9321\" srcset=\"https:\/\/prensa.sma.gob.ar\/wp-content\/uploads\/2025\/08\/WhatsApp-Image-2025-08-20-at-12.47.57-1024x576.jpeg 1024w, https:\/\/prensa.sma.gob.ar\/wp-content\/uploads\/2025\/08\/WhatsApp-Image-2025-08-20-at-12.47.57-300x169.jpeg 300w, https:\/\/prensa.sma.gob.ar\/wp-content\/uploads\/2025\/08\/WhatsApp-Image-2025-08-20-at-12.47.57-768x432.jpeg 768w, https:\/\/prensa.sma.gob.ar\/wp-content\/uploads\/2025\/08\/WhatsApp-Image-2025-08-20-at-12.47.57-1536x864.jpeg 1536w, https:\/\/prensa.sma.gob.ar\/wp-content\/uploads\/2025\/08\/WhatsApp-Image-2025-08-20-at-12.47.57-747x420.jpeg 747w, https:\/\/prensa.sma.gob.ar\/wp-content\/uploads\/2025\/08\/WhatsApp-Image-2025-08-20-at-12.47.57-696x392.jpeg 696w, https:\/\/prensa.sma.gob.ar\/wp-content\/uploads\/2025\/08\/WhatsApp-Image-2025-08-20-at-12.47.57-1068x601.jpeg 1068w, https:\/\/prensa.sma.gob.ar\/wp-content\/uploads\/2025\/08\/WhatsApp-Image-2025-08-20-at-12.47.57.jpeg 1600w\" sizes=\"auto, (max-width: 1024px) 100vw, 1024px\" \/><\/figure>\n\n\n\n<figure class=\"wp-block-image size-large\"><img loading=\"lazy\" decoding=\"async\" width=\"1024\" height=\"585\" data-id=\"9319\" src=\"https:\/\/prensa.sma.gob.ar\/wp-content\/uploads\/2025\/08\/WhatsApp-Image-2025-08-21-at-15.15.58-1024x585.jpeg\" alt=\"\" class=\"wp-image-9319\" srcset=\"https:\/\/prensa.sma.gob.ar\/wp-content\/uploads\/2025\/08\/WhatsApp-Image-2025-08-21-at-15.15.58-1024x585.jpeg 1024w, https:\/\/prensa.sma.gob.ar\/wp-content\/uploads\/2025\/08\/WhatsApp-Image-2025-08-21-at-15.15.58-300x171.jpeg 300w, https:\/\/prensa.sma.gob.ar\/wp-content\/uploads\/2025\/08\/WhatsApp-Image-2025-08-21-at-15.15.58-768x439.jpeg 768w, https:\/\/prensa.sma.gob.ar\/wp-content\/uploads\/2025\/08\/WhatsApp-Image-2025-08-21-at-15.15.58-1536x877.jpeg 1536w, https:\/\/prensa.sma.gob.ar\/wp-content\/uploads\/2025\/08\/WhatsApp-Image-2025-08-21-at-15.15.58-735x420.jpeg 735w, https:\/\/prensa.sma.gob.ar\/wp-content\/uploads\/2025\/08\/WhatsApp-Image-2025-08-21-at-15.15.58-696x398.jpeg 696w, https:\/\/prensa.sma.gob.ar\/wp-content\/uploads\/2025\/08\/WhatsApp-Image-2025-08-21-at-15.15.58-1068x610.jpeg 1068w, https:\/\/prensa.sma.gob.ar\/wp-content\/uploads\/2025\/08\/WhatsApp-Image-2025-08-21-at-15.15.58.jpeg 1600w\" sizes=\"auto, (max-width: 1024px) 100vw, 1024px\" \/><\/figure>\n<\/figure>\n","protected":false},"excerpt":{"rendered":"<p>Funcionarios y t\u00e9cnicos de Recursos H\u00eddricos de la provincia de Neuqu\u00e9n, del Municipio, de la Comunidad Curruhuinca y de la Cooperativa de Agua, se reunieron este jueves para confirmar el inicio de los trabajos que mejorar\u00e1n el servicio de agua en los parajes Payla Menuko y Newen Antug. En la reuni\u00f3n tambi\u00e9n se analizaron otras [&hellip;]<\/p>\n","protected":false},"author":2,"featured_media":9318,"comment_status":"closed","ping_status":"open","sticky":false,"template":"","format":"standard","meta":{"footnotes":""},"categories":[16,14,17],"tags":[],"class_list":{"0":"post-9313","1":"post","2":"type-post","3":"status-publish","4":"format-standard","5":"has-post-thumbnail","7":"category-destacadas","8":"category-noticias","9":"category-portada"},"_links":{"self":[{"href":"https:\/\/prensa.sma.gob.ar\/index.php?rest_route=\/wp\/v2\/posts\/9313","targetHints":{"allow":["GET"]}}],"collection":[{"href":"https:\/\/prensa.sma.gob.ar\/index.php?rest_route=\/wp\/v2\/posts"}],"about":[{"href":"https:\/\/prensa.sma.gob.ar\/index.php?rest_route=\/wp\/v2\/types\/post"}],"author":[{"embeddable":true,"href":"https:\/\/prensa.sma.gob.ar\/index.php?rest_route=\/wp\/v2\/users\/2"}],"replies":[{"embeddable":true,"href":"https:\/\/prensa.sma.gob.ar\/index.php?rest_route=%2Fwp%2Fv2%2Fcomments&post=9313"}],"version-history":[{"count":1,"href":"https:\/\/prensa.sma.gob.ar\/index.php?rest_route=\/wp\/v2\/posts\/9313\/revisions"}],"predecessor-version":[{"id":9323,"href":"https:\/\/prensa.sma.gob.ar\/index.php?rest_route=\/wp\/v2\/posts\/9313\/revisions\/9323"}],"wp:featuredmedia":[{"embeddable":true,"href":"https:\/\/prensa.sma.gob.ar\/index.php?rest_route=\/wp\/v2\/media\/9318"}],"wp:attachment":[{"href":"https:\/\/prensa.sma.gob.ar\/index.php?rest_route=%2Fwp%2Fv2%2Fmedia&parent=9313"}],"wp:term":[{"taxonomy":"category","embeddable":true,"href":"https:\/\/prensa.sma.gob.ar\/index.php?rest_route=%2Fwp%2Fv2%2Fcategories&post=9313"},{"taxonomy":"post_tag","embeddable":true,"href":"https:\/\/prensa.sma.gob.ar\/index.php?rest_route=%2Fwp%2Fv2%2Ftags&post=9313"}],"curies":[{"name":"wp","href":"https:\/\/api.w.org\/{rel}","templated":true}]}}