{"id":9331,"date":"2025-08-24T20:23:27","date_gmt":"2025-08-24T20:23:27","guid":{"rendered":"https:\/\/prensa.sma.gob.ar\/?p=9331"},"modified":"2025-08-24T20:35:40","modified_gmt":"2025-08-24T20:35:40","slug":"la-junta-vecinal-de-el-molino-ya-tiene-su-nueva-comision-directiva","status":"publish","type":"post","link":"https:\/\/prensa.sma.gob.ar\/?p=9331","title":{"rendered":"\u00a1La Junta Vecinal de El Molino ya tiene su nueva Comisi\u00f3n Directiva!"},"content":{"rendered":"\n<p>La Junta Vecinal de El Molino renov\u00f3 este domingo su Comisi\u00f3n Vecinal durante una elecci\u00f3n en la que se vivi\u00f3 un buen clima comunitario y participativo, con la convicci\u00f3n de las vecinas y vecinos de que la organizaci\u00f3n barrial es la mejor manera de canalizar demandas y hallar soluciones<\/p>\n\n\n\n<p>Votaron 94 personas de 372 empadronados, sin votos nulos ni en blanco. La lista obtuvo el 25,2% del padr\u00f3n y el ciento por ciento de quienes asistieron a emitir su voto, en la sede vecinal de El Molino.<\/p>\n\n\n\n<p>La lista para conformar una nueva Comisi\u00f3n Vecinal qued\u00f3 integrada por Sergio Napoli; Yanina Liberatore; Mar\u00eda Elena Riffo; Jorge \u00c1lvarez; y Nora Aragno en cargos titulares, junto al s\u00edndico revisor de cuentas Javier L\u00f3pez.<\/p>\n\n\n\n<p>En los cargos suplentes est\u00e1n Hern\u00e1n Gim\u00e9nez; Elena Siebenhaar; Sandra Gutman; Gerardo Corte; y D\u00e9bora Riquelme y Omar Traballoni como s\u00edndico revisor de cuentas.<\/p>\n\n\n\n<p>Las elecciones estuvieron fiscalizadas por la Junta Electoral, presidida por la subsecretaria de Juntas Vecinales, Lorena Gonz\u00e1lez; por Mar\u00eda N\u00e9lida Lascano y Adri\u00e1n Gonz\u00e1lez, en representaci\u00f3n del barrio; y por Noelia Galdames y Mara Cabrera, del Consejo de Juntas Vecinales.<br><\/p>\n\n\n\n<figure class=\"wp-block-gallery has-nested-images columns-default is-cropped wp-block-gallery-1 is-layout-flex wp-block-gallery-is-layout-flex\">\n<figure class=\"wp-block-image size-large\"><img loading=\"lazy\" decoding=\"async\" width=\"1024\" height=\"768\" data-id=\"9333\" src=\"https:\/\/prensa.sma.gob.ar\/wp-content\/uploads\/2025\/08\/WhatsApp-Image-2025-08-24-at-17.04.44-1024x768.jpeg\" alt=\"\" class=\"wp-image-9333\" srcset=\"https:\/\/prensa.sma.gob.ar\/wp-content\/uploads\/2025\/08\/WhatsApp-Image-2025-08-24-at-17.04.44-1024x768.jpeg 1024w, https:\/\/prensa.sma.gob.ar\/wp-content\/uploads\/2025\/08\/WhatsApp-Image-2025-08-24-at-17.04.44-300x225.jpeg 300w, https:\/\/prensa.sma.gob.ar\/wp-content\/uploads\/2025\/08\/WhatsApp-Image-2025-08-24-at-17.04.44-768x576.jpeg 768w, https:\/\/prensa.sma.gob.ar\/wp-content\/uploads\/2025\/08\/WhatsApp-Image-2025-08-24-at-17.04.44-1536x1152.jpeg 1536w, https:\/\/prensa.sma.gob.ar\/wp-content\/uploads\/2025\/08\/WhatsApp-Image-2025-08-24-at-17.04.44-560x420.jpeg 560w, https:\/\/prensa.sma.gob.ar\/wp-content\/uploads\/2025\/08\/WhatsApp-Image-2025-08-24-at-17.04.44-80x60.jpeg 80w, https:\/\/prensa.sma.gob.ar\/wp-content\/uploads\/2025\/08\/WhatsApp-Image-2025-08-24-at-17.04.44-696x522.jpeg 696w, https:\/\/prensa.sma.gob.ar\/wp-content\/uploads\/2025\/08\/WhatsApp-Image-2025-08-24-at-17.04.44-1068x801.jpeg 1068w, https:\/\/prensa.sma.gob.ar\/wp-content\/uploads\/2025\/08\/WhatsApp-Image-2025-08-24-at-17.04.44.jpeg 1600w\" sizes=\"auto, (max-width: 1024px) 100vw, 1024px\" \/><\/figure>\n<\/figure>\n\n\n\n<p><\/p>\n","protected":false},"excerpt":{"rendered":"<p>La Junta Vecinal de El Molino renov\u00f3 este domingo su Comisi\u00f3n Vecinal durante una elecci\u00f3n en la que se vivi\u00f3 un buen clima comunitario y participativo, con la convicci\u00f3n de las vecinas y vecinos de que la organizaci\u00f3n barrial es la mejor manera de canalizar demandas y hallar soluciones Votaron 94 personas de 372 empadronados, [&hellip;]<\/p>\n","protected":false},"author":2,"featured_media":9332,"comment_status":"closed","ping_status":"open","sticky":false,"template":"","format":"standard","meta":{"footnotes":""},"categories":[16,39,14],"tags":[],"class_list":{"0":"post-9331","1":"post","2":"type-post","3":"status-publish","4":"format-standard","5":"has-post-thumbnail","7":"category-destacadas","8":"category-subs-juntas-vecinales","9":"category-noticias"},"_links":{"self":[{"href":"https:\/\/prensa.sma.gob.ar\/index.php?rest_route=\/wp\/v2\/posts\/9331","targetHints":{"allow":["GET"]}}],"collection":[{"href":"https:\/\/prensa.sma.gob.ar\/index.php?rest_route=\/wp\/v2\/posts"}],"about":[{"href":"https:\/\/prensa.sma.gob.ar\/index.php?rest_route=\/wp\/v2\/types\/post"}],"author":[{"embeddable":true,"href":"https:\/\/prensa.sma.gob.ar\/index.php?rest_route=\/wp\/v2\/users\/2"}],"replies":[{"embeddable":true,"href":"https:\/\/prensa.sma.gob.ar\/index.php?rest_route=%2Fwp%2Fv2%2Fcomments&post=9331"}],"version-history":[{"count":1,"href":"https:\/\/prensa.sma.gob.ar\/index.php?rest_route=\/wp\/v2\/posts\/9331\/revisions"}],"predecessor-version":[{"id":9336,"href":"https:\/\/prensa.sma.gob.ar\/index.php?rest_route=\/wp\/v2\/posts\/9331\/revisions\/9336"}],"wp:featuredmedia":[{"embeddable":true,"href":"https:\/\/prensa.sma.gob.ar\/index.php?rest_route=\/wp\/v2\/media\/9332"}],"wp:attachment":[{"href":"https:\/\/prensa.sma.gob.ar\/index.php?rest_route=%2Fwp%2Fv2%2Fmedia&parent=9331"}],"wp:term":[{"taxonomy":"category","embeddable":true,"href":"https:\/\/prensa.sma.gob.ar\/index.php?rest_route=%2Fwp%2Fv2%2Fcategories&post=9331"},{"taxonomy":"post_tag","embeddable":true,"href":"https:\/\/prensa.sma.gob.ar\/index.php?rest_route=%2Fwp%2Fv2%2Ftags&post=9331"}],"curies":[{"name":"wp","href":"https:\/\/api.w.org\/{rel}","templated":true}]}}