{"id":9415,"date":"2025-08-28T12:58:48","date_gmt":"2025-08-28T12:58:48","guid":{"rendered":"https:\/\/prensa.sma.gob.ar\/?p=9415"},"modified":"2025-08-28T17:09:09","modified_gmt":"2025-08-28T17:09:09","slug":"el-municipio-continua-distribuyendo-los-qr-para-consultar-los-horarios-del-transporte-urbano","status":"publish","type":"post","link":"https:\/\/prensa.sma.gob.ar\/?p=9415","title":{"rendered":"El Municipio contin\u00faa distribuyendo los QR para consultar los horarios del transporte urbano"},"content":{"rendered":"\n<p>Trabajadoras de la Coordinaci\u00f3n de SUBE del Municipio y de la Subsecretar\u00eda de Juntas Vecinales realizaron este mi\u00e9rcoles una nueva distribuci\u00f3n de los adhesivos con el c\u00f3digo QR para consultar los horarios del transporte urbano e interurbano.<\/p>\n\n\n\n<p>La jornada se cumpli\u00f3 en paradas y garitas de El Arenal, tanto dentro del barrio como en las ubicadas sobre Ruta Nacional 40; y en las paradas del Hospital y del gimnasio Javier Carriqueo.<\/p>\n\n\n\n<p>En los pr\u00f3ximos d\u00edas continuar\u00e1 la distribuci\u00f3n en las paradas de Kaleuche, Los Radales y otros barrios, adem\u00e1s se trabajar\u00e1 en otras instituciones y en escuelas.<\/p>\n\n\n\n<p>Estas recorridas incluyen charlas espont\u00e1neas explicativas con vecinas y vecinos que esperan el colectivo y que reciben de buena forma esta innovaci\u00f3n que permite saber en tiempo real el horario de pasada del colectivo, entre otras funciones.<\/p>\n\n\n\n<p>La nueva aplicaci\u00f3n permite, entre otras cosas, saber en cu\u00e1nto tiempo pasar\u00e1 el pr\u00f3ximo colectivo, seg\u00fan el destino, acceder a los recorridos de cada una de las l\u00edneas y ramales, y conocer los horarios diagramados.<\/p>\n\n\n\n<p>Los adhesivos, plastificados, fueron provistos por Expreso Colonia, que tiene a su cargo Expreso Los andes, la empresa que presta el servicio de colectivos urbano de nuestra ciudad, el interurbano a Jun\u00edn de los Andes, y el que llega hasta la base del Cerro Chapelco.<\/p>\n\n\n\n<figure class=\"wp-block-gallery has-nested-images columns-default is-cropped wp-block-gallery-1 is-layout-flex wp-block-gallery-is-layout-flex\">\n<figure class=\"wp-block-image size-large\"><img loading=\"lazy\" decoding=\"async\" width=\"1024\" height=\"1016\" data-id=\"9418\" src=\"https:\/\/prensa.sma.gob.ar\/wp-content\/uploads\/2025\/08\/QR-2-1024x1016.jpg\" alt=\"\" class=\"wp-image-9418\" srcset=\"https:\/\/prensa.sma.gob.ar\/wp-content\/uploads\/2025\/08\/QR-2-1024x1016.jpg 1024w, https:\/\/prensa.sma.gob.ar\/wp-content\/uploads\/2025\/08\/QR-2-300x298.jpg 300w, https:\/\/prensa.sma.gob.ar\/wp-content\/uploads\/2025\/08\/QR-2-150x150.jpg 150w, https:\/\/prensa.sma.gob.ar\/wp-content\/uploads\/2025\/08\/QR-2-768x762.jpg 768w, https:\/\/prensa.sma.gob.ar\/wp-content\/uploads\/2025\/08\/QR-2-423x420.jpg 423w, https:\/\/prensa.sma.gob.ar\/wp-content\/uploads\/2025\/08\/QR-2-696x691.jpg 696w, https:\/\/prensa.sma.gob.ar\/wp-content\/uploads\/2025\/08\/QR-2-1068x1060.jpg 1068w, https:\/\/prensa.sma.gob.ar\/wp-content\/uploads\/2025\/08\/QR-2.jpg 1200w\" sizes=\"auto, (max-width: 1024px) 100vw, 1024px\" \/><\/figure>\n\n\n\n<figure class=\"wp-block-image size-large\"><img loading=\"lazy\" decoding=\"async\" width=\"768\" height=\"1024\" data-id=\"9421\" src=\"https:\/\/prensa.sma.gob.ar\/wp-content\/uploads\/2025\/08\/WhatsApp-Image-2025-08-28-at-13.53.41-768x1024.jpeg\" alt=\"\" class=\"wp-image-9421\" srcset=\"https:\/\/prensa.sma.gob.ar\/wp-content\/uploads\/2025\/08\/WhatsApp-Image-2025-08-28-at-13.53.41-768x1024.jpeg 768w, https:\/\/prensa.sma.gob.ar\/wp-content\/uploads\/2025\/08\/WhatsApp-Image-2025-08-28-at-13.53.41-225x300.jpeg 225w, https:\/\/prensa.sma.gob.ar\/wp-content\/uploads\/2025\/08\/WhatsApp-Image-2025-08-28-at-13.53.41-315x420.jpeg 315w, https:\/\/prensa.sma.gob.ar\/wp-content\/uploads\/2025\/08\/WhatsApp-Image-2025-08-28-at-13.53.41-696x928.jpeg 696w, https:\/\/prensa.sma.gob.ar\/wp-content\/uploads\/2025\/08\/WhatsApp-Image-2025-08-28-at-13.53.41.jpeg 960w\" sizes=\"auto, (max-width: 768px) 100vw, 768px\" \/><\/figure>\n\n\n\n<figure class=\"wp-block-image size-large\"><img loading=\"lazy\" decoding=\"async\" width=\"768\" height=\"1024\" data-id=\"9420\" src=\"https:\/\/prensa.sma.gob.ar\/wp-content\/uploads\/2025\/08\/WhatsApp-Image-2025-08-28-at-13.53.411-768x1024.jpeg\" alt=\"\" class=\"wp-image-9420\" srcset=\"https:\/\/prensa.sma.gob.ar\/wp-content\/uploads\/2025\/08\/WhatsApp-Image-2025-08-28-at-13.53.411-768x1024.jpeg 768w, https:\/\/prensa.sma.gob.ar\/wp-content\/uploads\/2025\/08\/WhatsApp-Image-2025-08-28-at-13.53.411-225x300.jpeg 225w, https:\/\/prensa.sma.gob.ar\/wp-content\/uploads\/2025\/08\/WhatsApp-Image-2025-08-28-at-13.53.411-315x420.jpeg 315w, https:\/\/prensa.sma.gob.ar\/wp-content\/uploads\/2025\/08\/WhatsApp-Image-2025-08-28-at-13.53.411-696x928.jpeg 696w, https:\/\/prensa.sma.gob.ar\/wp-content\/uploads\/2025\/08\/WhatsApp-Image-2025-08-28-at-13.53.411.jpeg 960w\" sizes=\"auto, (max-width: 768px) 100vw, 768px\" \/><\/figure>\n<\/figure>\n","protected":false},"excerpt":{"rendered":"<p>Trabajadoras de la Coordinaci\u00f3n de SUBE del Municipio y de la Subsecretar\u00eda de Juntas Vecinales realizaron este mi\u00e9rcoles una nueva distribuci\u00f3n de los adhesivos con el c\u00f3digo QR para consultar los horarios del transporte urbano e interurbano. La jornada se cumpli\u00f3 en paradas y garitas de El Arenal, tanto dentro del barrio como en las [&hellip;]<\/p>\n","protected":false},"author":2,"featured_media":9423,"comment_status":"closed","ping_status":"open","sticky":false,"template":"","format":"standard","meta":{"footnotes":""},"categories":[16,39,14],"tags":[],"class_list":{"0":"post-9415","1":"post","2":"type-post","3":"status-publish","4":"format-standard","5":"has-post-thumbnail","7":"category-destacadas","8":"category-subs-juntas-vecinales","9":"category-noticias"},"_links":{"self":[{"href":"https:\/\/prensa.sma.gob.ar\/index.php?rest_route=\/wp\/v2\/posts\/9415","targetHints":{"allow":["GET"]}}],"collection":[{"href":"https:\/\/prensa.sma.gob.ar\/index.php?rest_route=\/wp\/v2\/posts"}],"about":[{"href":"https:\/\/prensa.sma.gob.ar\/index.php?rest_route=\/wp\/v2\/types\/post"}],"author":[{"embeddable":true,"href":"https:\/\/prensa.sma.gob.ar\/index.php?rest_route=\/wp\/v2\/users\/2"}],"replies":[{"embeddable":true,"href":"https:\/\/prensa.sma.gob.ar\/index.php?rest_route=%2Fwp%2Fv2%2Fcomments&post=9415"}],"version-history":[{"count":2,"href":"https:\/\/prensa.sma.gob.ar\/index.php?rest_route=\/wp\/v2\/posts\/9415\/revisions"}],"predecessor-version":[{"id":9424,"href":"https:\/\/prensa.sma.gob.ar\/index.php?rest_route=\/wp\/v2\/posts\/9415\/revisions\/9424"}],"wp:featuredmedia":[{"embeddable":true,"href":"https:\/\/prensa.sma.gob.ar\/index.php?rest_route=\/wp\/v2\/media\/9423"}],"wp:attachment":[{"href":"https:\/\/prensa.sma.gob.ar\/index.php?rest_route=%2Fwp%2Fv2%2Fmedia&parent=9415"}],"wp:term":[{"taxonomy":"category","embeddable":true,"href":"https:\/\/prensa.sma.gob.ar\/index.php?rest_route=%2Fwp%2Fv2%2Fcategories&post=9415"},{"taxonomy":"post_tag","embeddable":true,"href":"https:\/\/prensa.sma.gob.ar\/index.php?rest_route=%2Fwp%2Fv2%2Ftags&post=9415"}],"curies":[{"name":"wp","href":"https:\/\/api.w.org\/{rel}","templated":true}]}}