{"id":951,"date":"2024-07-08T21:00:52","date_gmt":"2024-07-08T21:00:52","guid":{"rendered":"https:\/\/prensa.sma.gob.ar\/?p=951"},"modified":"2024-07-09T03:39:45","modified_gmt":"2024-07-09T03:39:45","slug":"hernan-scordo-fue-juramentado-como-fiscal-de-san-martin-de-los-andes","status":"publish","type":"post","link":"https:\/\/prensa.sma.gob.ar\/?p=951","title":{"rendered":"Hern\u00e1n Scordo fue juramentado como fiscal de San Mart\u00edn de los Andes"},"content":{"rendered":"\n<p>El fiscal General de la provincia de Neuqu\u00e9n, Jos\u00e9 Gerez, tom\u00f3 juramento a Hern\u00e1n Gustavo Scordo como fiscal del caso de la IV Circunscripci\u00f3n Judicial, con sede en nuestra ciudad.<\/p>\n\n\n\n<p>El acto se realiz\u00f3 este lunes en el Sal\u00f3n Municipal, con la presencia del intendente Carlos Saloniti, la presidenta del Concejo Deliberante, Natalia Vita, y la fiscal del caso tambi\u00e9n de nuestra ciudad, In\u00e9s Gerez, juramentada para el cargo el a\u00f1o pasado. Tambi\u00e9n asisti\u00f3 la intendenta del Parque Nacional Lanin, Monin Aquin.<\/p>\n\n\n\n<figure class=\"wp-block-gallery has-nested-images columns-default is-cropped wp-block-gallery-1 is-layout-flex wp-block-gallery-is-layout-flex\">\n<figure class=\"wp-block-image size-large\"><img loading=\"lazy\" decoding=\"async\" width=\"1024\" height=\"576\" data-id=\"958\" src=\"https:\/\/prensa.sma.gob.ar\/wp-content\/uploads\/2024\/07\/WhatsApp-Image-2024-07-08-at-16.14.362.jpeg\" alt=\"\" class=\"wp-image-958\" srcset=\"https:\/\/prensa.sma.gob.ar\/wp-content\/uploads\/2024\/07\/WhatsApp-Image-2024-07-08-at-16.14.362.jpeg 1024w, https:\/\/prensa.sma.gob.ar\/wp-content\/uploads\/2024\/07\/WhatsApp-Image-2024-07-08-at-16.14.362-300x169.jpeg 300w, https:\/\/prensa.sma.gob.ar\/wp-content\/uploads\/2024\/07\/WhatsApp-Image-2024-07-08-at-16.14.362-768x432.jpeg 768w, https:\/\/prensa.sma.gob.ar\/wp-content\/uploads\/2024\/07\/WhatsApp-Image-2024-07-08-at-16.14.362-747x420.jpeg 747w, https:\/\/prensa.sma.gob.ar\/wp-content\/uploads\/2024\/07\/WhatsApp-Image-2024-07-08-at-16.14.362-696x392.jpeg 696w\" sizes=\"auto, (max-width: 1024px) 100vw, 1024px\" \/><\/figure>\n\n\n\n<figure class=\"wp-block-image size-large\"><img loading=\"lazy\" decoding=\"async\" width=\"1024\" height=\"584\" data-id=\"955\" src=\"https:\/\/prensa.sma.gob.ar\/wp-content\/uploads\/2024\/07\/WhatsApp-Image-2024-07-08-at-16.14.372.jpeg\" alt=\"\" class=\"wp-image-955\" srcset=\"https:\/\/prensa.sma.gob.ar\/wp-content\/uploads\/2024\/07\/WhatsApp-Image-2024-07-08-at-16.14.372.jpeg 1024w, https:\/\/prensa.sma.gob.ar\/wp-content\/uploads\/2024\/07\/WhatsApp-Image-2024-07-08-at-16.14.372-300x171.jpeg 300w, https:\/\/prensa.sma.gob.ar\/wp-content\/uploads\/2024\/07\/WhatsApp-Image-2024-07-08-at-16.14.372-768x438.jpeg 768w, https:\/\/prensa.sma.gob.ar\/wp-content\/uploads\/2024\/07\/WhatsApp-Image-2024-07-08-at-16.14.372-736x420.jpeg 736w, https:\/\/prensa.sma.gob.ar\/wp-content\/uploads\/2024\/07\/WhatsApp-Image-2024-07-08-at-16.14.372-696x397.jpeg 696w\" sizes=\"auto, (max-width: 1024px) 100vw, 1024px\" \/><\/figure>\n\n\n\n<figure class=\"wp-block-image size-large\"><img loading=\"lazy\" decoding=\"async\" width=\"1024\" height=\"576\" data-id=\"954\" src=\"https:\/\/prensa.sma.gob.ar\/wp-content\/uploads\/2024\/07\/WhatsApp-Image-2024-07-08-at-16.14.374.jpeg\" alt=\"\" class=\"wp-image-954\" srcset=\"https:\/\/prensa.sma.gob.ar\/wp-content\/uploads\/2024\/07\/WhatsApp-Image-2024-07-08-at-16.14.374.jpeg 1024w, https:\/\/prensa.sma.gob.ar\/wp-content\/uploads\/2024\/07\/WhatsApp-Image-2024-07-08-at-16.14.374-300x169.jpeg 300w, https:\/\/prensa.sma.gob.ar\/wp-content\/uploads\/2024\/07\/WhatsApp-Image-2024-07-08-at-16.14.374-768x432.jpeg 768w, https:\/\/prensa.sma.gob.ar\/wp-content\/uploads\/2024\/07\/WhatsApp-Image-2024-07-08-at-16.14.374-747x420.jpeg 747w, https:\/\/prensa.sma.gob.ar\/wp-content\/uploads\/2024\/07\/WhatsApp-Image-2024-07-08-at-16.14.374-696x392.jpeg 696w\" sizes=\"auto, (max-width: 1024px) 100vw, 1024px\" \/><\/figure>\n<\/figure>\n\n\n\n<p>El fiscal General de la provincia felicit\u00f3 a Scordo y le reconoci\u00f3 que \u201cel ascenso de tu carrera es directamente proporcional al compromiso que mostraste a lo largo de estos a\u00f1os en el Ministerio P\u00fablico Fiscal\u201d.<\/p>\n\n\n\n<p>Celebr\u00f3, adem\u00e1s, que la llegada de Scordo permite sumar a un segundo fiscal en nuestra ciudad. \u201cTenemos un nuevo fiscal, despu\u00e9s de tanto pelear por dos fiscales\u201d, se\u00f1al\u00f3 Gerez, y record\u00f3 que \u201cser fiscal es un compromiso social\u201d.<\/p>\n\n\n\n<p>Tras ser juramentado, Scordo agradeci\u00f3 a su familia, a colegas del sistema judicial, a las fuerzas de seguridad por colaborar con la justicia, al intendente Saloniti, a Natalia Vita y a Monin Aquin. \u201cHoy he tomado un compromiso de servicio a la sociedad, es una gran responsabilidad y voy a dejarlo todo\u201d, afirm\u00f3.<\/p>\n\n\n\n<figure class=\"wp-block-gallery has-nested-images columns-default is-cropped wp-block-gallery-2 is-layout-flex wp-block-gallery-is-layout-flex\">\n<figure class=\"wp-block-image size-large\"><img loading=\"lazy\" decoding=\"async\" width=\"1024\" height=\"576\" data-id=\"952\" src=\"https:\/\/prensa.sma.gob.ar\/wp-content\/uploads\/2024\/07\/WhatsApp-Image-2024-07-08-at-16.14.379.jpeg\" alt=\"\" class=\"wp-image-952\" srcset=\"https:\/\/prensa.sma.gob.ar\/wp-content\/uploads\/2024\/07\/WhatsApp-Image-2024-07-08-at-16.14.379.jpeg 1024w, https:\/\/prensa.sma.gob.ar\/wp-content\/uploads\/2024\/07\/WhatsApp-Image-2024-07-08-at-16.14.379-300x169.jpeg 300w, https:\/\/prensa.sma.gob.ar\/wp-content\/uploads\/2024\/07\/WhatsApp-Image-2024-07-08-at-16.14.379-768x432.jpeg 768w, https:\/\/prensa.sma.gob.ar\/wp-content\/uploads\/2024\/07\/WhatsApp-Image-2024-07-08-at-16.14.379-747x420.jpeg 747w, https:\/\/prensa.sma.gob.ar\/wp-content\/uploads\/2024\/07\/WhatsApp-Image-2024-07-08-at-16.14.379-696x392.jpeg 696w\" sizes=\"auto, (max-width: 1024px) 100vw, 1024px\" \/><\/figure>\n\n\n\n<figure class=\"wp-block-image size-large\"><img loading=\"lazy\" decoding=\"async\" width=\"1024\" height=\"576\" data-id=\"953\" src=\"https:\/\/prensa.sma.gob.ar\/wp-content\/uploads\/2024\/07\/WhatsApp-Image-2024-07-08-at-16.14.378.jpeg\" alt=\"\" class=\"wp-image-953\" srcset=\"https:\/\/prensa.sma.gob.ar\/wp-content\/uploads\/2024\/07\/WhatsApp-Image-2024-07-08-at-16.14.378.jpeg 1024w, https:\/\/prensa.sma.gob.ar\/wp-content\/uploads\/2024\/07\/WhatsApp-Image-2024-07-08-at-16.14.378-300x169.jpeg 300w, https:\/\/prensa.sma.gob.ar\/wp-content\/uploads\/2024\/07\/WhatsApp-Image-2024-07-08-at-16.14.378-768x432.jpeg 768w, https:\/\/prensa.sma.gob.ar\/wp-content\/uploads\/2024\/07\/WhatsApp-Image-2024-07-08-at-16.14.378-747x420.jpeg 747w, https:\/\/prensa.sma.gob.ar\/wp-content\/uploads\/2024\/07\/WhatsApp-Image-2024-07-08-at-16.14.378-696x392.jpeg 696w\" sizes=\"auto, (max-width: 1024px) 100vw, 1024px\" \/><\/figure>\n\n\n\n<figure class=\"wp-block-image size-large\"><img loading=\"lazy\" decoding=\"async\" width=\"1024\" height=\"576\" data-id=\"956\" src=\"https:\/\/prensa.sma.gob.ar\/wp-content\/uploads\/2024\/07\/WhatsApp-Image-2024-07-08-at-16.14.37.jpeg\" alt=\"\" class=\"wp-image-956\" srcset=\"https:\/\/prensa.sma.gob.ar\/wp-content\/uploads\/2024\/07\/WhatsApp-Image-2024-07-08-at-16.14.37.jpeg 1024w, https:\/\/prensa.sma.gob.ar\/wp-content\/uploads\/2024\/07\/WhatsApp-Image-2024-07-08-at-16.14.37-300x169.jpeg 300w, https:\/\/prensa.sma.gob.ar\/wp-content\/uploads\/2024\/07\/WhatsApp-Image-2024-07-08-at-16.14.37-768x432.jpeg 768w, https:\/\/prensa.sma.gob.ar\/wp-content\/uploads\/2024\/07\/WhatsApp-Image-2024-07-08-at-16.14.37-747x420.jpeg 747w, https:\/\/prensa.sma.gob.ar\/wp-content\/uploads\/2024\/07\/WhatsApp-Image-2024-07-08-at-16.14.37-696x392.jpeg 696w\" sizes=\"auto, (max-width: 1024px) 100vw, 1024px\" \/><\/figure>\n<\/figure>\n","protected":false},"excerpt":{"rendered":"<p>El fiscal General de la provincia de Neuqu\u00e9n, Jos\u00e9 Gerez, tom\u00f3 juramento a Hern\u00e1n Gustavo Scordo como fiscal del caso de la IV Circunscripci\u00f3n Judicial, con sede en nuestra ciudad. El acto se realiz\u00f3 este lunes en el Sal\u00f3n Municipal, con la presencia del intendente Carlos Saloniti, la presidenta del Concejo Deliberante, Natalia Vita, y [&hellip;]<\/p>\n","protected":false},"author":2,"featured_media":957,"comment_status":"closed","ping_status":"open","sticky":false,"template":"","format":"standard","meta":{"footnotes":""},"categories":[11,14],"tags":[],"class_list":{"0":"post-951","1":"post","2":"type-post","3":"status-publish","4":"format-standard","5":"has-post-thumbnail","7":"category-gobierno","8":"category-noticias"},"_links":{"self":[{"href":"https:\/\/prensa.sma.gob.ar\/index.php?rest_route=\/wp\/v2\/posts\/951","targetHints":{"allow":["GET"]}}],"collection":[{"href":"https:\/\/prensa.sma.gob.ar\/index.php?rest_route=\/wp\/v2\/posts"}],"about":[{"href":"https:\/\/prensa.sma.gob.ar\/index.php?rest_route=\/wp\/v2\/types\/post"}],"author":[{"embeddable":true,"href":"https:\/\/prensa.sma.gob.ar\/index.php?rest_route=\/wp\/v2\/users\/2"}],"replies":[{"embeddable":true,"href":"https:\/\/prensa.sma.gob.ar\/index.php?rest_route=%2Fwp%2Fv2%2Fcomments&post=951"}],"version-history":[{"count":1,"href":"https:\/\/prensa.sma.gob.ar\/index.php?rest_route=\/wp\/v2\/posts\/951\/revisions"}],"predecessor-version":[{"id":959,"href":"https:\/\/prensa.sma.gob.ar\/index.php?rest_route=\/wp\/v2\/posts\/951\/revisions\/959"}],"wp:featuredmedia":[{"embeddable":true,"href":"https:\/\/prensa.sma.gob.ar\/index.php?rest_route=\/wp\/v2\/media\/957"}],"wp:attachment":[{"href":"https:\/\/prensa.sma.gob.ar\/index.php?rest_route=%2Fwp%2Fv2%2Fmedia&parent=951"}],"wp:term":[{"taxonomy":"category","embeddable":true,"href":"https:\/\/prensa.sma.gob.ar\/index.php?rest_route=%2Fwp%2Fv2%2Fcategories&post=951"},{"taxonomy":"post_tag","embeddable":true,"href":"https:\/\/prensa.sma.gob.ar\/index.php?rest_route=%2Fwp%2Fv2%2Ftags&post=951"}],"curies":[{"name":"wp","href":"https:\/\/api.w.org\/{rel}","templated":true}]}}