{"id":9696,"date":"2025-09-13T17:37:45","date_gmt":"2025-09-13T17:37:45","guid":{"rendered":"https:\/\/prensa.sma.gob.ar\/?p=9696"},"modified":"2025-09-13T17:38:25","modified_gmt":"2025-09-13T17:38:25","slug":"el-municipio-participo-del-gran-acto-por-los-100-anos-de-la-escuela-n-86","status":"publish","type":"post","link":"https:\/\/prensa.sma.gob.ar\/?p=9696","title":{"rendered":"El Municipio particip\u00f3 del gran acto por los 100 a\u00f1os de la Escuela N\u00b086"},"content":{"rendered":"\n<p>La comunidad educativa, familias, ex docentes, autoridades municipales y representantes de diferentes instituciones colmaron el play\u00f3n de la Escuela N\u00b0 86 para celebrar, este viernes, los 100 a\u00f1os de este emblem\u00e1tico establecimiento de nuestra comunidad.<\/p>\n\n\n\n<p>El intendente municipal, Carlos Saloniti, particip\u00f3 del acto, que incluy\u00f3 entrega de regalos, reconocimientos al personal que transit\u00f3 por la Escuela, reencuentros emotivos, recuerdos y an\u00e9cdotas y un festival folcl\u00f3rico a cargo de Albricias.<\/p>\n\n\n\n<p>Tambi\u00e9n asistieron la presidenta del Concejo Deliberante, Natalia Vita; concejales, la directora provincial de educaci\u00f3n primaria Mar\u00eda Luisa Fuentes, la supervisora de nivel primario, M\u00f3nica Cadenini; el secretario de Cultura, Gustavo Santos; la defensora adjunta del pueblo del Pueblo y del Ambiente, Milagros Fern\u00e1ndez Noya, y representantes del \u00e1rea de Educaci\u00f3n Ambiental de Parque Nacional Lan\u00edn.<\/p>\n\n\n\n<p>Durante el acto se ley\u00f3 una carta de la ministra de Educaci\u00f3n de la provincia, Soledad Mart\u00ednez, en anunciando que el Gobierno provincial dispuso el adelantamiento al primer semestre de 2026 de las obras de ampliaci\u00f3n previstas para esta escuela, que incluyen tres aulas, dos ba\u00f1os, uno de ellos para el personal y otro con accesibilidad.<\/p>\n\n\n\n<p>La directora de la Escuela centenaria, Soledad Mora, calific\u00f3 a la instituci\u00f3n como una \u201ctrama comunitaria\u201d y, en ese sentido, reconoci\u00f3 el apoyo hist\u00f3rico de los vecinos para organizarse \u201cpara garantizar el derecho a la educaci\u00f3n cuando esta parte era campo y trabajo\u201d. Reafirm\u00f3 que \u201c100 a\u00f1os de vida de una escuela p\u00fablica es el motivo perfecto para construir el hecho pedag\u00f3gico que permita volver a contar, recuperar, escribir, reconstruir y ense\u00f1ar ese pasado com\u00fan y convertirlo en legado\u201d. Adem\u00e1s, pidi\u00f3 \u201ccelebrar a la educaci\u00f3n p\u00fablica y a la docencia\u201d.<\/p>\n\n\n\n<p>El intendente Saloniti entreg\u00f3 a Soledad Mora dos banderas nacionales y un escudo municipal como reconocimiento del aporte que la Escuela N\u00b0 86 hizo y sigue haciendo a la comunidad de San Mart\u00edn de los Andes. Previo al acto, el jefe comunal recorri\u00f3, junto al secretario de Cultura, Gustavo Santos, una muestra hist\u00f3rica exhibida en el interior del edifico.<\/p>\n\n\n\n<figure class=\"wp-block-gallery has-nested-images columns-default is-cropped wp-block-gallery-1 is-layout-flex wp-block-gallery-is-layout-flex\">\n<figure class=\"wp-block-image size-large\"><img loading=\"lazy\" decoding=\"async\" width=\"1024\" height=\"576\" data-id=\"9731\" src=\"https:\/\/prensa.sma.gob.ar\/wp-content\/uploads\/2025\/09\/WhatsApp-Image-2025-09-12-at-17.02.18-9-1024x576.jpeg\" alt=\"\" class=\"wp-image-9731\" srcset=\"https:\/\/prensa.sma.gob.ar\/wp-content\/uploads\/2025\/09\/WhatsApp-Image-2025-09-12-at-17.02.18-9-1024x576.jpeg 1024w, https:\/\/prensa.sma.gob.ar\/wp-content\/uploads\/2025\/09\/WhatsApp-Image-2025-09-12-at-17.02.18-9-300x169.jpeg 300w, https:\/\/prensa.sma.gob.ar\/wp-content\/uploads\/2025\/09\/WhatsApp-Image-2025-09-12-at-17.02.18-9-768x432.jpeg 768w, https:\/\/prensa.sma.gob.ar\/wp-content\/uploads\/2025\/09\/WhatsApp-Image-2025-09-12-at-17.02.18-9-747x420.jpeg 747w, https:\/\/prensa.sma.gob.ar\/wp-content\/uploads\/2025\/09\/WhatsApp-Image-2025-09-12-at-17.02.18-9-696x392.jpeg 696w, https:\/\/prensa.sma.gob.ar\/wp-content\/uploads\/2025\/09\/WhatsApp-Image-2025-09-12-at-17.02.18-9-1068x601.jpeg 1068w, https:\/\/prensa.sma.gob.ar\/wp-content\/uploads\/2025\/09\/WhatsApp-Image-2025-09-12-at-17.02.18-9.jpeg 1280w\" sizes=\"auto, (max-width: 1024px) 100vw, 1024px\" \/><\/figure>\n\n\n\n<figure class=\"wp-block-image size-large\"><img loading=\"lazy\" decoding=\"async\" width=\"1024\" height=\"576\" data-id=\"9722\" src=\"https:\/\/prensa.sma.gob.ar\/wp-content\/uploads\/2025\/09\/WhatsApp-Image-2025-09-12-at-17.02.19-1024x576.jpeg\" alt=\"\" class=\"wp-image-9722\" srcset=\"https:\/\/prensa.sma.gob.ar\/wp-content\/uploads\/2025\/09\/WhatsApp-Image-2025-09-12-at-17.02.19-1024x576.jpeg 1024w, https:\/\/prensa.sma.gob.ar\/wp-content\/uploads\/2025\/09\/WhatsApp-Image-2025-09-12-at-17.02.19-300x169.jpeg 300w, https:\/\/prensa.sma.gob.ar\/wp-content\/uploads\/2025\/09\/WhatsApp-Image-2025-09-12-at-17.02.19-768x432.jpeg 768w, https:\/\/prensa.sma.gob.ar\/wp-content\/uploads\/2025\/09\/WhatsApp-Image-2025-09-12-at-17.02.19-747x420.jpeg 747w, https:\/\/prensa.sma.gob.ar\/wp-content\/uploads\/2025\/09\/WhatsApp-Image-2025-09-12-at-17.02.19-696x392.jpeg 696w, https:\/\/prensa.sma.gob.ar\/wp-content\/uploads\/2025\/09\/WhatsApp-Image-2025-09-12-at-17.02.19-1068x601.jpeg 1068w, https:\/\/prensa.sma.gob.ar\/wp-content\/uploads\/2025\/09\/WhatsApp-Image-2025-09-12-at-17.02.19.jpeg 1280w\" sizes=\"auto, (max-width: 1024px) 100vw, 1024px\" \/><\/figure>\n\n\n\n<figure class=\"wp-block-image size-large\"><img loading=\"lazy\" decoding=\"async\" width=\"1024\" height=\"576\" data-id=\"9721\" src=\"https:\/\/prensa.sma.gob.ar\/wp-content\/uploads\/2025\/09\/WhatsApp-Image-2025-09-12-at-17.02.19-1-1024x576.jpeg\" alt=\"\" class=\"wp-image-9721\" srcset=\"https:\/\/prensa.sma.gob.ar\/wp-content\/uploads\/2025\/09\/WhatsApp-Image-2025-09-12-at-17.02.19-1-1024x576.jpeg 1024w, https:\/\/prensa.sma.gob.ar\/wp-content\/uploads\/2025\/09\/WhatsApp-Image-2025-09-12-at-17.02.19-1-300x169.jpeg 300w, https:\/\/prensa.sma.gob.ar\/wp-content\/uploads\/2025\/09\/WhatsApp-Image-2025-09-12-at-17.02.19-1-768x432.jpeg 768w, https:\/\/prensa.sma.gob.ar\/wp-content\/uploads\/2025\/09\/WhatsApp-Image-2025-09-12-at-17.02.19-1-747x420.jpeg 747w, https:\/\/prensa.sma.gob.ar\/wp-content\/uploads\/2025\/09\/WhatsApp-Image-2025-09-12-at-17.02.19-1-696x392.jpeg 696w, https:\/\/prensa.sma.gob.ar\/wp-content\/uploads\/2025\/09\/WhatsApp-Image-2025-09-12-at-17.02.19-1-1068x601.jpeg 1068w, https:\/\/prensa.sma.gob.ar\/wp-content\/uploads\/2025\/09\/WhatsApp-Image-2025-09-12-at-17.02.19-1.jpeg 1280w\" sizes=\"auto, (max-width: 1024px) 100vw, 1024px\" \/><\/figure>\n\n\n\n<figure class=\"wp-block-image size-large\"><img loading=\"lazy\" decoding=\"async\" width=\"1024\" height=\"576\" data-id=\"9725\" src=\"https:\/\/prensa.sma.gob.ar\/wp-content\/uploads\/2025\/09\/WhatsApp-Image-2025-09-12-at-17.02.18-15-1024x576.jpeg\" alt=\"\" class=\"wp-image-9725\" srcset=\"https:\/\/prensa.sma.gob.ar\/wp-content\/uploads\/2025\/09\/WhatsApp-Image-2025-09-12-at-17.02.18-15-1024x576.jpeg 1024w, https:\/\/prensa.sma.gob.ar\/wp-content\/uploads\/2025\/09\/WhatsApp-Image-2025-09-12-at-17.02.18-15-300x169.jpeg 300w, https:\/\/prensa.sma.gob.ar\/wp-content\/uploads\/2025\/09\/WhatsApp-Image-2025-09-12-at-17.02.18-15-768x432.jpeg 768w, https:\/\/prensa.sma.gob.ar\/wp-content\/uploads\/2025\/09\/WhatsApp-Image-2025-09-12-at-17.02.18-15-747x420.jpeg 747w, https:\/\/prensa.sma.gob.ar\/wp-content\/uploads\/2025\/09\/WhatsApp-Image-2025-09-12-at-17.02.18-15-696x392.jpeg 696w, https:\/\/prensa.sma.gob.ar\/wp-content\/uploads\/2025\/09\/WhatsApp-Image-2025-09-12-at-17.02.18-15-1068x601.jpeg 1068w, https:\/\/prensa.sma.gob.ar\/wp-content\/uploads\/2025\/09\/WhatsApp-Image-2025-09-12-at-17.02.18-15.jpeg 1280w\" sizes=\"auto, (max-width: 1024px) 100vw, 1024px\" \/><\/figure>\n\n\n\n<figure class=\"wp-block-image size-large\"><img loading=\"lazy\" decoding=\"async\" width=\"1024\" height=\"581\" data-id=\"9720\" src=\"https:\/\/prensa.sma.gob.ar\/wp-content\/uploads\/2025\/09\/WhatsApp-Image-2025-09-12-at-17.02.19-2-1024x581.jpeg\" alt=\"\" class=\"wp-image-9720\" srcset=\"https:\/\/prensa.sma.gob.ar\/wp-content\/uploads\/2025\/09\/WhatsApp-Image-2025-09-12-at-17.02.19-2-1024x581.jpeg 1024w, https:\/\/prensa.sma.gob.ar\/wp-content\/uploads\/2025\/09\/WhatsApp-Image-2025-09-12-at-17.02.19-2-300x170.jpeg 300w, https:\/\/prensa.sma.gob.ar\/wp-content\/uploads\/2025\/09\/WhatsApp-Image-2025-09-12-at-17.02.19-2-768x436.jpeg 768w, https:\/\/prensa.sma.gob.ar\/wp-content\/uploads\/2025\/09\/WhatsApp-Image-2025-09-12-at-17.02.19-2-740x420.jpeg 740w, https:\/\/prensa.sma.gob.ar\/wp-content\/uploads\/2025\/09\/WhatsApp-Image-2025-09-12-at-17.02.19-2-696x395.jpeg 696w, https:\/\/prensa.sma.gob.ar\/wp-content\/uploads\/2025\/09\/WhatsApp-Image-2025-09-12-at-17.02.19-2-1068x606.jpeg 1068w, https:\/\/prensa.sma.gob.ar\/wp-content\/uploads\/2025\/09\/WhatsApp-Image-2025-09-12-at-17.02.19-2.jpeg 1280w\" sizes=\"auto, (max-width: 1024px) 100vw, 1024px\" \/><\/figure>\n\n\n\n<figure class=\"wp-block-image size-large\"><img loading=\"lazy\" decoding=\"async\" width=\"1024\" height=\"576\" data-id=\"9718\" src=\"https:\/\/prensa.sma.gob.ar\/wp-content\/uploads\/2025\/09\/WhatsApp-Image-2025-09-12-at-17.02.19-4-1024x576.jpeg\" alt=\"\" class=\"wp-image-9718\" srcset=\"https:\/\/prensa.sma.gob.ar\/wp-content\/uploads\/2025\/09\/WhatsApp-Image-2025-09-12-at-17.02.19-4-1024x576.jpeg 1024w, https:\/\/prensa.sma.gob.ar\/wp-content\/uploads\/2025\/09\/WhatsApp-Image-2025-09-12-at-17.02.19-4-300x169.jpeg 300w, https:\/\/prensa.sma.gob.ar\/wp-content\/uploads\/2025\/09\/WhatsApp-Image-2025-09-12-at-17.02.19-4-768x432.jpeg 768w, https:\/\/prensa.sma.gob.ar\/wp-content\/uploads\/2025\/09\/WhatsApp-Image-2025-09-12-at-17.02.19-4-747x420.jpeg 747w, https:\/\/prensa.sma.gob.ar\/wp-content\/uploads\/2025\/09\/WhatsApp-Image-2025-09-12-at-17.02.19-4-696x392.jpeg 696w, https:\/\/prensa.sma.gob.ar\/wp-content\/uploads\/2025\/09\/WhatsApp-Image-2025-09-12-at-17.02.19-4-1068x601.jpeg 1068w, https:\/\/prensa.sma.gob.ar\/wp-content\/uploads\/2025\/09\/WhatsApp-Image-2025-09-12-at-17.02.19-4.jpeg 1280w\" sizes=\"auto, (max-width: 1024px) 100vw, 1024px\" \/><\/figure>\n\n\n\n<figure class=\"wp-block-image size-large\"><img loading=\"lazy\" decoding=\"async\" width=\"1024\" height=\"576\" data-id=\"9719\" src=\"https:\/\/prensa.sma.gob.ar\/wp-content\/uploads\/2025\/09\/WhatsApp-Image-2025-09-12-at-17.02.19-3-1024x576.jpeg\" alt=\"\" class=\"wp-image-9719\" srcset=\"https:\/\/prensa.sma.gob.ar\/wp-content\/uploads\/2025\/09\/WhatsApp-Image-2025-09-12-at-17.02.19-3-1024x576.jpeg 1024w, https:\/\/prensa.sma.gob.ar\/wp-content\/uploads\/2025\/09\/WhatsApp-Image-2025-09-12-at-17.02.19-3-300x169.jpeg 300w, https:\/\/prensa.sma.gob.ar\/wp-content\/uploads\/2025\/09\/WhatsApp-Image-2025-09-12-at-17.02.19-3-768x432.jpeg 768w, https:\/\/prensa.sma.gob.ar\/wp-content\/uploads\/2025\/09\/WhatsApp-Image-2025-09-12-at-17.02.19-3-747x420.jpeg 747w, https:\/\/prensa.sma.gob.ar\/wp-content\/uploads\/2025\/09\/WhatsApp-Image-2025-09-12-at-17.02.19-3-696x392.jpeg 696w, https:\/\/prensa.sma.gob.ar\/wp-content\/uploads\/2025\/09\/WhatsApp-Image-2025-09-12-at-17.02.19-3-1068x601.jpeg 1068w, https:\/\/prensa.sma.gob.ar\/wp-content\/uploads\/2025\/09\/WhatsApp-Image-2025-09-12-at-17.02.19-3.jpeg 1280w\" sizes=\"auto, (max-width: 1024px) 100vw, 1024px\" \/><\/figure>\n\n\n\n<figure class=\"wp-block-image size-large\"><img loading=\"lazy\" decoding=\"async\" width=\"1024\" height=\"622\" data-id=\"9717\" src=\"https:\/\/prensa.sma.gob.ar\/wp-content\/uploads\/2025\/09\/WhatsApp-Image-2025-09-12-at-17.02.19-5-1024x622.jpeg\" alt=\"\" class=\"wp-image-9717\" srcset=\"https:\/\/prensa.sma.gob.ar\/wp-content\/uploads\/2025\/09\/WhatsApp-Image-2025-09-12-at-17.02.19-5-1024x622.jpeg 1024w, https:\/\/prensa.sma.gob.ar\/wp-content\/uploads\/2025\/09\/WhatsApp-Image-2025-09-12-at-17.02.19-5-300x182.jpeg 300w, https:\/\/prensa.sma.gob.ar\/wp-content\/uploads\/2025\/09\/WhatsApp-Image-2025-09-12-at-17.02.19-5-768x467.jpeg 768w, https:\/\/prensa.sma.gob.ar\/wp-content\/uploads\/2025\/09\/WhatsApp-Image-2025-09-12-at-17.02.19-5-691x420.jpeg 691w, https:\/\/prensa.sma.gob.ar\/wp-content\/uploads\/2025\/09\/WhatsApp-Image-2025-09-12-at-17.02.19-5-696x423.jpeg 696w, https:\/\/prensa.sma.gob.ar\/wp-content\/uploads\/2025\/09\/WhatsApp-Image-2025-09-12-at-17.02.19-5-1068x649.jpeg 1068w, https:\/\/prensa.sma.gob.ar\/wp-content\/uploads\/2025\/09\/WhatsApp-Image-2025-09-12-at-17.02.19-5.jpeg 1280w\" sizes=\"auto, (max-width: 1024px) 100vw, 1024px\" \/><\/figure>\n\n\n\n<figure class=\"wp-block-image size-large\"><img loading=\"lazy\" decoding=\"async\" width=\"1024\" height=\"576\" data-id=\"9715\" src=\"https:\/\/prensa.sma.gob.ar\/wp-content\/uploads\/2025\/09\/WhatsApp-Image-2025-09-12-at-17.02.22-1-1024x576.jpeg\" alt=\"\" class=\"wp-image-9715\" srcset=\"https:\/\/prensa.sma.gob.ar\/wp-content\/uploads\/2025\/09\/WhatsApp-Image-2025-09-12-at-17.02.22-1-1024x576.jpeg 1024w, https:\/\/prensa.sma.gob.ar\/wp-content\/uploads\/2025\/09\/WhatsApp-Image-2025-09-12-at-17.02.22-1-300x169.jpeg 300w, https:\/\/prensa.sma.gob.ar\/wp-content\/uploads\/2025\/09\/WhatsApp-Image-2025-09-12-at-17.02.22-1-768x432.jpeg 768w, https:\/\/prensa.sma.gob.ar\/wp-content\/uploads\/2025\/09\/WhatsApp-Image-2025-09-12-at-17.02.22-1-747x420.jpeg 747w, https:\/\/prensa.sma.gob.ar\/wp-content\/uploads\/2025\/09\/WhatsApp-Image-2025-09-12-at-17.02.22-1-696x392.jpeg 696w, https:\/\/prensa.sma.gob.ar\/wp-content\/uploads\/2025\/09\/WhatsApp-Image-2025-09-12-at-17.02.22-1-1068x601.jpeg 1068w, https:\/\/prensa.sma.gob.ar\/wp-content\/uploads\/2025\/09\/WhatsApp-Image-2025-09-12-at-17.02.22-1.jpeg 1280w\" sizes=\"auto, (max-width: 1024px) 100vw, 1024px\" \/><\/figure>\n\n\n\n<figure class=\"wp-block-image size-large\"><img loading=\"lazy\" decoding=\"async\" width=\"1024\" height=\"638\" data-id=\"9714\" src=\"https:\/\/prensa.sma.gob.ar\/wp-content\/uploads\/2025\/09\/WhatsApp-Image-2025-09-12-at-17.02.23-1024x638.jpeg\" alt=\"\" class=\"wp-image-9714\" srcset=\"https:\/\/prensa.sma.gob.ar\/wp-content\/uploads\/2025\/09\/WhatsApp-Image-2025-09-12-at-17.02.23-1024x638.jpeg 1024w, https:\/\/prensa.sma.gob.ar\/wp-content\/uploads\/2025\/09\/WhatsApp-Image-2025-09-12-at-17.02.23-300x187.jpeg 300w, https:\/\/prensa.sma.gob.ar\/wp-content\/uploads\/2025\/09\/WhatsApp-Image-2025-09-12-at-17.02.23-768x479.jpeg 768w, https:\/\/prensa.sma.gob.ar\/wp-content\/uploads\/2025\/09\/WhatsApp-Image-2025-09-12-at-17.02.23-674x420.jpeg 674w, https:\/\/prensa.sma.gob.ar\/wp-content\/uploads\/2025\/09\/WhatsApp-Image-2025-09-12-at-17.02.23-696x434.jpeg 696w, https:\/\/prensa.sma.gob.ar\/wp-content\/uploads\/2025\/09\/WhatsApp-Image-2025-09-12-at-17.02.23-1068x666.jpeg 1068w, https:\/\/prensa.sma.gob.ar\/wp-content\/uploads\/2025\/09\/WhatsApp-Image-2025-09-12-at-17.02.23.jpeg 1280w\" sizes=\"auto, (max-width: 1024px) 100vw, 1024px\" \/><\/figure>\n\n\n\n<figure class=\"wp-block-image size-large\"><img loading=\"lazy\" decoding=\"async\" width=\"1024\" height=\"576\" data-id=\"9723\" src=\"https:\/\/prensa.sma.gob.ar\/wp-content\/uploads\/2025\/09\/WhatsApp-Image-2025-09-12-at-17.02.18-17-1024x576.jpeg\" alt=\"\" class=\"wp-image-9723\" srcset=\"https:\/\/prensa.sma.gob.ar\/wp-content\/uploads\/2025\/09\/WhatsApp-Image-2025-09-12-at-17.02.18-17-1024x576.jpeg 1024w, https:\/\/prensa.sma.gob.ar\/wp-content\/uploads\/2025\/09\/WhatsApp-Image-2025-09-12-at-17.02.18-17-300x169.jpeg 300w, https:\/\/prensa.sma.gob.ar\/wp-content\/uploads\/2025\/09\/WhatsApp-Image-2025-09-12-at-17.02.18-17-768x432.jpeg 768w, https:\/\/prensa.sma.gob.ar\/wp-content\/uploads\/2025\/09\/WhatsApp-Image-2025-09-12-at-17.02.18-17-747x420.jpeg 747w, https:\/\/prensa.sma.gob.ar\/wp-content\/uploads\/2025\/09\/WhatsApp-Image-2025-09-12-at-17.02.18-17-696x392.jpeg 696w, https:\/\/prensa.sma.gob.ar\/wp-content\/uploads\/2025\/09\/WhatsApp-Image-2025-09-12-at-17.02.18-17-1068x601.jpeg 1068w, https:\/\/prensa.sma.gob.ar\/wp-content\/uploads\/2025\/09\/WhatsApp-Image-2025-09-12-at-17.02.18-17.jpeg 1280w\" sizes=\"auto, (max-width: 1024px) 100vw, 1024px\" \/><\/figure>\n\n\n\n<figure class=\"wp-block-image size-large\"><img loading=\"lazy\" decoding=\"async\" width=\"1024\" height=\"576\" data-id=\"9743\" src=\"https:\/\/prensa.sma.gob.ar\/wp-content\/uploads\/2025\/09\/WhatsApp-Image-2025-09-12-at-17.02.17-1024x576.jpeg\" alt=\"\" class=\"wp-image-9743\" srcset=\"https:\/\/prensa.sma.gob.ar\/wp-content\/uploads\/2025\/09\/WhatsApp-Image-2025-09-12-at-17.02.17-1024x576.jpeg 1024w, https:\/\/prensa.sma.gob.ar\/wp-content\/uploads\/2025\/09\/WhatsApp-Image-2025-09-12-at-17.02.17-300x169.jpeg 300w, https:\/\/prensa.sma.gob.ar\/wp-content\/uploads\/2025\/09\/WhatsApp-Image-2025-09-12-at-17.02.17-768x432.jpeg 768w, https:\/\/prensa.sma.gob.ar\/wp-content\/uploads\/2025\/09\/WhatsApp-Image-2025-09-12-at-17.02.17-747x420.jpeg 747w, https:\/\/prensa.sma.gob.ar\/wp-content\/uploads\/2025\/09\/WhatsApp-Image-2025-09-12-at-17.02.17-696x392.jpeg 696w, https:\/\/prensa.sma.gob.ar\/wp-content\/uploads\/2025\/09\/WhatsApp-Image-2025-09-12-at-17.02.17-1068x601.jpeg 1068w, https:\/\/prensa.sma.gob.ar\/wp-content\/uploads\/2025\/09\/WhatsApp-Image-2025-09-12-at-17.02.17.jpeg 1280w\" sizes=\"auto, (max-width: 1024px) 100vw, 1024px\" \/><\/figure>\n\n\n\n<figure class=\"wp-block-image size-large\"><img loading=\"lazy\" decoding=\"async\" width=\"1024\" height=\"576\" data-id=\"9742\" src=\"https:\/\/prensa.sma.gob.ar\/wp-content\/uploads\/2025\/09\/WhatsApp-Image-2025-09-12-at-17.02.17-1-1024x576.jpeg\" alt=\"\" class=\"wp-image-9742\" srcset=\"https:\/\/prensa.sma.gob.ar\/wp-content\/uploads\/2025\/09\/WhatsApp-Image-2025-09-12-at-17.02.17-1-1024x576.jpeg 1024w, https:\/\/prensa.sma.gob.ar\/wp-content\/uploads\/2025\/09\/WhatsApp-Image-2025-09-12-at-17.02.17-1-300x169.jpeg 300w, https:\/\/prensa.sma.gob.ar\/wp-content\/uploads\/2025\/09\/WhatsApp-Image-2025-09-12-at-17.02.17-1-768x432.jpeg 768w, https:\/\/prensa.sma.gob.ar\/wp-content\/uploads\/2025\/09\/WhatsApp-Image-2025-09-12-at-17.02.17-1-747x420.jpeg 747w, https:\/\/prensa.sma.gob.ar\/wp-content\/uploads\/2025\/09\/WhatsApp-Image-2025-09-12-at-17.02.17-1-696x392.jpeg 696w, https:\/\/prensa.sma.gob.ar\/wp-content\/uploads\/2025\/09\/WhatsApp-Image-2025-09-12-at-17.02.17-1-1068x601.jpeg 1068w, https:\/\/prensa.sma.gob.ar\/wp-content\/uploads\/2025\/09\/WhatsApp-Image-2025-09-12-at-17.02.17-1.jpeg 1280w\" sizes=\"auto, (max-width: 1024px) 100vw, 1024px\" \/><\/figure>\n\n\n\n<figure class=\"wp-block-image size-large\"><img loading=\"lazy\" decoding=\"async\" width=\"1024\" height=\"576\" data-id=\"9741\" src=\"https:\/\/prensa.sma.gob.ar\/wp-content\/uploads\/2025\/09\/WhatsApp-Image-2025-09-12-at-17.02.17-2-1024x576.jpeg\" alt=\"\" class=\"wp-image-9741\" srcset=\"https:\/\/prensa.sma.gob.ar\/wp-content\/uploads\/2025\/09\/WhatsApp-Image-2025-09-12-at-17.02.17-2-1024x576.jpeg 1024w, https:\/\/prensa.sma.gob.ar\/wp-content\/uploads\/2025\/09\/WhatsApp-Image-2025-09-12-at-17.02.17-2-300x169.jpeg 300w, https:\/\/prensa.sma.gob.ar\/wp-content\/uploads\/2025\/09\/WhatsApp-Image-2025-09-12-at-17.02.17-2-768x432.jpeg 768w, https:\/\/prensa.sma.gob.ar\/wp-content\/uploads\/2025\/09\/WhatsApp-Image-2025-09-12-at-17.02.17-2-747x420.jpeg 747w, https:\/\/prensa.sma.gob.ar\/wp-content\/uploads\/2025\/09\/WhatsApp-Image-2025-09-12-at-17.02.17-2-696x392.jpeg 696w, https:\/\/prensa.sma.gob.ar\/wp-content\/uploads\/2025\/09\/WhatsApp-Image-2025-09-12-at-17.02.17-2-1068x601.jpeg 1068w, https:\/\/prensa.sma.gob.ar\/wp-content\/uploads\/2025\/09\/WhatsApp-Image-2025-09-12-at-17.02.17-2.jpeg 1280w\" sizes=\"auto, (max-width: 1024px) 100vw, 1024px\" \/><\/figure>\n\n\n\n<figure class=\"wp-block-image size-large\"><img loading=\"lazy\" decoding=\"async\" width=\"1024\" height=\"576\" data-id=\"9740\" src=\"https:\/\/prensa.sma.gob.ar\/wp-content\/uploads\/2025\/09\/WhatsApp-Image-2025-09-12-at-17.02.18-1024x576.jpeg\" alt=\"\" class=\"wp-image-9740\" srcset=\"https:\/\/prensa.sma.gob.ar\/wp-content\/uploads\/2025\/09\/WhatsApp-Image-2025-09-12-at-17.02.18-1024x576.jpeg 1024w, https:\/\/prensa.sma.gob.ar\/wp-content\/uploads\/2025\/09\/WhatsApp-Image-2025-09-12-at-17.02.18-300x169.jpeg 300w, https:\/\/prensa.sma.gob.ar\/wp-content\/uploads\/2025\/09\/WhatsApp-Image-2025-09-12-at-17.02.18-768x432.jpeg 768w, https:\/\/prensa.sma.gob.ar\/wp-content\/uploads\/2025\/09\/WhatsApp-Image-2025-09-12-at-17.02.18-747x420.jpeg 747w, https:\/\/prensa.sma.gob.ar\/wp-content\/uploads\/2025\/09\/WhatsApp-Image-2025-09-12-at-17.02.18-696x392.jpeg 696w, https:\/\/prensa.sma.gob.ar\/wp-content\/uploads\/2025\/09\/WhatsApp-Image-2025-09-12-at-17.02.18-1068x601.jpeg 1068w, https:\/\/prensa.sma.gob.ar\/wp-content\/uploads\/2025\/09\/WhatsApp-Image-2025-09-12-at-17.02.18.jpeg 1280w\" sizes=\"auto, (max-width: 1024px) 100vw, 1024px\" \/><\/figure>\n\n\n\n<figure class=\"wp-block-image size-large\"><img loading=\"lazy\" decoding=\"async\" width=\"1024\" height=\"620\" data-id=\"9739\" src=\"https:\/\/prensa.sma.gob.ar\/wp-content\/uploads\/2025\/09\/WhatsApp-Image-2025-09-12-at-17.02.18-1-1024x620.jpeg\" alt=\"\" class=\"wp-image-9739\" srcset=\"https:\/\/prensa.sma.gob.ar\/wp-content\/uploads\/2025\/09\/WhatsApp-Image-2025-09-12-at-17.02.18-1-1024x620.jpeg 1024w, https:\/\/prensa.sma.gob.ar\/wp-content\/uploads\/2025\/09\/WhatsApp-Image-2025-09-12-at-17.02.18-1-300x182.jpeg 300w, https:\/\/prensa.sma.gob.ar\/wp-content\/uploads\/2025\/09\/WhatsApp-Image-2025-09-12-at-17.02.18-1-768x465.jpeg 768w, https:\/\/prensa.sma.gob.ar\/wp-content\/uploads\/2025\/09\/WhatsApp-Image-2025-09-12-at-17.02.18-1-694x420.jpeg 694w, https:\/\/prensa.sma.gob.ar\/wp-content\/uploads\/2025\/09\/WhatsApp-Image-2025-09-12-at-17.02.18-1-696x421.jpeg 696w, https:\/\/prensa.sma.gob.ar\/wp-content\/uploads\/2025\/09\/WhatsApp-Image-2025-09-12-at-17.02.18-1-1068x647.jpeg 1068w, https:\/\/prensa.sma.gob.ar\/wp-content\/uploads\/2025\/09\/WhatsApp-Image-2025-09-12-at-17.02.18-1.jpeg 1280w\" sizes=\"auto, (max-width: 1024px) 100vw, 1024px\" \/><\/figure>\n\n\n\n<figure class=\"wp-block-image size-large\"><img loading=\"lazy\" decoding=\"async\" width=\"1024\" height=\"590\" data-id=\"9738\" src=\"https:\/\/prensa.sma.gob.ar\/wp-content\/uploads\/2025\/09\/WhatsApp-Image-2025-09-12-at-17.02.18-2-1024x590.jpeg\" alt=\"\" class=\"wp-image-9738\" srcset=\"https:\/\/prensa.sma.gob.ar\/wp-content\/uploads\/2025\/09\/WhatsApp-Image-2025-09-12-at-17.02.18-2-1024x590.jpeg 1024w, https:\/\/prensa.sma.gob.ar\/wp-content\/uploads\/2025\/09\/WhatsApp-Image-2025-09-12-at-17.02.18-2-300x173.jpeg 300w, https:\/\/prensa.sma.gob.ar\/wp-content\/uploads\/2025\/09\/WhatsApp-Image-2025-09-12-at-17.02.18-2-768x442.jpeg 768w, https:\/\/prensa.sma.gob.ar\/wp-content\/uploads\/2025\/09\/WhatsApp-Image-2025-09-12-at-17.02.18-2-729x420.jpeg 729w, https:\/\/prensa.sma.gob.ar\/wp-content\/uploads\/2025\/09\/WhatsApp-Image-2025-09-12-at-17.02.18-2-696x401.jpeg 696w, https:\/\/prensa.sma.gob.ar\/wp-content\/uploads\/2025\/09\/WhatsApp-Image-2025-09-12-at-17.02.18-2-1068x615.jpeg 1068w, https:\/\/prensa.sma.gob.ar\/wp-content\/uploads\/2025\/09\/WhatsApp-Image-2025-09-12-at-17.02.18-2.jpeg 1280w\" sizes=\"auto, (max-width: 1024px) 100vw, 1024px\" \/><\/figure>\n\n\n\n<figure class=\"wp-block-image size-large\"><img loading=\"lazy\" decoding=\"async\" width=\"1024\" height=\"596\" data-id=\"9737\" src=\"https:\/\/prensa.sma.gob.ar\/wp-content\/uploads\/2025\/09\/WhatsApp-Image-2025-09-12-at-17.02.18-3-1024x596.jpeg\" alt=\"\" class=\"wp-image-9737\" srcset=\"https:\/\/prensa.sma.gob.ar\/wp-content\/uploads\/2025\/09\/WhatsApp-Image-2025-09-12-at-17.02.18-3-1024x596.jpeg 1024w, https:\/\/prensa.sma.gob.ar\/wp-content\/uploads\/2025\/09\/WhatsApp-Image-2025-09-12-at-17.02.18-3-300x175.jpeg 300w, https:\/\/prensa.sma.gob.ar\/wp-content\/uploads\/2025\/09\/WhatsApp-Image-2025-09-12-at-17.02.18-3-768x447.jpeg 768w, https:\/\/prensa.sma.gob.ar\/wp-content\/uploads\/2025\/09\/WhatsApp-Image-2025-09-12-at-17.02.18-3-722x420.jpeg 722w, https:\/\/prensa.sma.gob.ar\/wp-content\/uploads\/2025\/09\/WhatsApp-Image-2025-09-12-at-17.02.18-3-696x405.jpeg 696w, https:\/\/prensa.sma.gob.ar\/wp-content\/uploads\/2025\/09\/WhatsApp-Image-2025-09-12-at-17.02.18-3-1068x622.jpeg 1068w, https:\/\/prensa.sma.gob.ar\/wp-content\/uploads\/2025\/09\/WhatsApp-Image-2025-09-12-at-17.02.18-3.jpeg 1280w\" sizes=\"auto, (max-width: 1024px) 100vw, 1024px\" \/><\/figure>\n\n\n\n<figure class=\"wp-block-image size-large\"><img loading=\"lazy\" decoding=\"async\" width=\"1024\" height=\"576\" data-id=\"9736\" src=\"https:\/\/prensa.sma.gob.ar\/wp-content\/uploads\/2025\/09\/WhatsApp-Image-2025-09-12-at-17.02.18-4-1024x576.jpeg\" alt=\"\" class=\"wp-image-9736\" srcset=\"https:\/\/prensa.sma.gob.ar\/wp-content\/uploads\/2025\/09\/WhatsApp-Image-2025-09-12-at-17.02.18-4-1024x576.jpeg 1024w, https:\/\/prensa.sma.gob.ar\/wp-content\/uploads\/2025\/09\/WhatsApp-Image-2025-09-12-at-17.02.18-4-300x169.jpeg 300w, https:\/\/prensa.sma.gob.ar\/wp-content\/uploads\/2025\/09\/WhatsApp-Image-2025-09-12-at-17.02.18-4-768x432.jpeg 768w, https:\/\/prensa.sma.gob.ar\/wp-content\/uploads\/2025\/09\/WhatsApp-Image-2025-09-12-at-17.02.18-4-747x420.jpeg 747w, https:\/\/prensa.sma.gob.ar\/wp-content\/uploads\/2025\/09\/WhatsApp-Image-2025-09-12-at-17.02.18-4-696x392.jpeg 696w, https:\/\/prensa.sma.gob.ar\/wp-content\/uploads\/2025\/09\/WhatsApp-Image-2025-09-12-at-17.02.18-4-1068x601.jpeg 1068w, https:\/\/prensa.sma.gob.ar\/wp-content\/uploads\/2025\/09\/WhatsApp-Image-2025-09-12-at-17.02.18-4.jpeg 1280w\" sizes=\"auto, (max-width: 1024px) 100vw, 1024px\" \/><\/figure>\n\n\n\n<figure class=\"wp-block-image size-large\"><img loading=\"lazy\" decoding=\"async\" width=\"1024\" height=\"576\" data-id=\"9735\" src=\"https:\/\/prensa.sma.gob.ar\/wp-content\/uploads\/2025\/09\/WhatsApp-Image-2025-09-12-at-17.02.18-5-1024x576.jpeg\" alt=\"\" class=\"wp-image-9735\" srcset=\"https:\/\/prensa.sma.gob.ar\/wp-content\/uploads\/2025\/09\/WhatsApp-Image-2025-09-12-at-17.02.18-5-1024x576.jpeg 1024w, https:\/\/prensa.sma.gob.ar\/wp-content\/uploads\/2025\/09\/WhatsApp-Image-2025-09-12-at-17.02.18-5-300x169.jpeg 300w, https:\/\/prensa.sma.gob.ar\/wp-content\/uploads\/2025\/09\/WhatsApp-Image-2025-09-12-at-17.02.18-5-768x432.jpeg 768w, https:\/\/prensa.sma.gob.ar\/wp-content\/uploads\/2025\/09\/WhatsApp-Image-2025-09-12-at-17.02.18-5-747x420.jpeg 747w, https:\/\/prensa.sma.gob.ar\/wp-content\/uploads\/2025\/09\/WhatsApp-Image-2025-09-12-at-17.02.18-5-696x392.jpeg 696w, https:\/\/prensa.sma.gob.ar\/wp-content\/uploads\/2025\/09\/WhatsApp-Image-2025-09-12-at-17.02.18-5-1068x601.jpeg 1068w, https:\/\/prensa.sma.gob.ar\/wp-content\/uploads\/2025\/09\/WhatsApp-Image-2025-09-12-at-17.02.18-5.jpeg 1280w\" sizes=\"auto, (max-width: 1024px) 100vw, 1024px\" \/><\/figure>\n\n\n\n<figure class=\"wp-block-image size-large\"><img loading=\"lazy\" decoding=\"async\" width=\"1024\" height=\"576\" data-id=\"9734\" src=\"https:\/\/prensa.sma.gob.ar\/wp-content\/uploads\/2025\/09\/WhatsApp-Image-2025-09-12-at-17.02.18-6-1024x576.jpeg\" alt=\"\" class=\"wp-image-9734\" srcset=\"https:\/\/prensa.sma.gob.ar\/wp-content\/uploads\/2025\/09\/WhatsApp-Image-2025-09-12-at-17.02.18-6-1024x576.jpeg 1024w, https:\/\/prensa.sma.gob.ar\/wp-content\/uploads\/2025\/09\/WhatsApp-Image-2025-09-12-at-17.02.18-6-300x169.jpeg 300w, https:\/\/prensa.sma.gob.ar\/wp-content\/uploads\/2025\/09\/WhatsApp-Image-2025-09-12-at-17.02.18-6-768x432.jpeg 768w, https:\/\/prensa.sma.gob.ar\/wp-content\/uploads\/2025\/09\/WhatsApp-Image-2025-09-12-at-17.02.18-6-747x420.jpeg 747w, https:\/\/prensa.sma.gob.ar\/wp-content\/uploads\/2025\/09\/WhatsApp-Image-2025-09-12-at-17.02.18-6-696x392.jpeg 696w, https:\/\/prensa.sma.gob.ar\/wp-content\/uploads\/2025\/09\/WhatsApp-Image-2025-09-12-at-17.02.18-6-1068x601.jpeg 1068w, https:\/\/prensa.sma.gob.ar\/wp-content\/uploads\/2025\/09\/WhatsApp-Image-2025-09-12-at-17.02.18-6.jpeg 1280w\" sizes=\"auto, (max-width: 1024px) 100vw, 1024px\" \/><\/figure>\n\n\n\n<figure class=\"wp-block-image size-large\"><img loading=\"lazy\" decoding=\"async\" width=\"1024\" height=\"576\" data-id=\"9733\" src=\"https:\/\/prensa.sma.gob.ar\/wp-content\/uploads\/2025\/09\/WhatsApp-Image-2025-09-12-at-17.02.18-7-1024x576.jpeg\" alt=\"\" class=\"wp-image-9733\" srcset=\"https:\/\/prensa.sma.gob.ar\/wp-content\/uploads\/2025\/09\/WhatsApp-Image-2025-09-12-at-17.02.18-7-1024x576.jpeg 1024w, https:\/\/prensa.sma.gob.ar\/wp-content\/uploads\/2025\/09\/WhatsApp-Image-2025-09-12-at-17.02.18-7-300x169.jpeg 300w, https:\/\/prensa.sma.gob.ar\/wp-content\/uploads\/2025\/09\/WhatsApp-Image-2025-09-12-at-17.02.18-7-768x432.jpeg 768w, https:\/\/prensa.sma.gob.ar\/wp-content\/uploads\/2025\/09\/WhatsApp-Image-2025-09-12-at-17.02.18-7-747x420.jpeg 747w, https:\/\/prensa.sma.gob.ar\/wp-content\/uploads\/2025\/09\/WhatsApp-Image-2025-09-12-at-17.02.18-7-696x392.jpeg 696w, https:\/\/prensa.sma.gob.ar\/wp-content\/uploads\/2025\/09\/WhatsApp-Image-2025-09-12-at-17.02.18-7-1068x601.jpeg 1068w, https:\/\/prensa.sma.gob.ar\/wp-content\/uploads\/2025\/09\/WhatsApp-Image-2025-09-12-at-17.02.18-7.jpeg 1280w\" sizes=\"auto, (max-width: 1024px) 100vw, 1024px\" \/><\/figure>\n\n\n\n<figure class=\"wp-block-image size-large\"><img loading=\"lazy\" decoding=\"async\" width=\"1024\" height=\"576\" data-id=\"9732\" src=\"https:\/\/prensa.sma.gob.ar\/wp-content\/uploads\/2025\/09\/WhatsApp-Image-2025-09-12-at-17.02.18-8-1024x576.jpeg\" alt=\"\" class=\"wp-image-9732\" srcset=\"https:\/\/prensa.sma.gob.ar\/wp-content\/uploads\/2025\/09\/WhatsApp-Image-2025-09-12-at-17.02.18-8-1024x576.jpeg 1024w, https:\/\/prensa.sma.gob.ar\/wp-content\/uploads\/2025\/09\/WhatsApp-Image-2025-09-12-at-17.02.18-8-300x169.jpeg 300w, https:\/\/prensa.sma.gob.ar\/wp-content\/uploads\/2025\/09\/WhatsApp-Image-2025-09-12-at-17.02.18-8-768x432.jpeg 768w, https:\/\/prensa.sma.gob.ar\/wp-content\/uploads\/2025\/09\/WhatsApp-Image-2025-09-12-at-17.02.18-8-747x420.jpeg 747w, https:\/\/prensa.sma.gob.ar\/wp-content\/uploads\/2025\/09\/WhatsApp-Image-2025-09-12-at-17.02.18-8-696x392.jpeg 696w, https:\/\/prensa.sma.gob.ar\/wp-content\/uploads\/2025\/09\/WhatsApp-Image-2025-09-12-at-17.02.18-8-1068x601.jpeg 1068w, https:\/\/prensa.sma.gob.ar\/wp-content\/uploads\/2025\/09\/WhatsApp-Image-2025-09-12-at-17.02.18-8.jpeg 1280w\" sizes=\"auto, (max-width: 1024px) 100vw, 1024px\" \/><\/figure>\n\n\n\n<figure class=\"wp-block-image size-large\"><img loading=\"lazy\" decoding=\"async\" width=\"1024\" height=\"576\" data-id=\"9730\" src=\"https:\/\/prensa.sma.gob.ar\/wp-content\/uploads\/2025\/09\/WhatsApp-Image-2025-09-12-at-17.02.18-10-1024x576.jpeg\" alt=\"\" class=\"wp-image-9730\" srcset=\"https:\/\/prensa.sma.gob.ar\/wp-content\/uploads\/2025\/09\/WhatsApp-Image-2025-09-12-at-17.02.18-10-1024x576.jpeg 1024w, https:\/\/prensa.sma.gob.ar\/wp-content\/uploads\/2025\/09\/WhatsApp-Image-2025-09-12-at-17.02.18-10-300x169.jpeg 300w, https:\/\/prensa.sma.gob.ar\/wp-content\/uploads\/2025\/09\/WhatsApp-Image-2025-09-12-at-17.02.18-10-768x432.jpeg 768w, https:\/\/prensa.sma.gob.ar\/wp-content\/uploads\/2025\/09\/WhatsApp-Image-2025-09-12-at-17.02.18-10-747x420.jpeg 747w, https:\/\/prensa.sma.gob.ar\/wp-content\/uploads\/2025\/09\/WhatsApp-Image-2025-09-12-at-17.02.18-10-696x392.jpeg 696w, https:\/\/prensa.sma.gob.ar\/wp-content\/uploads\/2025\/09\/WhatsApp-Image-2025-09-12-at-17.02.18-10-1068x601.jpeg 1068w, https:\/\/prensa.sma.gob.ar\/wp-content\/uploads\/2025\/09\/WhatsApp-Image-2025-09-12-at-17.02.18-10.jpeg 1280w\" sizes=\"auto, (max-width: 1024px) 100vw, 1024px\" \/><\/figure>\n\n\n\n<figure class=\"wp-block-image size-large\"><img loading=\"lazy\" decoding=\"async\" width=\"1024\" height=\"597\" data-id=\"9728\" src=\"https:\/\/prensa.sma.gob.ar\/wp-content\/uploads\/2025\/09\/WhatsApp-Image-2025-09-12-at-17.02.18-12-1024x597.jpeg\" alt=\"\" class=\"wp-image-9728\" srcset=\"https:\/\/prensa.sma.gob.ar\/wp-content\/uploads\/2025\/09\/WhatsApp-Image-2025-09-12-at-17.02.18-12-1024x597.jpeg 1024w, https:\/\/prensa.sma.gob.ar\/wp-content\/uploads\/2025\/09\/WhatsApp-Image-2025-09-12-at-17.02.18-12-300x175.jpeg 300w, https:\/\/prensa.sma.gob.ar\/wp-content\/uploads\/2025\/09\/WhatsApp-Image-2025-09-12-at-17.02.18-12-768x448.jpeg 768w, https:\/\/prensa.sma.gob.ar\/wp-content\/uploads\/2025\/09\/WhatsApp-Image-2025-09-12-at-17.02.18-12-721x420.jpeg 721w, https:\/\/prensa.sma.gob.ar\/wp-content\/uploads\/2025\/09\/WhatsApp-Image-2025-09-12-at-17.02.18-12-696x406.jpeg 696w, https:\/\/prensa.sma.gob.ar\/wp-content\/uploads\/2025\/09\/WhatsApp-Image-2025-09-12-at-17.02.18-12-1068x622.jpeg 1068w, https:\/\/prensa.sma.gob.ar\/wp-content\/uploads\/2025\/09\/WhatsApp-Image-2025-09-12-at-17.02.18-12.jpeg 1280w\" sizes=\"auto, (max-width: 1024px) 100vw, 1024px\" \/><\/figure>\n\n\n\n<figure class=\"wp-block-image size-large\"><img loading=\"lazy\" decoding=\"async\" width=\"1024\" height=\"582\" data-id=\"9729\" src=\"https:\/\/prensa.sma.gob.ar\/wp-content\/uploads\/2025\/09\/WhatsApp-Image-2025-09-12-at-17.02.18-11-1024x582.jpeg\" alt=\"\" class=\"wp-image-9729\" srcset=\"https:\/\/prensa.sma.gob.ar\/wp-content\/uploads\/2025\/09\/WhatsApp-Image-2025-09-12-at-17.02.18-11-1024x582.jpeg 1024w, https:\/\/prensa.sma.gob.ar\/wp-content\/uploads\/2025\/09\/WhatsApp-Image-2025-09-12-at-17.02.18-11-300x171.jpeg 300w, https:\/\/prensa.sma.gob.ar\/wp-content\/uploads\/2025\/09\/WhatsApp-Image-2025-09-12-at-17.02.18-11-768x437.jpeg 768w, https:\/\/prensa.sma.gob.ar\/wp-content\/uploads\/2025\/09\/WhatsApp-Image-2025-09-12-at-17.02.18-11-738x420.jpeg 738w, https:\/\/prensa.sma.gob.ar\/wp-content\/uploads\/2025\/09\/WhatsApp-Image-2025-09-12-at-17.02.18-11-696x396.jpeg 696w, https:\/\/prensa.sma.gob.ar\/wp-content\/uploads\/2025\/09\/WhatsApp-Image-2025-09-12-at-17.02.18-11-1068x607.jpeg 1068w, https:\/\/prensa.sma.gob.ar\/wp-content\/uploads\/2025\/09\/WhatsApp-Image-2025-09-12-at-17.02.18-11.jpeg 1280w\" sizes=\"auto, (max-width: 1024px) 100vw, 1024px\" \/><\/figure>\n\n\n\n<figure class=\"wp-block-image size-large\"><img loading=\"lazy\" decoding=\"async\" width=\"1024\" height=\"576\" data-id=\"9727\" src=\"https:\/\/prensa.sma.gob.ar\/wp-content\/uploads\/2025\/09\/WhatsApp-Image-2025-09-12-at-17.02.18-13-1024x576.jpeg\" alt=\"\" class=\"wp-image-9727\" srcset=\"https:\/\/prensa.sma.gob.ar\/wp-content\/uploads\/2025\/09\/WhatsApp-Image-2025-09-12-at-17.02.18-13-1024x576.jpeg 1024w, https:\/\/prensa.sma.gob.ar\/wp-content\/uploads\/2025\/09\/WhatsApp-Image-2025-09-12-at-17.02.18-13-300x169.jpeg 300w, https:\/\/prensa.sma.gob.ar\/wp-content\/uploads\/2025\/09\/WhatsApp-Image-2025-09-12-at-17.02.18-13-768x432.jpeg 768w, https:\/\/prensa.sma.gob.ar\/wp-content\/uploads\/2025\/09\/WhatsApp-Image-2025-09-12-at-17.02.18-13-747x420.jpeg 747w, https:\/\/prensa.sma.gob.ar\/wp-content\/uploads\/2025\/09\/WhatsApp-Image-2025-09-12-at-17.02.18-13-696x392.jpeg 696w, https:\/\/prensa.sma.gob.ar\/wp-content\/uploads\/2025\/09\/WhatsApp-Image-2025-09-12-at-17.02.18-13-1068x601.jpeg 1068w, https:\/\/prensa.sma.gob.ar\/wp-content\/uploads\/2025\/09\/WhatsApp-Image-2025-09-12-at-17.02.18-13.jpeg 1280w\" sizes=\"auto, (max-width: 1024px) 100vw, 1024px\" \/><\/figure>\n\n\n\n<figure class=\"wp-block-image size-large\"><img loading=\"lazy\" decoding=\"async\" width=\"1024\" height=\"562\" data-id=\"9726\" src=\"https:\/\/prensa.sma.gob.ar\/wp-content\/uploads\/2025\/09\/WhatsApp-Image-2025-09-12-at-17.02.18-14-1024x562.jpeg\" alt=\"\" class=\"wp-image-9726\" srcset=\"https:\/\/prensa.sma.gob.ar\/wp-content\/uploads\/2025\/09\/WhatsApp-Image-2025-09-12-at-17.02.18-14-1024x562.jpeg 1024w, https:\/\/prensa.sma.gob.ar\/wp-content\/uploads\/2025\/09\/WhatsApp-Image-2025-09-12-at-17.02.18-14-300x165.jpeg 300w, https:\/\/prensa.sma.gob.ar\/wp-content\/uploads\/2025\/09\/WhatsApp-Image-2025-09-12-at-17.02.18-14-768x421.jpeg 768w, https:\/\/prensa.sma.gob.ar\/wp-content\/uploads\/2025\/09\/WhatsApp-Image-2025-09-12-at-17.02.18-14-766x420.jpeg 766w, https:\/\/prensa.sma.gob.ar\/wp-content\/uploads\/2025\/09\/WhatsApp-Image-2025-09-12-at-17.02.18-14-696x382.jpeg 696w, https:\/\/prensa.sma.gob.ar\/wp-content\/uploads\/2025\/09\/WhatsApp-Image-2025-09-12-at-17.02.18-14-1068x586.jpeg 1068w, https:\/\/prensa.sma.gob.ar\/wp-content\/uploads\/2025\/09\/WhatsApp-Image-2025-09-12-at-17.02.18-14.jpeg 1280w\" sizes=\"auto, (max-width: 1024px) 100vw, 1024px\" \/><\/figure>\n\n\n\n<figure class=\"wp-block-image size-large\"><img loading=\"lazy\" decoding=\"async\" width=\"1024\" height=\"576\" data-id=\"9724\" src=\"https:\/\/prensa.sma.gob.ar\/wp-content\/uploads\/2025\/09\/WhatsApp-Image-2025-09-12-at-17.02.18-16-1024x576.jpeg\" alt=\"\" class=\"wp-image-9724\" srcset=\"https:\/\/prensa.sma.gob.ar\/wp-content\/uploads\/2025\/09\/WhatsApp-Image-2025-09-12-at-17.02.18-16-1024x576.jpeg 1024w, https:\/\/prensa.sma.gob.ar\/wp-content\/uploads\/2025\/09\/WhatsApp-Image-2025-09-12-at-17.02.18-16-300x169.jpeg 300w, https:\/\/prensa.sma.gob.ar\/wp-content\/uploads\/2025\/09\/WhatsApp-Image-2025-09-12-at-17.02.18-16-768x432.jpeg 768w, https:\/\/prensa.sma.gob.ar\/wp-content\/uploads\/2025\/09\/WhatsApp-Image-2025-09-12-at-17.02.18-16-747x420.jpeg 747w, https:\/\/prensa.sma.gob.ar\/wp-content\/uploads\/2025\/09\/WhatsApp-Image-2025-09-12-at-17.02.18-16-696x392.jpeg 696w, https:\/\/prensa.sma.gob.ar\/wp-content\/uploads\/2025\/09\/WhatsApp-Image-2025-09-12-at-17.02.18-16-1068x601.jpeg 1068w, https:\/\/prensa.sma.gob.ar\/wp-content\/uploads\/2025\/09\/WhatsApp-Image-2025-09-12-at-17.02.18-16.jpeg 1280w\" sizes=\"auto, (max-width: 1024px) 100vw, 1024px\" \/><\/figure>\n\n\n\n<figure class=\"wp-block-image size-large\"><img loading=\"lazy\" decoding=\"async\" width=\"1024\" height=\"552\" data-id=\"9713\" src=\"https:\/\/prensa.sma.gob.ar\/wp-content\/uploads\/2025\/09\/WhatsApp-Image-2025-09-12-at-17.02.23-1-1024x552.jpeg\" alt=\"\" class=\"wp-image-9713\" srcset=\"https:\/\/prensa.sma.gob.ar\/wp-content\/uploads\/2025\/09\/WhatsApp-Image-2025-09-12-at-17.02.23-1-1024x552.jpeg 1024w, https:\/\/prensa.sma.gob.ar\/wp-content\/uploads\/2025\/09\/WhatsApp-Image-2025-09-12-at-17.02.23-1-300x162.jpeg 300w, https:\/\/prensa.sma.gob.ar\/wp-content\/uploads\/2025\/09\/WhatsApp-Image-2025-09-12-at-17.02.23-1-768x414.jpeg 768w, https:\/\/prensa.sma.gob.ar\/wp-content\/uploads\/2025\/09\/WhatsApp-Image-2025-09-12-at-17.02.23-1-779x420.jpeg 779w, https:\/\/prensa.sma.gob.ar\/wp-content\/uploads\/2025\/09\/WhatsApp-Image-2025-09-12-at-17.02.23-1-696x375.jpeg 696w, https:\/\/prensa.sma.gob.ar\/wp-content\/uploads\/2025\/09\/WhatsApp-Image-2025-09-12-at-17.02.23-1-1068x576.jpeg 1068w, https:\/\/prensa.sma.gob.ar\/wp-content\/uploads\/2025\/09\/WhatsApp-Image-2025-09-12-at-17.02.23-1.jpeg 1280w\" sizes=\"auto, (max-width: 1024px) 100vw, 1024px\" \/><\/figure>\n\n\n\n<figure class=\"wp-block-image size-large\"><img loading=\"lazy\" decoding=\"async\" width=\"1024\" height=\"594\" data-id=\"9712\" src=\"https:\/\/prensa.sma.gob.ar\/wp-content\/uploads\/2025\/09\/WhatsApp-Image-2025-09-12-at-17.02.23-2-1024x594.jpeg\" alt=\"\" class=\"wp-image-9712\" srcset=\"https:\/\/prensa.sma.gob.ar\/wp-content\/uploads\/2025\/09\/WhatsApp-Image-2025-09-12-at-17.02.23-2-1024x594.jpeg 1024w, https:\/\/prensa.sma.gob.ar\/wp-content\/uploads\/2025\/09\/WhatsApp-Image-2025-09-12-at-17.02.23-2-300x174.jpeg 300w, https:\/\/prensa.sma.gob.ar\/wp-content\/uploads\/2025\/09\/WhatsApp-Image-2025-09-12-at-17.02.23-2-768x446.jpeg 768w, https:\/\/prensa.sma.gob.ar\/wp-content\/uploads\/2025\/09\/WhatsApp-Image-2025-09-12-at-17.02.23-2-724x420.jpeg 724w, https:\/\/prensa.sma.gob.ar\/wp-content\/uploads\/2025\/09\/WhatsApp-Image-2025-09-12-at-17.02.23-2-696x404.jpeg 696w, https:\/\/prensa.sma.gob.ar\/wp-content\/uploads\/2025\/09\/WhatsApp-Image-2025-09-12-at-17.02.23-2-1068x620.jpeg 1068w, https:\/\/prensa.sma.gob.ar\/wp-content\/uploads\/2025\/09\/WhatsApp-Image-2025-09-12-at-17.02.23-2.jpeg 1280w\" sizes=\"auto, (max-width: 1024px) 100vw, 1024px\" \/><\/figure>\n\n\n\n<figure class=\"wp-block-image size-large\"><img loading=\"lazy\" decoding=\"async\" width=\"1024\" height=\"583\" data-id=\"9711\" src=\"https:\/\/prensa.sma.gob.ar\/wp-content\/uploads\/2025\/09\/WhatsApp-Image-2025-09-12-at-17.02.23-3-1024x583.jpeg\" alt=\"\" class=\"wp-image-9711\" srcset=\"https:\/\/prensa.sma.gob.ar\/wp-content\/uploads\/2025\/09\/WhatsApp-Image-2025-09-12-at-17.02.23-3-1024x583.jpeg 1024w, https:\/\/prensa.sma.gob.ar\/wp-content\/uploads\/2025\/09\/WhatsApp-Image-2025-09-12-at-17.02.23-3-300x171.jpeg 300w, https:\/\/prensa.sma.gob.ar\/wp-content\/uploads\/2025\/09\/WhatsApp-Image-2025-09-12-at-17.02.23-3-768x437.jpeg 768w, https:\/\/prensa.sma.gob.ar\/wp-content\/uploads\/2025\/09\/WhatsApp-Image-2025-09-12-at-17.02.23-3-737x420.jpeg 737w, https:\/\/prensa.sma.gob.ar\/wp-content\/uploads\/2025\/09\/WhatsApp-Image-2025-09-12-at-17.02.23-3-696x396.jpeg 696w, https:\/\/prensa.sma.gob.ar\/wp-content\/uploads\/2025\/09\/WhatsApp-Image-2025-09-12-at-17.02.23-3-1068x608.jpeg 1068w, https:\/\/prensa.sma.gob.ar\/wp-content\/uploads\/2025\/09\/WhatsApp-Image-2025-09-12-at-17.02.23-3.jpeg 1280w\" sizes=\"auto, (max-width: 1024px) 100vw, 1024px\" \/><\/figure>\n\n\n\n<figure class=\"wp-block-image size-large\"><img loading=\"lazy\" decoding=\"async\" width=\"1024\" height=\"612\" data-id=\"9710\" src=\"https:\/\/prensa.sma.gob.ar\/wp-content\/uploads\/2025\/09\/WhatsApp-Image-2025-09-12-at-17.02.24-1024x612.jpeg\" alt=\"\" class=\"wp-image-9710\" srcset=\"https:\/\/prensa.sma.gob.ar\/wp-content\/uploads\/2025\/09\/WhatsApp-Image-2025-09-12-at-17.02.24-1024x612.jpeg 1024w, https:\/\/prensa.sma.gob.ar\/wp-content\/uploads\/2025\/09\/WhatsApp-Image-2025-09-12-at-17.02.24-300x179.jpeg 300w, https:\/\/prensa.sma.gob.ar\/wp-content\/uploads\/2025\/09\/WhatsApp-Image-2025-09-12-at-17.02.24-768x459.jpeg 768w, https:\/\/prensa.sma.gob.ar\/wp-content\/uploads\/2025\/09\/WhatsApp-Image-2025-09-12-at-17.02.24-703x420.jpeg 703w, https:\/\/prensa.sma.gob.ar\/wp-content\/uploads\/2025\/09\/WhatsApp-Image-2025-09-12-at-17.02.24-696x416.jpeg 696w, https:\/\/prensa.sma.gob.ar\/wp-content\/uploads\/2025\/09\/WhatsApp-Image-2025-09-12-at-17.02.24-1068x638.jpeg 1068w, https:\/\/prensa.sma.gob.ar\/wp-content\/uploads\/2025\/09\/WhatsApp-Image-2025-09-12-at-17.02.24.jpeg 1280w\" sizes=\"auto, (max-width: 1024px) 100vw, 1024px\" \/><\/figure>\n\n\n\n<figure class=\"wp-block-image size-large\"><img loading=\"lazy\" decoding=\"async\" width=\"1024\" height=\"560\" data-id=\"9709\" src=\"https:\/\/prensa.sma.gob.ar\/wp-content\/uploads\/2025\/09\/WhatsApp-Image-2025-09-12-at-17.02.24-1-1024x560.jpeg\" alt=\"\" class=\"wp-image-9709\" srcset=\"https:\/\/prensa.sma.gob.ar\/wp-content\/uploads\/2025\/09\/WhatsApp-Image-2025-09-12-at-17.02.24-1-1024x560.jpeg 1024w, https:\/\/prensa.sma.gob.ar\/wp-content\/uploads\/2025\/09\/WhatsApp-Image-2025-09-12-at-17.02.24-1-300x164.jpeg 300w, https:\/\/prensa.sma.gob.ar\/wp-content\/uploads\/2025\/09\/WhatsApp-Image-2025-09-12-at-17.02.24-1-768x420.jpeg 768w, https:\/\/prensa.sma.gob.ar\/wp-content\/uploads\/2025\/09\/WhatsApp-Image-2025-09-12-at-17.02.24-1-696x381.jpeg 696w, https:\/\/prensa.sma.gob.ar\/wp-content\/uploads\/2025\/09\/WhatsApp-Image-2025-09-12-at-17.02.24-1-1068x584.jpeg 1068w, https:\/\/prensa.sma.gob.ar\/wp-content\/uploads\/2025\/09\/WhatsApp-Image-2025-09-12-at-17.02.24-1.jpeg 1280w\" sizes=\"auto, (max-width: 1024px) 100vw, 1024px\" \/><\/figure>\n\n\n\n<figure class=\"wp-block-image size-large\"><img loading=\"lazy\" decoding=\"async\" width=\"1024\" height=\"590\" data-id=\"9708\" src=\"https:\/\/prensa.sma.gob.ar\/wp-content\/uploads\/2025\/09\/WhatsApp-Image-2025-09-12-at-17.02.24-2-1024x590.jpeg\" alt=\"\" class=\"wp-image-9708\" srcset=\"https:\/\/prensa.sma.gob.ar\/wp-content\/uploads\/2025\/09\/WhatsApp-Image-2025-09-12-at-17.02.24-2-1024x590.jpeg 1024w, https:\/\/prensa.sma.gob.ar\/wp-content\/uploads\/2025\/09\/WhatsApp-Image-2025-09-12-at-17.02.24-2-300x173.jpeg 300w, https:\/\/prensa.sma.gob.ar\/wp-content\/uploads\/2025\/09\/WhatsApp-Image-2025-09-12-at-17.02.24-2-768x443.jpeg 768w, https:\/\/prensa.sma.gob.ar\/wp-content\/uploads\/2025\/09\/WhatsApp-Image-2025-09-12-at-17.02.24-2-728x420.jpeg 728w, https:\/\/prensa.sma.gob.ar\/wp-content\/uploads\/2025\/09\/WhatsApp-Image-2025-09-12-at-17.02.24-2-696x401.jpeg 696w, https:\/\/prensa.sma.gob.ar\/wp-content\/uploads\/2025\/09\/WhatsApp-Image-2025-09-12-at-17.02.24-2-1068x616.jpeg 1068w, https:\/\/prensa.sma.gob.ar\/wp-content\/uploads\/2025\/09\/WhatsApp-Image-2025-09-12-at-17.02.24-2.jpeg 1280w\" sizes=\"auto, (max-width: 1024px) 100vw, 1024px\" \/><\/figure>\n\n\n\n<figure class=\"wp-block-image size-large\"><img loading=\"lazy\" decoding=\"async\" width=\"1024\" height=\"576\" data-id=\"9707\" src=\"https:\/\/prensa.sma.gob.ar\/wp-content\/uploads\/2025\/09\/WhatsApp-Image-2025-09-12-at-17.02.24-3-1024x576.jpeg\" alt=\"\" class=\"wp-image-9707\" srcset=\"https:\/\/prensa.sma.gob.ar\/wp-content\/uploads\/2025\/09\/WhatsApp-Image-2025-09-12-at-17.02.24-3-1024x576.jpeg 1024w, https:\/\/prensa.sma.gob.ar\/wp-content\/uploads\/2025\/09\/WhatsApp-Image-2025-09-12-at-17.02.24-3-300x169.jpeg 300w, https:\/\/prensa.sma.gob.ar\/wp-content\/uploads\/2025\/09\/WhatsApp-Image-2025-09-12-at-17.02.24-3-768x432.jpeg 768w, https:\/\/prensa.sma.gob.ar\/wp-content\/uploads\/2025\/09\/WhatsApp-Image-2025-09-12-at-17.02.24-3-747x420.jpeg 747w, https:\/\/prensa.sma.gob.ar\/wp-content\/uploads\/2025\/09\/WhatsApp-Image-2025-09-12-at-17.02.24-3-696x392.jpeg 696w, https:\/\/prensa.sma.gob.ar\/wp-content\/uploads\/2025\/09\/WhatsApp-Image-2025-09-12-at-17.02.24-3-1068x601.jpeg 1068w, https:\/\/prensa.sma.gob.ar\/wp-content\/uploads\/2025\/09\/WhatsApp-Image-2025-09-12-at-17.02.24-3.jpeg 1280w\" sizes=\"auto, (max-width: 1024px) 100vw, 1024px\" \/><\/figure>\n\n\n\n<figure class=\"wp-block-image size-large\"><img loading=\"lazy\" decoding=\"async\" width=\"1024\" height=\"576\" data-id=\"9706\" src=\"https:\/\/prensa.sma.gob.ar\/wp-content\/uploads\/2025\/09\/WhatsApp-Image-2025-09-12-at-17.02.25-1024x576.jpeg\" alt=\"\" class=\"wp-image-9706\" srcset=\"https:\/\/prensa.sma.gob.ar\/wp-content\/uploads\/2025\/09\/WhatsApp-Image-2025-09-12-at-17.02.25-1024x576.jpeg 1024w, https:\/\/prensa.sma.gob.ar\/wp-content\/uploads\/2025\/09\/WhatsApp-Image-2025-09-12-at-17.02.25-300x169.jpeg 300w, https:\/\/prensa.sma.gob.ar\/wp-content\/uploads\/2025\/09\/WhatsApp-Image-2025-09-12-at-17.02.25-768x432.jpeg 768w, https:\/\/prensa.sma.gob.ar\/wp-content\/uploads\/2025\/09\/WhatsApp-Image-2025-09-12-at-17.02.25-747x420.jpeg 747w, https:\/\/prensa.sma.gob.ar\/wp-content\/uploads\/2025\/09\/WhatsApp-Image-2025-09-12-at-17.02.25-696x392.jpeg 696w, https:\/\/prensa.sma.gob.ar\/wp-content\/uploads\/2025\/09\/WhatsApp-Image-2025-09-12-at-17.02.25-1068x601.jpeg 1068w, https:\/\/prensa.sma.gob.ar\/wp-content\/uploads\/2025\/09\/WhatsApp-Image-2025-09-12-at-17.02.25.jpeg 1280w\" sizes=\"auto, (max-width: 1024px) 100vw, 1024px\" \/><\/figure>\n\n\n\n<figure class=\"wp-block-image size-large\"><img loading=\"lazy\" decoding=\"async\" width=\"1024\" height=\"576\" data-id=\"9705\" src=\"https:\/\/prensa.sma.gob.ar\/wp-content\/uploads\/2025\/09\/WhatsApp-Image-2025-09-12-at-17.02.25-1-1024x576.jpeg\" alt=\"\" class=\"wp-image-9705\" srcset=\"https:\/\/prensa.sma.gob.ar\/wp-content\/uploads\/2025\/09\/WhatsApp-Image-2025-09-12-at-17.02.25-1-1024x576.jpeg 1024w, https:\/\/prensa.sma.gob.ar\/wp-content\/uploads\/2025\/09\/WhatsApp-Image-2025-09-12-at-17.02.25-1-300x169.jpeg 300w, https:\/\/prensa.sma.gob.ar\/wp-content\/uploads\/2025\/09\/WhatsApp-Image-2025-09-12-at-17.02.25-1-768x432.jpeg 768w, https:\/\/prensa.sma.gob.ar\/wp-content\/uploads\/2025\/09\/WhatsApp-Image-2025-09-12-at-17.02.25-1-747x420.jpeg 747w, https:\/\/prensa.sma.gob.ar\/wp-content\/uploads\/2025\/09\/WhatsApp-Image-2025-09-12-at-17.02.25-1-696x392.jpeg 696w, https:\/\/prensa.sma.gob.ar\/wp-content\/uploads\/2025\/09\/WhatsApp-Image-2025-09-12-at-17.02.25-1-1068x601.jpeg 1068w, https:\/\/prensa.sma.gob.ar\/wp-content\/uploads\/2025\/09\/WhatsApp-Image-2025-09-12-at-17.02.25-1.jpeg 1280w\" sizes=\"auto, (max-width: 1024px) 100vw, 1024px\" \/><\/figure>\n\n\n\n<figure class=\"wp-block-image size-large\"><img loading=\"lazy\" decoding=\"async\" width=\"1024\" height=\"622\" data-id=\"9704\" src=\"https:\/\/prensa.sma.gob.ar\/wp-content\/uploads\/2025\/09\/WhatsApp-Image-2025-09-12-at-17.02.25-2-1024x622.jpeg\" alt=\"\" class=\"wp-image-9704\" srcset=\"https:\/\/prensa.sma.gob.ar\/wp-content\/uploads\/2025\/09\/WhatsApp-Image-2025-09-12-at-17.02.25-2-1024x622.jpeg 1024w, https:\/\/prensa.sma.gob.ar\/wp-content\/uploads\/2025\/09\/WhatsApp-Image-2025-09-12-at-17.02.25-2-300x182.jpeg 300w, https:\/\/prensa.sma.gob.ar\/wp-content\/uploads\/2025\/09\/WhatsApp-Image-2025-09-12-at-17.02.25-2-768x466.jpeg 768w, https:\/\/prensa.sma.gob.ar\/wp-content\/uploads\/2025\/09\/WhatsApp-Image-2025-09-12-at-17.02.25-2-692x420.jpeg 692w, https:\/\/prensa.sma.gob.ar\/wp-content\/uploads\/2025\/09\/WhatsApp-Image-2025-09-12-at-17.02.25-2-696x422.jpeg 696w, https:\/\/prensa.sma.gob.ar\/wp-content\/uploads\/2025\/09\/WhatsApp-Image-2025-09-12-at-17.02.25-2-1068x648.jpeg 1068w, https:\/\/prensa.sma.gob.ar\/wp-content\/uploads\/2025\/09\/WhatsApp-Image-2025-09-12-at-17.02.25-2.jpeg 1280w\" sizes=\"auto, (max-width: 1024px) 100vw, 1024px\" \/><\/figure>\n\n\n\n<figure class=\"wp-block-image size-large\"><img loading=\"lazy\" decoding=\"async\" width=\"1024\" height=\"569\" data-id=\"9703\" src=\"https:\/\/prensa.sma.gob.ar\/wp-content\/uploads\/2025\/09\/WhatsApp-Image-2025-09-12-at-17.02.25-3-1024x569.jpeg\" alt=\"\" class=\"wp-image-9703\" srcset=\"https:\/\/prensa.sma.gob.ar\/wp-content\/uploads\/2025\/09\/WhatsApp-Image-2025-09-12-at-17.02.25-3-1024x569.jpeg 1024w, https:\/\/prensa.sma.gob.ar\/wp-content\/uploads\/2025\/09\/WhatsApp-Image-2025-09-12-at-17.02.25-3-300x167.jpeg 300w, https:\/\/prensa.sma.gob.ar\/wp-content\/uploads\/2025\/09\/WhatsApp-Image-2025-09-12-at-17.02.25-3-768x427.jpeg 768w, https:\/\/prensa.sma.gob.ar\/wp-content\/uploads\/2025\/09\/WhatsApp-Image-2025-09-12-at-17.02.25-3-756x420.jpeg 756w, https:\/\/prensa.sma.gob.ar\/wp-content\/uploads\/2025\/09\/WhatsApp-Image-2025-09-12-at-17.02.25-3-696x387.jpeg 696w, https:\/\/prensa.sma.gob.ar\/wp-content\/uploads\/2025\/09\/WhatsApp-Image-2025-09-12-at-17.02.25-3-1068x593.jpeg 1068w, https:\/\/prensa.sma.gob.ar\/wp-content\/uploads\/2025\/09\/WhatsApp-Image-2025-09-12-at-17.02.25-3.jpeg 1280w\" sizes=\"auto, (max-width: 1024px) 100vw, 1024px\" \/><\/figure>\n\n\n\n<figure class=\"wp-block-image size-large\"><img loading=\"lazy\" decoding=\"async\" width=\"1024\" height=\"576\" data-id=\"9702\" src=\"https:\/\/prensa.sma.gob.ar\/wp-content\/uploads\/2025\/09\/WhatsApp-Image-2025-09-12-at-17.02.26-1024x576.jpeg\" alt=\"\" class=\"wp-image-9702\" srcset=\"https:\/\/prensa.sma.gob.ar\/wp-content\/uploads\/2025\/09\/WhatsApp-Image-2025-09-12-at-17.02.26-1024x576.jpeg 1024w, https:\/\/prensa.sma.gob.ar\/wp-content\/uploads\/2025\/09\/WhatsApp-Image-2025-09-12-at-17.02.26-300x169.jpeg 300w, https:\/\/prensa.sma.gob.ar\/wp-content\/uploads\/2025\/09\/WhatsApp-Image-2025-09-12-at-17.02.26-768x432.jpeg 768w, https:\/\/prensa.sma.gob.ar\/wp-content\/uploads\/2025\/09\/WhatsApp-Image-2025-09-12-at-17.02.26-747x420.jpeg 747w, https:\/\/prensa.sma.gob.ar\/wp-content\/uploads\/2025\/09\/WhatsApp-Image-2025-09-12-at-17.02.26-696x392.jpeg 696w, https:\/\/prensa.sma.gob.ar\/wp-content\/uploads\/2025\/09\/WhatsApp-Image-2025-09-12-at-17.02.26-1068x601.jpeg 1068w, https:\/\/prensa.sma.gob.ar\/wp-content\/uploads\/2025\/09\/WhatsApp-Image-2025-09-12-at-17.02.26.jpeg 1280w\" sizes=\"auto, (max-width: 1024px) 100vw, 1024px\" \/><\/figure>\n\n\n\n<figure class=\"wp-block-image size-large\"><img loading=\"lazy\" decoding=\"async\" width=\"1024\" height=\"576\" data-id=\"9701\" src=\"https:\/\/prensa.sma.gob.ar\/wp-content\/uploads\/2025\/09\/WhatsApp-Image-2025-09-12-at-17.02.26-1-1024x576.jpeg\" alt=\"\" class=\"wp-image-9701\" srcset=\"https:\/\/prensa.sma.gob.ar\/wp-content\/uploads\/2025\/09\/WhatsApp-Image-2025-09-12-at-17.02.26-1-1024x576.jpeg 1024w, https:\/\/prensa.sma.gob.ar\/wp-content\/uploads\/2025\/09\/WhatsApp-Image-2025-09-12-at-17.02.26-1-300x169.jpeg 300w, https:\/\/prensa.sma.gob.ar\/wp-content\/uploads\/2025\/09\/WhatsApp-Image-2025-09-12-at-17.02.26-1-768x432.jpeg 768w, https:\/\/prensa.sma.gob.ar\/wp-content\/uploads\/2025\/09\/WhatsApp-Image-2025-09-12-at-17.02.26-1-747x420.jpeg 747w, https:\/\/prensa.sma.gob.ar\/wp-content\/uploads\/2025\/09\/WhatsApp-Image-2025-09-12-at-17.02.26-1-696x392.jpeg 696w, https:\/\/prensa.sma.gob.ar\/wp-content\/uploads\/2025\/09\/WhatsApp-Image-2025-09-12-at-17.02.26-1-1068x601.jpeg 1068w, https:\/\/prensa.sma.gob.ar\/wp-content\/uploads\/2025\/09\/WhatsApp-Image-2025-09-12-at-17.02.26-1.jpeg 1280w\" sizes=\"auto, (max-width: 1024px) 100vw, 1024px\" \/><\/figure>\n\n\n\n<figure class=\"wp-block-image size-large\"><img loading=\"lazy\" decoding=\"async\" width=\"1024\" height=\"576\" data-id=\"9700\" src=\"https:\/\/prensa.sma.gob.ar\/wp-content\/uploads\/2025\/09\/WhatsApp-Image-2025-09-12-at-17.02.26-2-1024x576.jpeg\" alt=\"\" class=\"wp-image-9700\" srcset=\"https:\/\/prensa.sma.gob.ar\/wp-content\/uploads\/2025\/09\/WhatsApp-Image-2025-09-12-at-17.02.26-2-1024x576.jpeg 1024w, https:\/\/prensa.sma.gob.ar\/wp-content\/uploads\/2025\/09\/WhatsApp-Image-2025-09-12-at-17.02.26-2-300x169.jpeg 300w, https:\/\/prensa.sma.gob.ar\/wp-content\/uploads\/2025\/09\/WhatsApp-Image-2025-09-12-at-17.02.26-2-768x432.jpeg 768w, https:\/\/prensa.sma.gob.ar\/wp-content\/uploads\/2025\/09\/WhatsApp-Image-2025-09-12-at-17.02.26-2-747x420.jpeg 747w, https:\/\/prensa.sma.gob.ar\/wp-content\/uploads\/2025\/09\/WhatsApp-Image-2025-09-12-at-17.02.26-2-696x392.jpeg 696w, https:\/\/prensa.sma.gob.ar\/wp-content\/uploads\/2025\/09\/WhatsApp-Image-2025-09-12-at-17.02.26-2-1068x601.jpeg 1068w, https:\/\/prensa.sma.gob.ar\/wp-content\/uploads\/2025\/09\/WhatsApp-Image-2025-09-12-at-17.02.26-2.jpeg 1280w\" sizes=\"auto, (max-width: 1024px) 100vw, 1024px\" \/><\/figure>\n\n\n\n<figure class=\"wp-block-image size-large\"><img loading=\"lazy\" decoding=\"async\" width=\"1024\" height=\"576\" data-id=\"9699\" src=\"https:\/\/prensa.sma.gob.ar\/wp-content\/uploads\/2025\/09\/WhatsApp-Image-2025-09-12-at-17.02.26-3-1024x576.jpeg\" alt=\"\" class=\"wp-image-9699\" srcset=\"https:\/\/prensa.sma.gob.ar\/wp-content\/uploads\/2025\/09\/WhatsApp-Image-2025-09-12-at-17.02.26-3-1024x576.jpeg 1024w, https:\/\/prensa.sma.gob.ar\/wp-content\/uploads\/2025\/09\/WhatsApp-Image-2025-09-12-at-17.02.26-3-300x169.jpeg 300w, https:\/\/prensa.sma.gob.ar\/wp-content\/uploads\/2025\/09\/WhatsApp-Image-2025-09-12-at-17.02.26-3-768x432.jpeg 768w, https:\/\/prensa.sma.gob.ar\/wp-content\/uploads\/2025\/09\/WhatsApp-Image-2025-09-12-at-17.02.26-3-747x420.jpeg 747w, https:\/\/prensa.sma.gob.ar\/wp-content\/uploads\/2025\/09\/WhatsApp-Image-2025-09-12-at-17.02.26-3-696x392.jpeg 696w, https:\/\/prensa.sma.gob.ar\/wp-content\/uploads\/2025\/09\/WhatsApp-Image-2025-09-12-at-17.02.26-3-1068x601.jpeg 1068w, https:\/\/prensa.sma.gob.ar\/wp-content\/uploads\/2025\/09\/WhatsApp-Image-2025-09-12-at-17.02.26-3.jpeg 1280w\" sizes=\"auto, (max-width: 1024px) 100vw, 1024px\" \/><\/figure>\n\n\n\n<figure class=\"wp-block-image size-large\"><img loading=\"lazy\" decoding=\"async\" width=\"1024\" height=\"576\" data-id=\"9698\" src=\"https:\/\/prensa.sma.gob.ar\/wp-content\/uploads\/2025\/09\/WhatsApp-Image-2025-09-12-at-17.02.27-1024x576.jpeg\" alt=\"\" class=\"wp-image-9698\" srcset=\"https:\/\/prensa.sma.gob.ar\/wp-content\/uploads\/2025\/09\/WhatsApp-Image-2025-09-12-at-17.02.27-1024x576.jpeg 1024w, https:\/\/prensa.sma.gob.ar\/wp-content\/uploads\/2025\/09\/WhatsApp-Image-2025-09-12-at-17.02.27-300x169.jpeg 300w, https:\/\/prensa.sma.gob.ar\/wp-content\/uploads\/2025\/09\/WhatsApp-Image-2025-09-12-at-17.02.27-768x432.jpeg 768w, https:\/\/prensa.sma.gob.ar\/wp-content\/uploads\/2025\/09\/WhatsApp-Image-2025-09-12-at-17.02.27-747x420.jpeg 747w, https:\/\/prensa.sma.gob.ar\/wp-content\/uploads\/2025\/09\/WhatsApp-Image-2025-09-12-at-17.02.27-696x392.jpeg 696w, https:\/\/prensa.sma.gob.ar\/wp-content\/uploads\/2025\/09\/WhatsApp-Image-2025-09-12-at-17.02.27-1068x601.jpeg 1068w, https:\/\/prensa.sma.gob.ar\/wp-content\/uploads\/2025\/09\/WhatsApp-Image-2025-09-12-at-17.02.27.jpeg 1280w\" sizes=\"auto, (max-width: 1024px) 100vw, 1024px\" \/><\/figure>\n<\/figure>\n","protected":false},"excerpt":{"rendered":"<p>La comunidad educativa, familias, ex docentes, autoridades municipales y representantes de diferentes instituciones colmaron el play\u00f3n de la Escuela N\u00b0 86 para celebrar, este viernes, los 100 a\u00f1os de este emblem\u00e1tico establecimiento de nuestra comunidad. El intendente municipal, Carlos Saloniti, particip\u00f3 del acto, que incluy\u00f3 entrega de regalos, reconocimientos al personal que transit\u00f3 por la [&hellip;]<\/p>\n","protected":false},"author":2,"featured_media":9724,"comment_status":"closed","ping_status":"open","sticky":false,"template":"","format":"standard","meta":{"footnotes":""},"categories":[16,9,14,17],"tags":[],"class_list":{"0":"post-9696","1":"post","2":"type-post","3":"status-publish","4":"format-standard","5":"has-post-thumbnail","7":"category-destacadas","8":"category-educacion","9":"category-noticias","10":"category-portada"},"_links":{"self":[{"href":"https:\/\/prensa.sma.gob.ar\/index.php?rest_route=\/wp\/v2\/posts\/9696","targetHints":{"allow":["GET"]}}],"collection":[{"href":"https:\/\/prensa.sma.gob.ar\/index.php?rest_route=\/wp\/v2\/posts"}],"about":[{"href":"https:\/\/prensa.sma.gob.ar\/index.php?rest_route=\/wp\/v2\/types\/post"}],"author":[{"embeddable":true,"href":"https:\/\/prensa.sma.gob.ar\/index.php?rest_route=\/wp\/v2\/users\/2"}],"replies":[{"embeddable":true,"href":"https:\/\/prensa.sma.gob.ar\/index.php?rest_route=%2Fwp%2Fv2%2Fcomments&post=9696"}],"version-history":[{"count":2,"href":"https:\/\/prensa.sma.gob.ar\/index.php?rest_route=\/wp\/v2\/posts\/9696\/revisions"}],"predecessor-version":[{"id":9745,"href":"https:\/\/prensa.sma.gob.ar\/index.php?rest_route=\/wp\/v2\/posts\/9696\/revisions\/9745"}],"wp:featuredmedia":[{"embeddable":true,"href":"https:\/\/prensa.sma.gob.ar\/index.php?rest_route=\/wp\/v2\/media\/9724"}],"wp:attachment":[{"href":"https:\/\/prensa.sma.gob.ar\/index.php?rest_route=%2Fwp%2Fv2%2Fmedia&parent=9696"}],"wp:term":[{"taxonomy":"category","embeddable":true,"href":"https:\/\/prensa.sma.gob.ar\/index.php?rest_route=%2Fwp%2Fv2%2Fcategories&post=9696"},{"taxonomy":"post_tag","embeddable":true,"href":"https:\/\/prensa.sma.gob.ar\/index.php?rest_route=%2Fwp%2Fv2%2Ftags&post=9696"}],"curies":[{"name":"wp","href":"https:\/\/api.w.org\/{rel}","templated":true}]}}