{"id":9746,"date":"2025-09-15T17:12:13","date_gmt":"2025-09-15T17:12:13","guid":{"rendered":"https:\/\/prensa.sma.gob.ar\/?p=9746"},"modified":"2025-09-15T17:31:49","modified_gmt":"2025-09-15T17:31:49","slug":"inspeccion-tecnica-en-los-sitios-donde-se-construiran-las-obras-de-mejoramiento-del-agua-en-payla-menuko","status":"publish","type":"post","link":"https:\/\/prensa.sma.gob.ar\/?p=9746","title":{"rendered":"Inspecci\u00f3n t\u00e9cnica en los sitios de las obras de agua en Payla Menuko"},"content":{"rendered":"\n<p>Funcionarios municipales, autoridades y miembros de la comunidad Curruhuinca y t\u00e9cnicos de la Subsecretar\u00eda de Producci\u00f3n de la provincia de Neuqu\u00e9n recorrieron la zona donde se realizar\u00e1n las obras de mejoramiento del sistema de agua en los parajes Payla Menuko y Newen Antug.<\/p>\n\n\n\n<p>Esta visita se enmarca en las reuniones y recorridas previas que los diferentes actores vienen realizando como paso previo al inicio de las obras financiadas por el Estado neuquino para mejorar el sistema de captaci\u00f3n y filtrado, para hacer frente a los per\u00edodos de escasez y de turbiedad del agua que utilizan vecinos de ambos parajes.<\/p>\n\n\n\n<p>De la visita participaron el lonko de la comunidad Curruhuinca, Ariel Epulef; los konas de ambos parajes; la subsecretaria de Juntas Vecinales, Lorena Gonz\u00e1lez; la arquitecta Marcela \u00c1lvarez, de la Subsecretar\u00eda de Obras P\u00fablicas; el director de Mantenimiento, Daniel Opel; el coordinador de Prensa del Municipio, Adri\u00e1n Fern\u00e1ndez; vecinos de la zona y los t\u00e9cnicos de la Subsecretar\u00eda de Producci\u00f3n de la provincia Gonzalo De Ezcurra y Jonathan Uribe.<\/p>\n\n\n\n<p>Luego de la recorrida, se acord\u00f3 que, en no m\u00e1s de dos semanas, comenzar\u00e1n los relevamientos topogr\u00e1ficos, tomas de niveles y de medidas de la zona, para elaborar el proyecto t\u00e9cnico que ser\u00e1 consensuado con el Municipio y los integrantes de la comunidad de ambos parajes. Mientras tanto, el Municipio trabaja en la compra de equipos y materiales necesarios para el inicio de las obras, utilizando los fondos del aporte no reintegrable por $151.528.859 hechos por Provincia.<\/p>\n\n\n\n<p>La obra financiada por la Provincia contempla \u201cequipamiento de captaci\u00f3n, recintos de protecci\u00f3n, un tanque australiano de gran capacidad y la ejecuci\u00f3n de obras civiles destinadas a garantizar la conducci\u00f3n y distribuci\u00f3n eficiente del recurso en el territorio\u201d, seg\u00fan el convenio firmado en mayo pasado por el gobernador Rolando Figueroa, el intendente Carlos Saloniti y miembros de la comunidad Curruhuinca.<\/p>\n\n\n\n<figure class=\"wp-block-gallery has-nested-images columns-default is-cropped wp-block-gallery-1 is-layout-flex wp-block-gallery-is-layout-flex\">\n<figure class=\"wp-block-image size-large\"><img loading=\"lazy\" decoding=\"async\" width=\"1024\" height=\"770\" data-id=\"9761\" src=\"https:\/\/prensa.sma.gob.ar\/wp-content\/uploads\/2025\/09\/WhatsApp-Image-2025-09-13-at-19.25.53-1024x770.jpeg\" alt=\"\" class=\"wp-image-9761\" srcset=\"https:\/\/prensa.sma.gob.ar\/wp-content\/uploads\/2025\/09\/WhatsApp-Image-2025-09-13-at-19.25.53-1024x770.jpeg 1024w, https:\/\/prensa.sma.gob.ar\/wp-content\/uploads\/2025\/09\/WhatsApp-Image-2025-09-13-at-19.25.53-300x226.jpeg 300w, https:\/\/prensa.sma.gob.ar\/wp-content\/uploads\/2025\/09\/WhatsApp-Image-2025-09-13-at-19.25.53-768x578.jpeg 768w, https:\/\/prensa.sma.gob.ar\/wp-content\/uploads\/2025\/09\/WhatsApp-Image-2025-09-13-at-19.25.53-558x420.jpeg 558w, https:\/\/prensa.sma.gob.ar\/wp-content\/uploads\/2025\/09\/WhatsApp-Image-2025-09-13-at-19.25.53-80x60.jpeg 80w, https:\/\/prensa.sma.gob.ar\/wp-content\/uploads\/2025\/09\/WhatsApp-Image-2025-09-13-at-19.25.53-696x524.jpeg 696w, https:\/\/prensa.sma.gob.ar\/wp-content\/uploads\/2025\/09\/WhatsApp-Image-2025-09-13-at-19.25.53-1068x804.jpeg 1068w, https:\/\/prensa.sma.gob.ar\/wp-content\/uploads\/2025\/09\/WhatsApp-Image-2025-09-13-at-19.25.53.jpeg 1280w\" sizes=\"auto, (max-width: 1024px) 100vw, 1024px\" \/><\/figure>\n\n\n\n<figure class=\"wp-block-image size-large\"><img loading=\"lazy\" decoding=\"async\" width=\"1024\" height=\"771\" data-id=\"9755\" src=\"https:\/\/prensa.sma.gob.ar\/wp-content\/uploads\/2025\/09\/IMG_20250912_172744-1024x771.jpg\" alt=\"\" class=\"wp-image-9755\" srcset=\"https:\/\/prensa.sma.gob.ar\/wp-content\/uploads\/2025\/09\/IMG_20250912_172744-1024x771.jpg 1024w, https:\/\/prensa.sma.gob.ar\/wp-content\/uploads\/2025\/09\/IMG_20250912_172744-300x226.jpg 300w, https:\/\/prensa.sma.gob.ar\/wp-content\/uploads\/2025\/09\/IMG_20250912_172744-768x578.jpg 768w, https:\/\/prensa.sma.gob.ar\/wp-content\/uploads\/2025\/09\/IMG_20250912_172744-1536x1157.jpg 1536w, https:\/\/prensa.sma.gob.ar\/wp-content\/uploads\/2025\/09\/IMG_20250912_172744-2048x1542.jpg 2048w, https:\/\/prensa.sma.gob.ar\/wp-content\/uploads\/2025\/09\/IMG_20250912_172744-558x420.jpg 558w, https:\/\/prensa.sma.gob.ar\/wp-content\/uploads\/2025\/09\/IMG_20250912_172744-80x60.jpg 80w, https:\/\/prensa.sma.gob.ar\/wp-content\/uploads\/2025\/09\/IMG_20250912_172744-696x524.jpg 696w, https:\/\/prensa.sma.gob.ar\/wp-content\/uploads\/2025\/09\/IMG_20250912_172744-1068x804.jpg 1068w, https:\/\/prensa.sma.gob.ar\/wp-content\/uploads\/2025\/09\/IMG_20250912_172744-1920x1446.jpg 1920w\" sizes=\"auto, (max-width: 1024px) 100vw, 1024px\" \/><\/figure>\n\n\n\n<figure class=\"wp-block-image size-large\"><img loading=\"lazy\" decoding=\"async\" width=\"1024\" height=\"770\" data-id=\"9758\" src=\"https:\/\/prensa.sma.gob.ar\/wp-content\/uploads\/2025\/09\/WhatsApp-Image-2025-09-13-at-19.26.00-1024x770.jpeg\" alt=\"\" class=\"wp-image-9758\" srcset=\"https:\/\/prensa.sma.gob.ar\/wp-content\/uploads\/2025\/09\/WhatsApp-Image-2025-09-13-at-19.26.00-1024x770.jpeg 1024w, https:\/\/prensa.sma.gob.ar\/wp-content\/uploads\/2025\/09\/WhatsApp-Image-2025-09-13-at-19.26.00-300x226.jpeg 300w, https:\/\/prensa.sma.gob.ar\/wp-content\/uploads\/2025\/09\/WhatsApp-Image-2025-09-13-at-19.26.00-768x578.jpeg 768w, https:\/\/prensa.sma.gob.ar\/wp-content\/uploads\/2025\/09\/WhatsApp-Image-2025-09-13-at-19.26.00-558x420.jpeg 558w, https:\/\/prensa.sma.gob.ar\/wp-content\/uploads\/2025\/09\/WhatsApp-Image-2025-09-13-at-19.26.00-80x60.jpeg 80w, https:\/\/prensa.sma.gob.ar\/wp-content\/uploads\/2025\/09\/WhatsApp-Image-2025-09-13-at-19.26.00-696x524.jpeg 696w, https:\/\/prensa.sma.gob.ar\/wp-content\/uploads\/2025\/09\/WhatsApp-Image-2025-09-13-at-19.26.00-1068x804.jpeg 1068w, https:\/\/prensa.sma.gob.ar\/wp-content\/uploads\/2025\/09\/WhatsApp-Image-2025-09-13-at-19.26.00.jpeg 1280w\" sizes=\"auto, (max-width: 1024px) 100vw, 1024px\" \/><\/figure>\n<\/figure>\n\n\n\n<figure class=\"wp-block-gallery has-nested-images columns-default is-cropped wp-block-gallery-2 is-layout-flex wp-block-gallery-is-layout-flex\">\n<figure class=\"wp-block-image size-large\"><img loading=\"lazy\" decoding=\"async\" width=\"770\" height=\"1024\" data-id=\"9762\" src=\"https:\/\/prensa.sma.gob.ar\/wp-content\/uploads\/2025\/09\/WhatsApp-Image-2025-09-13-at-19.26.23-1-770x1024.jpeg\" alt=\"\" class=\"wp-image-9762\" srcset=\"https:\/\/prensa.sma.gob.ar\/wp-content\/uploads\/2025\/09\/WhatsApp-Image-2025-09-13-at-19.26.23-1-770x1024.jpeg 770w, https:\/\/prensa.sma.gob.ar\/wp-content\/uploads\/2025\/09\/WhatsApp-Image-2025-09-13-at-19.26.23-1-226x300.jpeg 226w, https:\/\/prensa.sma.gob.ar\/wp-content\/uploads\/2025\/09\/WhatsApp-Image-2025-09-13-at-19.26.23-1-768x1021.jpeg 768w, https:\/\/prensa.sma.gob.ar\/wp-content\/uploads\/2025\/09\/WhatsApp-Image-2025-09-13-at-19.26.23-1-316x420.jpeg 316w, https:\/\/prensa.sma.gob.ar\/wp-content\/uploads\/2025\/09\/WhatsApp-Image-2025-09-13-at-19.26.23-1-696x925.jpeg 696w, https:\/\/prensa.sma.gob.ar\/wp-content\/uploads\/2025\/09\/WhatsApp-Image-2025-09-13-at-19.26.23-1.jpeg 963w\" sizes=\"auto, (max-width: 770px) 100vw, 770px\" \/><\/figure>\n\n\n\n<figure class=\"wp-block-image size-large\"><img loading=\"lazy\" decoding=\"async\" width=\"770\" height=\"1024\" data-id=\"9763\" src=\"https:\/\/prensa.sma.gob.ar\/wp-content\/uploads\/2025\/09\/WhatsApp-Image-2025-09-13-at-19.26.00-1-770x1024.jpeg\" alt=\"\" class=\"wp-image-9763\" srcset=\"https:\/\/prensa.sma.gob.ar\/wp-content\/uploads\/2025\/09\/WhatsApp-Image-2025-09-13-at-19.26.00-1-770x1024.jpeg 770w, https:\/\/prensa.sma.gob.ar\/wp-content\/uploads\/2025\/09\/WhatsApp-Image-2025-09-13-at-19.26.00-1-226x300.jpeg 226w, https:\/\/prensa.sma.gob.ar\/wp-content\/uploads\/2025\/09\/WhatsApp-Image-2025-09-13-at-19.26.00-1-768x1021.jpeg 768w, https:\/\/prensa.sma.gob.ar\/wp-content\/uploads\/2025\/09\/WhatsApp-Image-2025-09-13-at-19.26.00-1-316x420.jpeg 316w, https:\/\/prensa.sma.gob.ar\/wp-content\/uploads\/2025\/09\/WhatsApp-Image-2025-09-13-at-19.26.00-1-696x925.jpeg 696w, https:\/\/prensa.sma.gob.ar\/wp-content\/uploads\/2025\/09\/WhatsApp-Image-2025-09-13-at-19.26.00-1.jpeg 963w\" sizes=\"auto, (max-width: 770px) 100vw, 770px\" \/><\/figure>\n\n\n\n<figure class=\"wp-block-image size-large\"><img loading=\"lazy\" decoding=\"async\" width=\"770\" height=\"1024\" data-id=\"9765\" src=\"https:\/\/prensa.sma.gob.ar\/wp-content\/uploads\/2025\/09\/WhatsApp-Image-2025-09-13-at-19.25.54-770x1024.jpeg\" alt=\"\" class=\"wp-image-9765\" srcset=\"https:\/\/prensa.sma.gob.ar\/wp-content\/uploads\/2025\/09\/WhatsApp-Image-2025-09-13-at-19.25.54-770x1024.jpeg 770w, https:\/\/prensa.sma.gob.ar\/wp-content\/uploads\/2025\/09\/WhatsApp-Image-2025-09-13-at-19.25.54-226x300.jpeg 226w, https:\/\/prensa.sma.gob.ar\/wp-content\/uploads\/2025\/09\/WhatsApp-Image-2025-09-13-at-19.25.54-768x1021.jpeg 768w, https:\/\/prensa.sma.gob.ar\/wp-content\/uploads\/2025\/09\/WhatsApp-Image-2025-09-13-at-19.25.54-316x420.jpeg 316w, https:\/\/prensa.sma.gob.ar\/wp-content\/uploads\/2025\/09\/WhatsApp-Image-2025-09-13-at-19.25.54-696x925.jpeg 696w, https:\/\/prensa.sma.gob.ar\/wp-content\/uploads\/2025\/09\/WhatsApp-Image-2025-09-13-at-19.25.54.jpeg 963w\" sizes=\"auto, (max-width: 770px) 100vw, 770px\" \/><\/figure>\n<\/figure>\n\n\n\n<figure class=\"wp-block-gallery has-nested-images columns-default is-cropped wp-block-gallery-3 is-layout-flex wp-block-gallery-is-layout-flex\">\n<figure class=\"wp-block-image size-large\"><img loading=\"lazy\" decoding=\"async\" width=\"770\" height=\"1024\" data-id=\"9766\" src=\"https:\/\/prensa.sma.gob.ar\/wp-content\/uploads\/2025\/09\/WhatsApp-Image-2025-09-13-at-19.25.57-1-770x1024.jpeg\" alt=\"\" class=\"wp-image-9766\" srcset=\"https:\/\/prensa.sma.gob.ar\/wp-content\/uploads\/2025\/09\/WhatsApp-Image-2025-09-13-at-19.25.57-1-770x1024.jpeg 770w, https:\/\/prensa.sma.gob.ar\/wp-content\/uploads\/2025\/09\/WhatsApp-Image-2025-09-13-at-19.25.57-1-226x300.jpeg 226w, https:\/\/prensa.sma.gob.ar\/wp-content\/uploads\/2025\/09\/WhatsApp-Image-2025-09-13-at-19.25.57-1-768x1021.jpeg 768w, https:\/\/prensa.sma.gob.ar\/wp-content\/uploads\/2025\/09\/WhatsApp-Image-2025-09-13-at-19.25.57-1-316x420.jpeg 316w, https:\/\/prensa.sma.gob.ar\/wp-content\/uploads\/2025\/09\/WhatsApp-Image-2025-09-13-at-19.25.57-1-696x925.jpeg 696w, https:\/\/prensa.sma.gob.ar\/wp-content\/uploads\/2025\/09\/WhatsApp-Image-2025-09-13-at-19.25.57-1.jpeg 963w\" sizes=\"auto, (max-width: 770px) 100vw, 770px\" \/><\/figure>\n\n\n\n<figure class=\"wp-block-image size-large\"><img loading=\"lazy\" decoding=\"async\" width=\"1024\" height=\"770\" data-id=\"9767\" src=\"https:\/\/prensa.sma.gob.ar\/wp-content\/uploads\/2025\/09\/WhatsApp-Image-2025-09-13-at-19.25.55-1-1024x770.jpeg\" alt=\"\" class=\"wp-image-9767\" srcset=\"https:\/\/prensa.sma.gob.ar\/wp-content\/uploads\/2025\/09\/WhatsApp-Image-2025-09-13-at-19.25.55-1-1024x770.jpeg 1024w, https:\/\/prensa.sma.gob.ar\/wp-content\/uploads\/2025\/09\/WhatsApp-Image-2025-09-13-at-19.25.55-1-300x226.jpeg 300w, https:\/\/prensa.sma.gob.ar\/wp-content\/uploads\/2025\/09\/WhatsApp-Image-2025-09-13-at-19.25.55-1-768x578.jpeg 768w, https:\/\/prensa.sma.gob.ar\/wp-content\/uploads\/2025\/09\/WhatsApp-Image-2025-09-13-at-19.25.55-1-558x420.jpeg 558w, https:\/\/prensa.sma.gob.ar\/wp-content\/uploads\/2025\/09\/WhatsApp-Image-2025-09-13-at-19.25.55-1-80x60.jpeg 80w, https:\/\/prensa.sma.gob.ar\/wp-content\/uploads\/2025\/09\/WhatsApp-Image-2025-09-13-at-19.25.55-1-696x524.jpeg 696w, https:\/\/prensa.sma.gob.ar\/wp-content\/uploads\/2025\/09\/WhatsApp-Image-2025-09-13-at-19.25.55-1-1068x804.jpeg 1068w, https:\/\/prensa.sma.gob.ar\/wp-content\/uploads\/2025\/09\/WhatsApp-Image-2025-09-13-at-19.25.55-1.jpeg 1280w\" sizes=\"auto, (max-width: 1024px) 100vw, 1024px\" \/><\/figure>\n<\/figure>\n","protected":false},"excerpt":{"rendered":"<p>Funcionarios municipales, autoridades y miembros de la comunidad Curruhuinca y t\u00e9cnicos de la Subsecretar\u00eda de Producci\u00f3n de la provincia de Neuqu\u00e9n recorrieron la zona donde se realizar\u00e1n las obras de mejoramiento del sistema de agua en los parajes Payla Menuko y Newen Antug. Esta visita se enmarca en las reuniones y recorridas previas que los [&hellip;]<\/p>\n","protected":false},"author":2,"featured_media":9760,"comment_status":"closed","ping_status":"open","sticky":false,"template":"","format":"standard","meta":{"footnotes":""},"categories":[16,11,14],"tags":[],"class_list":{"0":"post-9746","1":"post","2":"type-post","3":"status-publish","4":"format-standard","5":"has-post-thumbnail","7":"category-destacadas","8":"category-gobierno","9":"category-noticias"},"_links":{"self":[{"href":"https:\/\/prensa.sma.gob.ar\/index.php?rest_route=\/wp\/v2\/posts\/9746","targetHints":{"allow":["GET"]}}],"collection":[{"href":"https:\/\/prensa.sma.gob.ar\/index.php?rest_route=\/wp\/v2\/posts"}],"about":[{"href":"https:\/\/prensa.sma.gob.ar\/index.php?rest_route=\/wp\/v2\/types\/post"}],"author":[{"embeddable":true,"href":"https:\/\/prensa.sma.gob.ar\/index.php?rest_route=\/wp\/v2\/users\/2"}],"replies":[{"embeddable":true,"href":"https:\/\/prensa.sma.gob.ar\/index.php?rest_route=%2Fwp%2Fv2%2Fcomments&post=9746"}],"version-history":[{"count":3,"href":"https:\/\/prensa.sma.gob.ar\/index.php?rest_route=\/wp\/v2\/posts\/9746\/revisions"}],"predecessor-version":[{"id":9770,"href":"https:\/\/prensa.sma.gob.ar\/index.php?rest_route=\/wp\/v2\/posts\/9746\/revisions\/9770"}],"wp:featuredmedia":[{"embeddable":true,"href":"https:\/\/prensa.sma.gob.ar\/index.php?rest_route=\/wp\/v2\/media\/9760"}],"wp:attachment":[{"href":"https:\/\/prensa.sma.gob.ar\/index.php?rest_route=%2Fwp%2Fv2%2Fmedia&parent=9746"}],"wp:term":[{"taxonomy":"category","embeddable":true,"href":"https:\/\/prensa.sma.gob.ar\/index.php?rest_route=%2Fwp%2Fv2%2Fcategories&post=9746"},{"taxonomy":"post_tag","embeddable":true,"href":"https:\/\/prensa.sma.gob.ar\/index.php?rest_route=%2Fwp%2Fv2%2Ftags&post=9746"}],"curies":[{"name":"wp","href":"https:\/\/api.w.org\/{rel}","templated":true}]}}