{"id":9803,"date":"2025-09-15T17:11:47","date_gmt":"2025-09-15T17:11:47","guid":{"rendered":"https:\/\/prensa.sma.gob.ar\/?p=9803"},"modified":"2025-09-15T17:11:48","modified_gmt":"2025-09-15T17:11:48","slug":"con-mas-del-52-de-apoyo-fue-electa-la-nueva-comision-vecinal-del-vamep-36","status":"publish","type":"post","link":"https:\/\/prensa.sma.gob.ar\/?p=9803","title":{"rendered":"Con m\u00e1s del 52% de apoyo, fue electa la nueva Comisi\u00f3n Vecinal del Vamep 36"},"content":{"rendered":"\n<p>El barrio Vamep 36 ya tiene su nueva Comisi\u00f3n Vecinal tras las elecciones de este domingo que cont\u00f3 con el apoyo del 52,83% a la lista que se present\u00f3.<\/p>\n\n\n\n<p>La nueva comisi\u00f3n est\u00e1 integrada por Juan Carlos Faundez, Javier Valdevenito, Liliana Navarrete, Basilio Foser y Sergio Lagos, en sus cargos titulares.<\/p>\n\n\n\n<p>En las elecciones, que se realizaron este domingo, entre las 11 y las 14, en la sede vecinal, votaron 56 personas de las 106 empadronadas, sin votos nulos ni en blanco. El apoyo de vecinas y vecinos fue muy bien recibido por las y los integrantes de la lista que asumir\u00e1 a partir de ahora la representatividad del barrio.<\/p>\n\n\n\n<p>Las elecciones estuvieron fiscalizadas por la Junta Electoral, presidida por la subsecretaria de Juntas Vecinales, Lorena Gonz\u00e1lez; por la fiscal de la lista \u00fanica, Nieves Novoa; y por Noelia Galdames y \u00c1ngel Costa, del Consejo de Juntas Vecinales.<\/p>\n\n\n\n<figure class=\"wp-block-gallery has-nested-images columns-default is-cropped wp-block-gallery-1 is-layout-flex wp-block-gallery-is-layout-flex\">\n<figure class=\"wp-block-image size-large\"><img loading=\"lazy\" decoding=\"async\" width=\"768\" height=\"1024\" data-id=\"9805\" src=\"https:\/\/prensa.sma.gob.ar\/wp-content\/uploads\/2025\/09\/WhatsApp-Image-2025-09-15-at-08.16.01-3-768x1024.jpeg\" alt=\"\" class=\"wp-image-9805\" srcset=\"https:\/\/prensa.sma.gob.ar\/wp-content\/uploads\/2025\/09\/WhatsApp-Image-2025-09-15-at-08.16.01-3-768x1024.jpeg 768w, https:\/\/prensa.sma.gob.ar\/wp-content\/uploads\/2025\/09\/WhatsApp-Image-2025-09-15-at-08.16.01-3-225x300.jpeg 225w, https:\/\/prensa.sma.gob.ar\/wp-content\/uploads\/2025\/09\/WhatsApp-Image-2025-09-15-at-08.16.01-3-1152x1536.jpeg 1152w, https:\/\/prensa.sma.gob.ar\/wp-content\/uploads\/2025\/09\/WhatsApp-Image-2025-09-15-at-08.16.01-3-315x420.jpeg 315w, https:\/\/prensa.sma.gob.ar\/wp-content\/uploads\/2025\/09\/WhatsApp-Image-2025-09-15-at-08.16.01-3-696x928.jpeg 696w, https:\/\/prensa.sma.gob.ar\/wp-content\/uploads\/2025\/09\/WhatsApp-Image-2025-09-15-at-08.16.01-3-1068x1424.jpeg 1068w, https:\/\/prensa.sma.gob.ar\/wp-content\/uploads\/2025\/09\/WhatsApp-Image-2025-09-15-at-08.16.01-3.jpeg 1200w\" sizes=\"auto, (max-width: 768px) 100vw, 768px\" \/><\/figure>\n\n\n\n<figure class=\"wp-block-image size-large\"><img loading=\"lazy\" decoding=\"async\" width=\"768\" height=\"1024\" data-id=\"9806\" src=\"https:\/\/prensa.sma.gob.ar\/wp-content\/uploads\/2025\/09\/WhatsApp-Image-2025-09-15-at-08.16.01-2-768x1024.jpeg\" alt=\"\" class=\"wp-image-9806\" srcset=\"https:\/\/prensa.sma.gob.ar\/wp-content\/uploads\/2025\/09\/WhatsApp-Image-2025-09-15-at-08.16.01-2-768x1024.jpeg 768w, https:\/\/prensa.sma.gob.ar\/wp-content\/uploads\/2025\/09\/WhatsApp-Image-2025-09-15-at-08.16.01-2-225x300.jpeg 225w, https:\/\/prensa.sma.gob.ar\/wp-content\/uploads\/2025\/09\/WhatsApp-Image-2025-09-15-at-08.16.01-2-1152x1536.jpeg 1152w, https:\/\/prensa.sma.gob.ar\/wp-content\/uploads\/2025\/09\/WhatsApp-Image-2025-09-15-at-08.16.01-2-315x420.jpeg 315w, https:\/\/prensa.sma.gob.ar\/wp-content\/uploads\/2025\/09\/WhatsApp-Image-2025-09-15-at-08.16.01-2-696x928.jpeg 696w, https:\/\/prensa.sma.gob.ar\/wp-content\/uploads\/2025\/09\/WhatsApp-Image-2025-09-15-at-08.16.01-2-1068x1424.jpeg 1068w, https:\/\/prensa.sma.gob.ar\/wp-content\/uploads\/2025\/09\/WhatsApp-Image-2025-09-15-at-08.16.01-2.jpeg 1200w\" sizes=\"auto, (max-width: 768px) 100vw, 768px\" \/><\/figure>\n\n\n\n<figure class=\"wp-block-image size-large\"><img loading=\"lazy\" decoding=\"async\" width=\"768\" height=\"1024\" data-id=\"9807\" src=\"https:\/\/prensa.sma.gob.ar\/wp-content\/uploads\/2025\/09\/WhatsApp-Image-2025-09-15-at-08.16.01-1-768x1024.jpeg\" alt=\"\" class=\"wp-image-9807\" srcset=\"https:\/\/prensa.sma.gob.ar\/wp-content\/uploads\/2025\/09\/WhatsApp-Image-2025-09-15-at-08.16.01-1-768x1024.jpeg 768w, https:\/\/prensa.sma.gob.ar\/wp-content\/uploads\/2025\/09\/WhatsApp-Image-2025-09-15-at-08.16.01-1-225x300.jpeg 225w, https:\/\/prensa.sma.gob.ar\/wp-content\/uploads\/2025\/09\/WhatsApp-Image-2025-09-15-at-08.16.01-1-1152x1536.jpeg 1152w, https:\/\/prensa.sma.gob.ar\/wp-content\/uploads\/2025\/09\/WhatsApp-Image-2025-09-15-at-08.16.01-1-315x420.jpeg 315w, https:\/\/prensa.sma.gob.ar\/wp-content\/uploads\/2025\/09\/WhatsApp-Image-2025-09-15-at-08.16.01-1-696x928.jpeg 696w, https:\/\/prensa.sma.gob.ar\/wp-content\/uploads\/2025\/09\/WhatsApp-Image-2025-09-15-at-08.16.01-1-1068x1424.jpeg 1068w, https:\/\/prensa.sma.gob.ar\/wp-content\/uploads\/2025\/09\/WhatsApp-Image-2025-09-15-at-08.16.01-1.jpeg 1200w\" sizes=\"auto, (max-width: 768px) 100vw, 768px\" \/><\/figure>\n<\/figure>\n","protected":false},"excerpt":{"rendered":"<p>El barrio Vamep 36 ya tiene su nueva Comisi\u00f3n Vecinal tras las elecciones de este domingo que cont\u00f3 con el apoyo del 52,83% a la lista que se present\u00f3. La nueva comisi\u00f3n est\u00e1 integrada por Juan Carlos Faundez, Javier Valdevenito, Liliana Navarrete, Basilio Foser y Sergio Lagos, en sus cargos titulares. En las elecciones, que [&hellip;]<\/p>\n","protected":false},"author":2,"featured_media":9804,"comment_status":"closed","ping_status":"open","sticky":false,"template":"","format":"standard","meta":{"footnotes":""},"categories":[16,11,39,14],"tags":[],"class_list":{"0":"post-9803","1":"post","2":"type-post","3":"status-publish","4":"format-standard","5":"has-post-thumbnail","7":"category-destacadas","8":"category-gobierno","9":"category-subs-juntas-vecinales","10":"category-noticias"},"_links":{"self":[{"href":"https:\/\/prensa.sma.gob.ar\/index.php?rest_route=\/wp\/v2\/posts\/9803","targetHints":{"allow":["GET"]}}],"collection":[{"href":"https:\/\/prensa.sma.gob.ar\/index.php?rest_route=\/wp\/v2\/posts"}],"about":[{"href":"https:\/\/prensa.sma.gob.ar\/index.php?rest_route=\/wp\/v2\/types\/post"}],"author":[{"embeddable":true,"href":"https:\/\/prensa.sma.gob.ar\/index.php?rest_route=\/wp\/v2\/users\/2"}],"replies":[{"embeddable":true,"href":"https:\/\/prensa.sma.gob.ar\/index.php?rest_route=%2Fwp%2Fv2%2Fcomments&post=9803"}],"version-history":[{"count":1,"href":"https:\/\/prensa.sma.gob.ar\/index.php?rest_route=\/wp\/v2\/posts\/9803\/revisions"}],"predecessor-version":[{"id":9808,"href":"https:\/\/prensa.sma.gob.ar\/index.php?rest_route=\/wp\/v2\/posts\/9803\/revisions\/9808"}],"wp:featuredmedia":[{"embeddable":true,"href":"https:\/\/prensa.sma.gob.ar\/index.php?rest_route=\/wp\/v2\/media\/9804"}],"wp:attachment":[{"href":"https:\/\/prensa.sma.gob.ar\/index.php?rest_route=%2Fwp%2Fv2%2Fmedia&parent=9803"}],"wp:term":[{"taxonomy":"category","embeddable":true,"href":"https:\/\/prensa.sma.gob.ar\/index.php?rest_route=%2Fwp%2Fv2%2Fcategories&post=9803"},{"taxonomy":"post_tag","embeddable":true,"href":"https:\/\/prensa.sma.gob.ar\/index.php?rest_route=%2Fwp%2Fv2%2Ftags&post=9803"}],"curies":[{"name":"wp","href":"https:\/\/api.w.org\/{rel}","templated":true}]}}